{"id":1621,"date":"2021-05-13T04:37:55","date_gmt":"2021-05-13T02:37:55","guid":{"rendered":"http:\/\/www.infokuryr.cz\/n\/?p=1621"},"modified":"2021-05-13T04:37:55","modified_gmt":"2021-05-13T02:37:55","slug":"sef-osn-uvedl-ze-je-sputnik-v-take-jeden-z-klicovych-prvku-ktere-pomohou-vyresit-problem-ockovani","status":"publish","type":"post","link":"https:\/\/www.infokuryr.cz\/n\/2021\/05\/13\/sef-osn-uvedl-ze-je-sputnik-v-take-jeden-z-klicovych-prvku-ktere-pomohou-vyresit-problem-ockovani\/","title":{"rendered":"\u0160\u00e9f OSN uvedl, \u017ee je Sputnik V tak\u00e9 jeden z kl\u00ed\u010dov\u00fdch prvk\u016f, kter\u00e9 pomohou vy\u0159e\u0161it probl\u00e9m o\u010dkov\u00e1n\u00ed"},"content":{"rendered":"<div id=\"fb-root\"><\/div>\n<p><strong>Gener\u00e1ln\u00ed tajemn\u00edk OSN Ant\u00f3nio Guterres okomentoval na tiskov\u00e9 konferenci po jedn\u00e1n\u00ed s rusk\u00fdm ministrem zahrani\u010d\u00ed aktu\u00e1ln\u00ed t\u00e9mata ve sv\u011bt\u011b. Vyj\u00e1d\u0159il se k rusk\u00e9 vakc\u00edn\u011b Sputnik V, pandemii a takt\u00e9\u017e konfliktu mezi Izraelem a Palestinou.<\/strong><\/p>\n<p>Gener\u00e1ln\u00ed tajemn\u00edk OSN\u00a0<strong>Ant\u00f3nio Guterres<\/strong>\u00a0uvedl, \u017ee prob\u00edh\u00e1 proces uzn\u00e1n\u00ed rusk\u00e9 vakc\u00edny Sputnik V proti koronaviru Sv\u011btovou zdravotnickou organizac\u00ed (WHO).<\/p>\n<p>\u201eSamoz\u0159ejm\u011b bychom uv\u00edtali uzn\u00e1n\u00ed vakc\u00edny Sputnik V Sv\u011btovou zdravotnickou organizac\u00ed. V\u00edm, \u017ee takov\u00fd proces prob\u00edh\u00e1. Velmi si v\u00e1\u017e\u00edme toho, \u017ee Rusk\u00e1 federace poskytla p\u0159\u00edle\u017eitost o\u010dkovat zam\u011bstnance OSN vakc\u00ednou Sputnik V. To je velmi dobr\u00e9 znamen\u00ed. V\u011b\u0159\u00edme, \u017ee Sputnik V je tak\u00e9 jedn\u00edm z kl\u00ed\u010dov\u00fdch prvk\u016f, kter\u00e9 pomohou vy\u0159e\u0161it probl\u00e9m o\u010dkov\u00e1n\u00ed,\u201c konstatoval po jedn\u00e1n\u00ed s rusk\u00fdm ministrem zahrani\u010d\u00ed Sergejem Lavrovem v Moskv\u011b.<\/p>\n<p>Zopakoval, \u017ee je vd\u011b\u010dn\u00fd Rusku za v\u00fdvoj\u00a0vakc\u00edny proti koronaviru\u00a0a za mo\u017enost o\u010dkov\u00e1n\u00ed pracovn\u00edk\u016f OSN rusk\u00fdm prepar\u00e1tem.\u00a0<em>\u201eD\u011bkuji Rusku, pokud jde o v\u00fdzkum a v\u00fdvoj vakc\u00edny proti koronaviru, jako\u017e i za poskytnut\u00ed mo\u017enosti z\u00edskat vakc\u00ednu pro pracovn\u00edky OSN,\u201c\u00a0<\/em>uvedl.<\/p>\n<p>Guterres d\u0159\u00edve nal\u00e9hal na pracovn\u00edky OSN v zem\u00edch, kde byla schv\u00e1lena rusk\u00e1 vakc\u00edna\u00a0Sputnik V,\u00a0aby se touto vakc\u00ednou o\u010dkovali. Za velkou chybu ozna\u010dil tak\u00e9 politiku \u201evakc\u00ednov\u00e9ho nacionalismu\u201c.<\/p>\n<p><strong>Situace v Izraeli<\/strong><\/p>\n<p>Gener\u00e1ln\u00ed tajemn\u00edk OSN neopomn\u011bl ani\u00a0situaci v Izraeli. Podle jeho slov je nutn\u00e1 deeskalace konfliktu mezi Izraelem a Palestinou.<\/p>\n<p>\u201eNyn\u00ed se mus\u00edme sna\u017eit deeskalovat konflikt, abychom ochr\u00e1nili \u017eivoty civilist\u016f, kte\u0159\u00ed za t\u011bchto absolutn\u011b nep\u0159ijateln\u00fdch okolnost\u00ed um\u00edraj\u00ed,\u201c \u0159ekl a ozna\u010dil eskalaci situace v palestinsko-izraelsk\u00e9m konfliktu za dramatickou.<\/p>\n<p>V t\u00e9to souvislosti p\u0159ipomn\u011bl gener\u00e1ln\u00ed tajemn\u00edk OSN svou v\u00fdzvu ke glob\u00e1ln\u00edmu p\u0159\u00edm\u011b\u0159\u00ed.<\/p>\n<p>V neposledn\u00ed \u0159ad\u011b Guterres ozna\u010dil jednotu Rady bezpe\u010dnosti OSN za d\u016fle\u017eit\u00fd faktor urovn\u00e1n\u00ed situace na Bl\u00edzk\u00e9m v\u00fdchod\u011b.\u00a0<em>\u201eJednota Rady bezpe\u010dnosti OSN je velmi d\u016fle\u017eit\u00fdm faktorem pro \u0159e\u0161en\u00ed situace na Bl\u00edzk\u00e9m v\u00fdchod\u011b ve v\u0161ech situac\u00edch,\u201c<\/em>\u00a0uvedl.<\/p>\n<p>Guterresova n\u00e1v\u0161t\u011bva Moskvy, kde se setkal s\u00a0rusk\u00fdm ministrem zahrani\u010d\u00ed Sergejem Lavrovem, potrv\u00e1 do 14. kv\u011btna.<\/p>\n<p><a href=\"https:\/\/cz.sputniknews.com\/20210512\/sef-osn-uvedl-ze-je-sputnik-v-take-jeden-z-klicovych-prvku-ktere-pomohou-vyresit-problem-ockovani-14466367.html\">ZDROJ<\/a><\/p>\n<p>&nbsp;<\/p>\n","protected":false},"excerpt":{"rendered":"<p>Gener\u00e1ln\u00ed tajemn\u00edk OSN Ant\u00f3nio Guterres okomentoval na tiskov\u00e9 konferenci po jedn\u00e1n\u00ed s rusk\u00fdm ministrem zahrani\u010d\u00ed&#8230;<\/p>\n","protected":false},"author":2,"featured_media":1622,"comment_status":"closed","ping_status":"closed","sticky":false,"template":"","format":"standard","meta":[],"categories":[7],"tags":[334,107,186,22,74],"_links":{"self":[{"href":"https:\/\/www.infokuryr.cz\/n\/wp-json\/wp\/v2\/posts\/1621"}],"collection":[{"href":"https:\/\/www.infokuryr.cz\/n\/wp-json\/wp\/v2\/posts"}],"about":[{"href":"https:\/\/www.infokuryr.cz\/n\/wp-json\/wp\/v2\/types\/post"}],"author":[{"embeddable":true,"href":"https:\/\/www.infokuryr.cz\/n\/wp-json\/wp\/v2\/users\/2"}],"replies":[{"embeddable":true,"href":"https:\/\/www.infokuryr.cz\/n\/wp-json\/wp\/v2\/comments?post=1621"}],"version-history":[{"count":0,"href":"https:\/\/www.infokuryr.cz\/n\/wp-json\/wp\/v2\/posts\/1621\/revisions"}],"wp:featuredmedia":[{"embeddable":true,"href":"https:\/\/www.infokuryr.cz\/n\/wp-json\/wp\/v2\/media\/1622"}],"wp:attachment":[{"href":"https:\/\/www.infokuryr.cz\/n\/wp-json\/wp\/v2\/media?parent=1621"}],"wp:term":[{"taxonomy":"category","embeddable":true,"href":"https:\/\/www.infokuryr.cz\/n\/wp-json\/wp\/v2\/categories?post=1621"},{"taxonomy":"post_tag","embeddable":true,"href":"https:\/\/www.infokuryr.cz\/n\/wp-json\/wp\/v2\/tags?post=1621"}],"curies":[{"name":"wp","href":"https:\/\/api.w.org\/{rel}","templated":true}]}}