{"id":16199,"date":"2022-10-04T10:55:39","date_gmt":"2022-10-04T08:55:39","guid":{"rendered":"http:\/\/www.infokuryr.cz\/n\/?p=16199"},"modified":"2022-10-04T10:55:39","modified_gmt":"2022-10-04T08:55:39","slug":"rada-federace-schvalila-vstup-dlr-lpr-chersonske-a-zaporozske-oblasti-do-ruska","status":"publish","type":"post","link":"https:\/\/www.infokuryr.cz\/n\/2022\/10\/04\/rada-federace-schvalila-vstup-dlr-lpr-chersonske-a-zaporozske-oblasti-do-ruska\/","title":{"rendered":"Rada federace schv\u00e1lila vstup DLR, LPR, Chersonsk\u00e9 a Z\u00e1poro\u017esk\u00e9 oblasti do Ruska"},"content":{"rendered":"<div id=\"fb-root\"><\/div>\n<p class=\"lead\"><span>Ru\u0161t\u00ed sen\u00e1to\u0159i na plen\u00e1rn\u00edm zased\u00e1n\u00ed v \u00fater\u00fd 4. \u0159\u00edjna ratifikovali dohody s Don\u011bckou (DPR) a Luganskou (LPR) lidov\u00fdmi republikami, Chersonskou a Z\u00e1poro\u017eskou oblast\u00ed o jejich vstupu do Rusk\u00e9 federace.<\/span><\/p>\n<p><span>Jak uvedla m\u00e9dia<\/span><span>\u00a0, n\u00e1vrhy z\u00e1kon\u016f o ratifikaci ji\u017e d\u0159\u00edve p\u0159edlo\u017eil St\u00e1tn\u00ed dum\u011b rusk\u00fd prezident\u00a0<\/span><strong><span>Vladimir Putin<\/span><\/strong><span>\u00a0a\u00a0<\/span><span>z\u00e1konod\u00e1rn\u00fd sbor je schv\u00e1lil den p\u0159edt\u00edm<\/span><span>\u00a0.<\/span><\/p>\n<p><span>Podle dokument\u016f jsou hranice \u00fazem\u00ed DPR, LPR Chersonsk\u00e9 a Z\u00e1poro\u017esk\u00e9 oblasti ur\u010deny hranicemi v den jejich vzniku a v den jejich p\u0159ijet\u00ed do Ruska.\u00a0P\u0159itom hranice DPR, LPR, Chersonsk\u00e9 a Z\u00e1poro\u017esk\u00e9 oblasti, soused\u00edc\u00ed s \u00fazem\u00edm ciz\u00edho st\u00e1tu, jsou st\u00e1tn\u00edmi hranicemi Ruska.<\/span><\/p>\n<p><span>Ode dne p\u0159ijet\u00ed nov\u00fdch subjekt\u016f do Rusk\u00e9 federace se za ob\u010dany Ruska uzn\u00e1vaj\u00ed ob\u010dan\u00e9 Ukrajiny a osoby bez st\u00e1tn\u00ed p\u0159\u00edslu\u0161nosti trvale pob\u00fdvaj\u00edc\u00ed k tomuto dni na \u00fazem\u00ed subjekt\u016f, s v\u00fdjimkou osob, kter\u00e9 do jednoho m\u011bs\u00edce po tomto dni , prohla\u0161uj\u00ed, \u017ee si p\u0159ej\u00ed zachovat sv\u00e9 st\u00e1vaj\u00edc\u00ed a (nebo) jejich nezletil\u00e9 d\u011bti maj\u00ed jin\u00e9 ob\u010danstv\u00ed nebo z\u016fstat bez st\u00e1tn\u00ed p\u0159\u00edslu\u0161nosti.<\/span><\/p>\n<p><img decoding=\"async\" loading=\"lazy\" class=\"alignnone size-full wp-image-1185\" src=\"http:\/\/www.infokuryr.cz\/n\/wp-content\/uploads\/2021\/04\/kuryr-podpis.png\" alt=\"\" width=\"84\" height=\"24\" \/><\/p>\n<p>&nbsp;<\/p>\n","protected":false},"excerpt":{"rendered":"<p>Ru\u0161t\u00ed sen\u00e1to\u0159i na plen\u00e1rn\u00edm zased\u00e1n\u00ed v \u00fater\u00fd 4. \u0159\u00edjna ratifikovali dohody s Don\u011bckou (DPR) a&#8230;<\/p>\n","protected":false},"author":2,"featured_media":16200,"comment_status":"closed","ping_status":"closed","sticky":false,"template":"","format":"standard","meta":[],"categories":[7],"tags":[3496,3495,885,22,1947],"_links":{"self":[{"href":"https:\/\/www.infokuryr.cz\/n\/wp-json\/wp\/v2\/posts\/16199"}],"collection":[{"href":"https:\/\/www.infokuryr.cz\/n\/wp-json\/wp\/v2\/posts"}],"about":[{"href":"https:\/\/www.infokuryr.cz\/n\/wp-json\/wp\/v2\/types\/post"}],"author":[{"embeddable":true,"href":"https:\/\/www.infokuryr.cz\/n\/wp-json\/wp\/v2\/users\/2"}],"replies":[{"embeddable":true,"href":"https:\/\/www.infokuryr.cz\/n\/wp-json\/wp\/v2\/comments?post=16199"}],"version-history":[{"count":0,"href":"https:\/\/www.infokuryr.cz\/n\/wp-json\/wp\/v2\/posts\/16199\/revisions"}],"wp:featuredmedia":[{"embeddable":true,"href":"https:\/\/www.infokuryr.cz\/n\/wp-json\/wp\/v2\/media\/16200"}],"wp:attachment":[{"href":"https:\/\/www.infokuryr.cz\/n\/wp-json\/wp\/v2\/media?parent=16199"}],"wp:term":[{"taxonomy":"category","embeddable":true,"href":"https:\/\/www.infokuryr.cz\/n\/wp-json\/wp\/v2\/categories?post=16199"},{"taxonomy":"post_tag","embeddable":true,"href":"https:\/\/www.infokuryr.cz\/n\/wp-json\/wp\/v2\/tags?post=16199"}],"curies":[{"name":"wp","href":"https:\/\/api.w.org\/{rel}","templated":true}]}}