{"id":16196,"date":"2022-10-04T10:41:28","date_gmt":"2022-10-04T08:41:28","guid":{"rendered":"http:\/\/www.infokuryr.cz\/n\/?p=16196"},"modified":"2022-10-04T10:41:28","modified_gmt":"2022-10-04T08:41:28","slug":"nord-stream-lze-opravit-vcas-s-vyuzitim-potrubi-ktere-je-ulozene-na-rujane","status":"publish","type":"post","link":"https:\/\/www.infokuryr.cz\/n\/2022\/10\/04\/nord-stream-lze-opravit-vcas-s-vyuzitim-potrubi-ktere-je-ulozene-na-rujane\/","title":{"rendered":"Nord Stream lze opravit v\u010das s vyu\u017eit\u00edm potrub\u00ed, kter\u00e9 je ulo\u017een\u00e9 na Ruj\u00e1n\u011b"},"content":{"rendered":"<div id=\"fb-root\"><\/div>\n<p>Hlavn\u00ed ot\u00e1zka ov\u0161em je, zda je politick\u00e1 v\u016fle k podobn\u00e9mu kroku. Nyn\u00ed se sp\u00ed\u0161 zd\u00e1, \u017ee tomu tak nen\u00ed. Zat\u00edmco z N\u011bmecka se toti\u017e oz\u00fdvaj\u00ed hlasy, kter\u00e9 tvrd\u00ed, \u017ee je oprava nemo\u017en\u00e1, z Ruska p\u0159ich\u00e1z\u00ed zcela protich\u016fdn\u00e1 informace.<\/p>\n<p>Nord Stream 1 a Nord Stream 2 lze technicky opravit, \u0159ekl rusk\u00fd vicepremi\u00e9r Aleksander Novak na televizn\u00edm kan\u00e1lu Rossija 1 .<\/p>\n<p><a href=\"https:\/\/unser-mitteleuropa.com\/nord-stream-kann-zeitnah-repariert-werden-pipeline-roehren-lager-auf-ruegen\/\">Podle \u010dl\u00e1nku<\/a>\u00a0z 15. b\u0159ezna je v p\u0159\u00edstavu Mukran, Sassnitz na v\u00fdchod\u011b ostrova Ruj\u00e1na, 5 000 zbrusu nov\u00fdch potrub\u00ed pro dopravu zemn\u00edho plynu pro Nord Stream 2. To by ve skute\u010dnosti m\u011blo dostat feder\u00e1ln\u00ed vl\u00e1du pod tlak, aby zah\u00e1jila n\u00e1pravn\u00e1 opat\u0159en\u00ed.<\/p>\n<p>D\u00e1nsko cel\u00e9 m\u011bs\u00edce odm\u00edtalo v\u00fdstavbu Nord Stream 2 ve sv\u00fdch vod\u00e1ch. Nord Stream 2 AG p\u0159ijal opat\u0159en\u00ed a napl\u00e1noval odpov\u00eddaj\u00edc\u00ed m\u00edstn\u00ed obchvat. V t\u00e9 dob\u011b spole\u010dnost tak\u00e9 objednala tis\u00edce dal\u0161\u00edch trubek.<\/p>\n<p>V lednu 2021 energetick\u00fd \u00fa\u0159ad v Kodani kone\u010dn\u011b vydal stavebn\u00ed povolen\u00ed, ale v t\u00e9 dob\u011b ji\u017e byly dod\u00e1ny dal\u0161\u00ed trubky, zabetonov\u00e1ny a ulo\u017eeny na Ruj\u00e1n\u011b.<\/p>\n<p>Rusk\u00fd vicepremi\u00e9r Novak na ot\u00e1zku, zda by voda prosakuj\u00edc\u00ed skrz net\u011bsnosti mohla vy\u0159adit veden\u00ed nav\u017edy z provozu, odpov\u011bd\u011bl Rossija1, \u017ee i kdy\u017e se takov\u00e9 nehody d\u0159\u00edve nestaly, je t\u011b\u017ek\u00e9 vyn\u00e9st definitivn\u00ed verdikt.<\/p>\n<p>Pokra\u010doval: \u201eUr\u010dit\u011b existuj\u00ed technick\u00e9 zp\u016fsoby, jak obnovit infrastrukturu, ale vy\u017eaduje to \u010das a zdroje. Jsem si jist\u00fd, \u017ee se najdou vhodn\u00e9 p\u0159\u00edle\u017eitosti.\u201c<\/p>\n<p>Zd\u016fraznil tak\u00e9, \u017ee Rusko m\u00e1 v sou\u010dasnosti p\u0159edev\u0161\u00edm z\u00e1jem zjistit, kdo zni\u010dil potrub\u00ed, p\u0159i\u010dem\u017e jako zem\u011b, kter\u00e9 maj\u00ed z\u00e1jem na odstran\u011bn\u00ed veden\u00ed Nord Stream, uvedl Polsko, Ukrajinu a Spojen\u00e9 st\u00e1ty.<\/p>\n<p>Novak \u0159ekl: \u201eDnes ch\u00e1peme, \u017ee prvn\u00ed v\u011bc, kterou je t\u0159eba objasnit, je, kdo to ud\u011blal, a jsme si jisti, \u017ee n\u011bkter\u00e9 zem\u011b, kter\u00e9 vyj\u00e1d\u0159ily sv\u016fj postoj v minulosti, v tom jsou zainteresov\u00e1ny. Jak USA, tak Ukrajina i Polsko tehdy \u0159ekly, \u017ee tato infrastruktura nebude fungovat a ud\u011blaj\u00ed v\u0161e pro to, aby tomu tak bylo, samoz\u0159ejm\u011b, \u017ee se t\u00edm mus\u00edme v\u00e1\u017en\u011b zab\u00fdvat\u201c.<\/p>\n<p>Proto\u017ee je v\u0161ak potrub\u00ed v \u201ebodech v\u00fdbuchu\u201c chr\u00e1n\u011bno proti korozi slanou vodou pouze zven\u010d\u00ed, je nyn\u00ed d\u016fle\u017eit\u00e9 potrub\u00ed opravit co nejrychleji, ne\u017e slan\u00e1 voda napadne povlak zevnit\u0159. Materi\u00e1l na to by byl k dispozici okam\u017eit\u011b a to na n\u011bmeck\u00e9 p\u016fd\u011b.<\/p>\n<p>Jak se k tomu postav\u00ed n\u011bmeck\u00e1 feder\u00e1ln\u00ed vl\u00e1da, se teprve uvid\u00ed. V\u00e1hav\u00e9 jedn\u00e1n\u00ed nebo \u017e\u00e1dn\u00e9 jedn\u00e1n\u00ed by u\u010dinilo \u201evl\u00e1du\u201c odpov\u011bdnou za nen\u00e1vratn\u00e9 zni\u010den\u00ed cel\u00e9ho ropovodu a t\u00edm i za dal\u0161\u00ed mrznut\u00ed\u00a0 Evropan\u016f nejen v leto\u0161n\u00ed zim\u011b.<\/p>\n<p><a href=\"https:\/\/unser-mitteleuropa.com\/nord-stream-kann-zeitnah-repariert-werden-pipeline-roehren-lager-auf-ruegen\/\">ZDROJ<\/a><\/p>\n<p>&nbsp;<\/p>\n","protected":false},"excerpt":{"rendered":"<p>Hlavn\u00ed ot\u00e1zka ov\u0161em je, zda je politick\u00e1 v\u016fle k podobn\u00e9mu kroku. Nyn\u00ed se sp\u00ed\u0161 zd\u00e1,&#8230;<\/p>\n","protected":false},"author":2,"featured_media":16197,"comment_status":"closed","ping_status":"closed","sticky":false,"template":"","format":"standard","meta":[],"categories":[7],"tags":[84,415,3494,215],"_links":{"self":[{"href":"https:\/\/www.infokuryr.cz\/n\/wp-json\/wp\/v2\/posts\/16196"}],"collection":[{"href":"https:\/\/www.infokuryr.cz\/n\/wp-json\/wp\/v2\/posts"}],"about":[{"href":"https:\/\/www.infokuryr.cz\/n\/wp-json\/wp\/v2\/types\/post"}],"author":[{"embeddable":true,"href":"https:\/\/www.infokuryr.cz\/n\/wp-json\/wp\/v2\/users\/2"}],"replies":[{"embeddable":true,"href":"https:\/\/www.infokuryr.cz\/n\/wp-json\/wp\/v2\/comments?post=16196"}],"version-history":[{"count":0,"href":"https:\/\/www.infokuryr.cz\/n\/wp-json\/wp\/v2\/posts\/16196\/revisions"}],"wp:featuredmedia":[{"embeddable":true,"href":"https:\/\/www.infokuryr.cz\/n\/wp-json\/wp\/v2\/media\/16197"}],"wp:attachment":[{"href":"https:\/\/www.infokuryr.cz\/n\/wp-json\/wp\/v2\/media?parent=16196"}],"wp:term":[{"taxonomy":"category","embeddable":true,"href":"https:\/\/www.infokuryr.cz\/n\/wp-json\/wp\/v2\/categories?post=16196"},{"taxonomy":"post_tag","embeddable":true,"href":"https:\/\/www.infokuryr.cz\/n\/wp-json\/wp\/v2\/tags?post=16196"}],"curies":[{"name":"wp","href":"https:\/\/api.w.org\/{rel}","templated":true}]}}