{"id":16161,"date":"2022-10-03T17:31:34","date_gmt":"2022-10-03T15:31:34","guid":{"rendered":"http:\/\/www.infokuryr.cz\/n\/?p=16161"},"modified":"2022-10-03T17:31:34","modified_gmt":"2022-10-03T15:31:34","slug":"reakce-ruska-na-zamitnuti-referenda-osn","status":"publish","type":"post","link":"https:\/\/www.infokuryr.cz\/n\/2022\/10\/03\/reakce-ruska-na-zamitnuti-referenda-osn\/","title":{"rendered":"Reakce Ruska na zam\u00edtnut\u00ed referenda OSN"},"content":{"rendered":"<div id=\"fb-root\"><\/div>\n<p><span>Za p\u0159\u00edklad dvoj\u00edho metru Rusko ozna\u010duje prohl\u00e1\u0161en\u00ed \u0161\u00e9fa OSN Guterrese o neuzn\u00e1n\u00ed referend v Lugansk\u00e9 a Don\u011bck\u00e9 lidov\u00e9 republice a tak\u00e9 v Z\u00e1poro\u017esk\u00e9 a Chersonsk\u00e9 oblasti.<\/span><br \/>\n<span>Kreml poukazuje na precedenty z minulosti.<\/span><\/p>\n<p><strong><span>Dvoj\u00ed metr ze strany OSN<\/span><\/strong><\/p>\n<p><span>St\u00e1l\u00e1 diplomatick\u00e1 mise Ruska p\u0159i OSN obvi\u0148uje gener\u00e1ln\u00edho tajemn\u00edka OSN Ant\u00f3nia Guterrese z dvoj\u00edho metru.\u00a0Guterres ozn\u00e1mil, \u017ee v\u00fdsledky referend a n\u00e1sledn\u00e9 p\u0159ijet\u00ed lidov\u00fdch republik Don\u011bck a Lugansk a Chersonsk\u00e9 a Z\u00e1poro\u017esk\u00e9 oblasti do Rusk\u00e9 federace nemohou b\u00fdt uzn\u00e1ny.<\/span><\/p>\n<p><span>Guterres zd\u016fraznil, \u017ee referenda se konala mimo pr\u00e1vn\u00ed r\u00e1mec Ukrajiny a na \u00fazem\u00ed kontrolovan\u00e9m Ruskem.<\/span><\/p>\n<p><span>Ru\u0161t\u00ed diplomat\u00e9 v t\u00e9to souvislosti p\u0159ipomn\u011bli, \u017ee gener\u00e1ln\u00ed tajemn\u00edk neu\u010dinil \u017e\u00e1dn\u00e1 podobn\u00e1 prohl\u00e1\u0161en\u00ed k akc\u00edm ukrajinsk\u00fdch sil v Donbasu po roce 2014, situaci kolem Kosova nebo \u201eokupaci \u010d\u00e1sti syrsk\u00e9ho \u00fazem\u00ed USA-NATO\u201c.<\/span><\/p>\n<p><span>&#8222;V tomto kontextu je p\u0159\u00edm\u00fd \u00fatok gener\u00e1ln\u00edho tajemn\u00edka na z\u00e1kladn\u00ed pr\u00e1vo na sebeur\u010den\u00ed lidu DLR, LPR a Chersonsk\u00e9 a Z\u00e1poro\u017esk\u00e9 oblasti dal\u0161\u00edm p\u0159\u00edkladem dvoj\u00edho metru.&#8220;<\/span><\/p>\n<p><span>Nav\u00edc prohl\u00e1\u0161en\u00ed rusk\u00e9 mise p\u0159i OSN \u0159\u00edk\u00e1, \u017ee Guterres nem\u00e1 pr\u00e1vo komentovat referenda jm\u00e9nem sv\u011btov\u00e9 organizace.\u00a0Ohledn\u011b situace na Ukrajin\u011b je gener\u00e1ln\u00ed tajemn\u00edk OSN zaujat\u00fd.<\/span><\/p>\n<p><span>Doslova st\u00e1lo: \u201eVe vztahu k situaci kolem Ukrajiny gener\u00e1ln\u00ed tajemn\u00edk OSN neust\u00e1le prokazuje stejn\u011b selektivn\u00ed p\u0159\u00edstup jako zem\u011b kolektivn\u00edho Z\u00e1padu a doslova se s nimi stav\u00ed na rove\u0148.\u201c<\/span><\/p>\n<p><span>Referenda o p\u0159ipojen\u00ed k Rusku se konala v Don\u011bck\u00e9 a Luhansk\u00e9 lidov\u00e9 republice a tak\u00e9 v Chersonsk\u00e9 a Z\u00e1poro\u017esk\u00e9 oblasti od 23. do 27. z\u00e1\u0159\u00ed v\u010detn\u011b.\u00a0Obyvatel\u00e9 oblast\u00ed toto rozhodnut\u00ed podpo\u0159ili drtivou v\u011bt\u0161inou hlas\u016f.<\/span><\/p>\n<p><a href=\"https:\/\/unser-mitteleuropa.com\/russlands-reaktion-auf-un-ablehnung-des-referendums\/\">ZDROJ<\/a><\/p>\n<p>&nbsp;<\/p>\n","protected":false},"excerpt":{"rendered":"<p>Za p\u0159\u00edklad dvoj\u00edho metru Rusko ozna\u010duje prohl\u00e1\u0161en\u00ed \u0161\u00e9fa OSN Guterrese o neuzn\u00e1n\u00ed referend v Lugansk\u00e9&#8230;<\/p>\n","protected":false},"author":2,"featured_media":13690,"comment_status":"closed","ping_status":"closed","sticky":false,"template":"","format":"standard","meta":[],"categories":[7],"tags":[1232,186,22],"_links":{"self":[{"href":"https:\/\/www.infokuryr.cz\/n\/wp-json\/wp\/v2\/posts\/16161"}],"collection":[{"href":"https:\/\/www.infokuryr.cz\/n\/wp-json\/wp\/v2\/posts"}],"about":[{"href":"https:\/\/www.infokuryr.cz\/n\/wp-json\/wp\/v2\/types\/post"}],"author":[{"embeddable":true,"href":"https:\/\/www.infokuryr.cz\/n\/wp-json\/wp\/v2\/users\/2"}],"replies":[{"embeddable":true,"href":"https:\/\/www.infokuryr.cz\/n\/wp-json\/wp\/v2\/comments?post=16161"}],"version-history":[{"count":0,"href":"https:\/\/www.infokuryr.cz\/n\/wp-json\/wp\/v2\/posts\/16161\/revisions"}],"wp:featuredmedia":[{"embeddable":true,"href":"https:\/\/www.infokuryr.cz\/n\/wp-json\/wp\/v2\/media\/13690"}],"wp:attachment":[{"href":"https:\/\/www.infokuryr.cz\/n\/wp-json\/wp\/v2\/media?parent=16161"}],"wp:term":[{"taxonomy":"category","embeddable":true,"href":"https:\/\/www.infokuryr.cz\/n\/wp-json\/wp\/v2\/categories?post=16161"},{"taxonomy":"post_tag","embeddable":true,"href":"https:\/\/www.infokuryr.cz\/n\/wp-json\/wp\/v2\/tags?post=16161"}],"curies":[{"name":"wp","href":"https:\/\/api.w.org\/{rel}","templated":true}]}}