{"id":16117,"date":"2022-10-03T01:16:15","date_gmt":"2022-10-02T23:16:15","guid":{"rendered":"http:\/\/www.infokuryr.cz\/n\/?p=16117"},"modified":"2022-10-03T06:18:42","modified_gmt":"2022-10-03T04:18:42","slug":"mobilizace-a-ideologie-nebudte-prekvapeni-kognitivni-disonanci-ve-spolecnosti","status":"publish","type":"post","link":"https:\/\/www.infokuryr.cz\/n\/2022\/10\/03\/mobilizace-a-ideologie-nebudte-prekvapeni-kognitivni-disonanci-ve-spolecnosti\/","title":{"rendered":"Mobilizace a ideologie: nebu\u010fte p\u0159ekvapeni \u201ekognitivn\u00ed disonanc\u00ed\u201c ve spole\u010dnosti"},"content":{"rendered":"<div id=\"fb-root\"><\/div>\n<section class=\"perex\">Vyhl\u00e1\u0161en\u00ed \u010d\u00e1ste\u010dn\u00e9 mobilizace je logick\u00fdm krokem v kontextu rostouc\u00edho tlaku na Rusko ze strany kolektivn\u00edho Z\u00e1padu, kter\u00fd nyn\u00ed otev\u0159en\u011b vyu\u017e\u00edv\u00e1 kyjevsk\u00fd re\u017eim k rozpout\u00e1n\u00ed plnohodnotn\u00e9 v\u00e1lky \u201ea\u017e do konce\u201c. To v d\u016fsledku znamen\u00e1 zni\u010dit suver\u00e9nn\u00ed st\u00e1tnost Ruska. Uv\u011bdom\u011bn\u00ed si tohoto nebezpe\u010d\u00ed a adekv\u00e1tn\u00ed pochopen\u00ed povahy a skute\u010dn\u00e9ho \u00fa\u010delu sil, kter\u00e9 Rusko ohro\u017euj\u00ed, je samoz\u0159ejm\u011b nejd\u016fle\u017eit\u011bj\u0161\u00ed podm\u00ednkou pro tolik pot\u0159ebnou vlasteneckou konsolidaci dne\u0161n\u00ed spole\u010dnosti. Jej\u00ed pos\u00edlen\u00ed je v podstat\u011b ideologick\u00fdm \u00fakolem. O tom, \u017ee je st\u00e1le z velk\u00e9 \u010d\u00e1sti nevy\u0159e\u0161en\u00e1, jasn\u011b sv\u011bd\u010d\u00ed \u201efronty na leti\u0161t\u00edch\u201c a \u201evyh\u00fdbav\u00e1\u201c hysterie, kter\u00e9 se vytvo\u0159ily bezprost\u0159edn\u011b po vyhl\u00e1\u0161en\u00ed mobilizace a na soci\u00e1ln\u00edch s\u00edt\u00edch.<\/p>\n<\/section>\n<section class=\"clanek-obsah\">Pot\u0159eba systemati\u010dt\u011bj\u0161\u00ed ideologick\u00e9 podpory strategick\u00fdch politick\u00fdch rozhodnut\u00ed st\u00e1tu a obecn\u011bji pot\u0159eba pos\u00edlen\u00ed ideologick\u00fdch z\u00e1klad\u016f rusk\u00e9 st\u00e1tnosti se stala zcela z\u0159ejmou po zah\u00e1jen\u00ed SVO. \u010casto v\u0161ak sl\u00fdch\u00e1me (p\u0159edev\u0161\u00edm v liber\u00e1ln\u00edch kruz\u00edch, kter\u00e9 tuto tezi rusk\u00e9 spole\u010dnosti vlastn\u011b vnucuj\u00ed), \u017ee existence st\u00e1tn\u00ed ideologie br\u00e1n\u00ed norm\u00e1ln\u00edmu svobodn\u00e9mu v\u00fdvoji spole\u010dnosti. Jako \u201enegativn\u00ed p\u0159\u00edklad\u201c uv\u00e1d\u011bj\u00ed SSSR, kter\u00fd m\u011bl ofici\u00e1ln\u00ed st\u00e1tn\u00ed ideologii, a \u00dastavu Rusk\u00e9 federace, kter\u00e1 v\u00fdslovn\u011b zakazuje zav\u00e1d\u011bn\u00ed jak\u00e9koli ideologie jako \u201est\u00e1tn\u00ed nebo povinn\u00e9\u201c.<\/p>\n<p>Dnes, v dob\u011b existen\u010dn\u00edho odporu proti sil\u00e1m, kter\u00e9 si otev\u0159en\u011b n\u00e1rokuj\u00ed nejen mocensk\u00fd, ale i ideologick\u00fd monopol (prosazov\u00e1n\u00edm a vnucov\u00e1n\u00edm \u201euniverz\u00e1ln\u00edch hodnot\u201c) v modern\u00edm sv\u011bt\u011b, je v\u0161ak obzvl\u00e1\u0161t\u011b d\u016fle\u017eit\u00e9 pochopit, \u017ee \u017e\u00e1dn\u00fd st\u00e1t nem\u016f\u017ee existovat bez ur\u010dit\u00e9 ideologie. Nem\u016f\u017ee, proto\u017ee ideologie ve sv\u00e9 podstat\u011b nen\u00ed kompilac\u00ed pseudoteoretick\u00fdch prac\u00ed \u00fadajn\u011b geni\u00e1ln\u00edch myslitel\u016f. Jedn\u00e1 se\u00a0<b>o nezbytnou formu stanoven\u00ed ur\u010dit\u00e9 hierarchie hodnot<\/b>, na jej\u00edm\u017e z\u00e1klad\u011b je mo\u017en\u00e9 organizovat spole\u010densk\u00fd \u017eivot a uspo\u0159\u00e1dat vz\u00e1jemn\u00e9 vztahy mezi lidmi v ka\u017ed\u00e9 rozvinut\u00e9 spole\u010dnosti.<\/p>\n<p>A v Rusk\u00e9 federaci samoz\u0159ejm\u011b tak\u00e9 existuje st\u00e1tn\u00ed ideologie, kter\u00e1 je pr\u00e1vn\u011b zakotvena. A to nejen kdekoli, ale i v \u00dastav\u011b. V z\u00e1kladn\u00edm \u010dl\u00e1nku 2, kter\u00fd \u0159\u00edk\u00e1, \u017ee \u201e\u010dlov\u011bk, jeho pr\u00e1va a svobody maj\u00ed nejvy\u0161\u0161\u00ed hodnotu\u201c a \u017ee \u201eje povinnost\u00ed st\u00e1tu je respektovat a chr\u00e1nit\u201c. Stoj\u00ed za pov\u0161imnut\u00ed, \u017ee zn\u011bn\u00ed tohoto \u010dl\u00e1nku v podstat\u011b opakuje (z\u0159ejm\u011b vych\u00e1zeje z p\u0159edpokladu, \u017ee opakov\u00e1n\u00ed je matkou u\u010den\u00ed) to, co je uvedeno v preambuli, kde se tak\u00e9 p\u0159edev\u0161\u00edm \u0159\u00edk\u00e1, \u017ee \u201eMy, rusk\u00fd lid, p\u0159ij\u00edm\u00e1me \u00fastavu &#8230; potvrzuj\u00edc\u00ed lidsk\u00e1 pr\u00e1va a svobody\u201c. Mimochodem, tak\u00e9 se v n\u011bm uv\u00e1d\u00ed, \u017ee \u201ese uzn\u00e1v\u00e1me jako sou\u010d\u00e1st sv\u011btov\u00e9ho spole\u010denstv\u00ed\u201c.<\/p>\n<p>Na slova \u201enejvy\u0161\u0161\u00ed hodnota\u201c, \u201esv\u011btov\u00e9 spole\u010denstv\u00ed\u201c apod. lze samoz\u0159ejm\u011b nahl\u00ed\u017eet r\u016fzn\u011b. Dalo by se nap\u0159\u00edklad tvrdit, \u017ee jsou to pr\u00e1zdn\u00e9, v podstat\u011b nesmysln\u00e9 fr\u00e1ze, \u201eparaleln\u00ed\u201c ke skute\u010dnosti. Nebo m\u00edrn\u011bji \u0159e\u010deno, \u017ee jde o heslovit\u00e9, \u010dist\u011b emocion\u00e1ln\u00ed v\u00fdroky bez racion\u00e1ln\u00edho z\u00e1kladu. Nebo naopak m\u016f\u017eeme p\u0159i jejich vysloven\u00ed vzru\u0161en\u00edm zalapat po dechu. Nelze v\u0161ak pop\u0159\u00edt, \u017ee tato ustanoven\u00ed jsou za prv\u00e9 z\u00e1kladn\u00edmi normami sou\u010dasn\u00e9 rusk\u00e9 \u00fastavy a za druh\u00e9 nep\u0159edstavuj\u00ed nic men\u0161\u00edho ne\u017e z\u00e1kladn\u00ed postul\u00e1ty ideologie liberalismu. Mimochodem, je t\u0159eba p\u0159ipomenout, \u017ee lid\u00e9, kte\u0159\u00ed v roce 1993 napsali (nebo sp\u00ed\u0161e opsali ze z\u00e1padn\u00edch \u201evzor\u016f\u201c) ruskou \u00fastavu, byli horliv\u00fdmi stoupenci t\u00e9to ideologie.<\/p>\n<p>Kdy\u017e zem\u011b, kter\u00e1 ji\u017e t\u00e9m\u011b\u0159 30 let \u017eije s \u00fastavou zalo\u017eenou na liber\u00e1ln\u00edch hodnot\u00e1ch, vyhl\u00e1s\u00ed mobilizaci proti re\u017eimu podporovan\u00e9mu st\u00e1ty, kter\u00e9 jsou uzn\u00e1van\u00fdmi \u201enositeli pr\u00e1v\u201c a \u201ed\u00e1rci\u201c t\u00fdch\u017e hodnot, nen\u00ed divu, \u017ee spole\u010dnost na toto rozhodnut\u00ed reaguje velmi nerv\u00f3zn\u011b. Koneckonc\u016f, nemal\u00fd po\u010det ob\u010dan\u016f, p\u0159inejmen\u0161\u00edm t\u011bch, kte\u0159\u00ed zast\u00e1vaj\u00ed liber\u00e1ln\u00ed n\u00e1zory, zjevn\u011b za\u017e\u00edv\u00e1 ur\u010dit\u00fd druh kognitivn\u00ed disonance. A to nemluv\u00edm o tom, \u017ee liber\u00e1ln\u00ed ideologie je v z\u00e1sad\u011b protiv\u00e1le\u010dn\u00e1, ost\u0159e odsuzuje \u201emilitarismus\u201c a arm\u00e1du jako takovou v\u0161emo\u017en\u011b diskredituje. Mimochodem, p\u0159esv\u011bd\u010div\u00fdm d\u016fkazem toho, \u017ee \u201evyh\u00fdb\u00e1n\u00ed se\u201c je vysv\u011btlov\u00e1no nejen ban\u00e1ln\u00edm strachem, ale v mnoha p\u0159\u00edpadech i ideologick\u00fdmi d\u016fvody, je jeho zna\u010dn\u00e9 roz\u0161\u00ed\u0159en\u00ed ve studentsk\u00e9m prost\u0159ed\u00ed, a\u010dkoli studenti nejsou p\u0159edm\u011btem mobilizace a studentky se stejn\u011b nemaj\u00ed \u010deho b\u00e1t. Nav\u00edc se ukazuje, \u017ee \u010d\u00edm presti\u017en\u011bj\u0161\u00ed (= liber\u00e1ln\u011bj\u0161\u00ed) univerzita, t\u00edm siln\u011bj\u0161\u00ed jsou \u201eprotiv\u00e1le\u010dn\u00e9\u201c n\u00e1lady.<\/p>\n<p>Roz\u0161\u00ed\u0159en\u00ed \u201euklonismu\u201c mezi \u201evysp\u011blou\u201c ruskou ml\u00e1de\u017e\u00ed (a nejen ml\u00e1de\u017e\u00ed) je pr\u00e1v\u011b d\u016fsledkem (a ukazatelem) toho, \u017ee v posledn\u00edch desetilet\u00edch v Rusku skute\u010dn\u011b p\u0159evl\u00e1dla liber\u00e1ln\u00ed ideologie. Mobilizace nevytvo\u0159ila, ale pouze aktivovala \u201eposunova\u010de\u201c, otev\u0159ela v\u0159ed a vynesla na povrch ve\u0159ejn\u00e9ho \u017eivota to, co se implicitn\u011b utv\u00e1\u0159elo posledn\u00edch 30 let. Uk\u00e1zaly se praktick\u00e9 v\u00fdsledky dlouhodob\u00e9 syst\u00e9mov\u00e9 liber\u00e1ln\u00ed propagandy \u2013 agresivn\u00ed individualismus, demonstrativn\u011b egoistick\u00e9 chov\u00e1n\u00ed zna\u010dn\u00e9 \u010d\u00e1sti spole\u010dnosti. Dalo by se \u0159\u00edci, \u017ee liberalismus s t\u00edm nem\u00e1 nic spole\u010dn\u00e9ho, proto\u017ee sobectv\u00ed je vlastn\u00ed kdy\u017e ne v\u0161em, tak p\u0159ev\u00e1\u017en\u00e9 v\u011bt\u0161in\u011b lid\u00ed. Ano, v jist\u00e9m smyslu je to pro \u010dlov\u011bka norm\u00e1ln\u00ed, stejn\u011b jako je norm\u00e1ln\u00ed m\u00edt sex nebo nap\u0159\u00edklad mo\u010dit. Ve zdrav\u00e9 spole\u010dnosti se v\u0161ak u\u010d\u00ed, \u017ee se takov\u00e9 projevy na ve\u0159ejnosti neprojevuj\u00ed. V Sov\u011btsk\u00e9m svazu, jak si mnoz\u00ed mo\u017en\u00e1 vzpomenou, nebylo zvykem mluvit ve\u0159ejn\u011b o sexu a lid\u00e9 byli od d\u011btstv\u00ed vedeni k tomu, aby omezovali a skr\u00fdvali sv\u016fj egoismus. To mimochodem u\u010d\u00ed ka\u017ed\u00e9 n\u00e1bo\u017eenstv\u00ed.<\/p>\n<p>Ideologie liberalismu naproti tomu poskytuje jinou lekci. T\u00edm, \u017ee prohla\u0161uje \u201elidsk\u00e1 pr\u00e1va a svobody\u201c (kohokoli a kohokoli se v\u0161emi jejich \u201ep\u0159\u00edjemnostmi\u201c) za nejvy\u0161\u0161\u00ed hodnotu, \u201elegitimizuje\u201c egoismus a nav\u00edc mu d\u00e1v\u00e1 monopol na normalitu. Modern\u00ed egoista nejen\u017ee \u201enev\u00ed, co je to stud\u201c, ale p\u0159ech\u00e1z\u00ed k agresi, zahanbuje druh\u00e9, obvi\u0148uje ty, kte\u0159\u00ed si dovol\u00ed mu n\u011bco nam\u00edtnout, ze zaostalosti, nevzd\u011blanosti, svatou\u0161kovstv\u00ed, pokrytectv\u00ed, a dokonce z toho, \u017ee je \u201eplacen\u00fd\u201c. Po \u201ebezv\u00fdhradn\u00e9m p\u0159ijet\u00ed\u201c liber\u00e1ln\u00edch hodnot atrofoval cit l\u00e1sky (nejen k vlasti), cti, povinnosti, spravedlnosti, nemluv\u011b o sebeob\u011btov\u00e1n\u00ed. A pojem \u201emobilizace\u201c se do liber\u00e1ln\u00edho my\u0161len\u00ed v\u016fbec nehod\u00ed, v liber\u00e1ln\u00edm slovn\u00edku v podstat\u011b chyb\u00ed.<\/p>\n<p>Proto by se p\u0159i vyhl\u00e1\u0161en\u00ed mobilizace m\u011bly podniknout skute\u010dn\u00e9 kroky (l\u00e9pe pozd\u011b ne\u017e nikdy) k omezen\u00ed vlivu liber\u00e1ln\u00ed propagandy v zemi. T\u00edm sp\u00ed\u0161e je to nutn\u00e9, pokud chceme v\u00e1\u017en\u011b hovo\u0159it o obran\u011b st\u00e1tn\u00ed suverenity Ruska. V\u017edy\u0165 s duchovn\u00ed, ideologickou a hodnotovou z\u00e1vislost\u00ed to z\u0159ejm\u011b nejde. Je t\u0159eba si uv\u011bdomit, \u017ee liber\u00e1ln\u00ed propaganda nespo\u010d\u00edv\u00e1 jen v kritice \u201eautorit\u00e1\u0159stv\u00ed\u201c \u00fa\u0159ad\u016f, protiv\u00e1le\u010dn\u00e9 r\u00e9torice nebo \u201eboji za pr\u00e1va LGBT\u201c a \u201eemancipaci\u201c \u017een \u2013 to v\u0161e je jen \u0161pi\u010dkou ledovce. Liberalismus sah\u00e1 hloub\u011bji. Samoz\u0159ejm\u011b n\u00e1s neu\u010d\u00ed zrazovat svou vlast \u2013 u\u010d\u00ed n\u00e1s pouze milovat a h\u00fd\u010dkat se. Nevyz\u00fdv\u00e1 p\u0159\u00edmo k p\u0159ekra\u010dov\u00e1n\u00ed mor\u00e1ln\u00edch norem, pouze d\u00e1v\u00e1 najevo, \u017ee v \u017eivot\u011b nejsou hlavn\u00ed \u201epen\u00edze, ale jejich mno\u017estv\u00ed\u201c, osobn\u00ed \u00fasp\u011bch, a to jak\u00fdmikoliv prost\u0159edky.<\/p>\n<p>Nejd\u016fle\u017eit\u011bj\u0161\u00edm n\u00e1strojem liber\u00e1ln\u00ed propagandy je reklama, kter\u00e1 je v podstat\u011b prost\u0159edkem ideologick\u00e9ho ovliv\u0148ov\u00e1n\u00ed a kontroly lidsk\u00e9ho chov\u00e1n\u00ed. Konrad Lorenz, jeden z nejv\u011bt\u0161\u00edch z\u00e1padn\u00edch psycholog\u016f a klasik behavior\u00e1ln\u00ed v\u011bdy, ji\u017e v 60. letech 20. stolet\u00ed \u0159ekl, \u017ee \u201ereklama nen\u00ed v \u017e\u00e1dn\u00e9m p\u0159\u00edpad\u011b apolitick\u00e1, ale pln\u00ed p\u0159esn\u011b stejn\u00e9 funkce jako hesla na V\u00fdchod\u011b\u201c (tj. za \u201etotality\u201c v b\u00fdval\u00fdch \u201esocialistick\u00fdch zem\u00edch\u201c). Probl\u00e9mem tedy nejsou liber\u00e1ln\u00ed televizn\u00ed kan\u00e1ly \u201ezahrani\u010dn\u00edch agent\u016f\u201c \u2013 ty jsou druho\u0159ad\u00e9 a jejich vliv lze snadno potla\u010dit. Je to reklama, kter\u00e1 p\u011bstuje sobeck\u00fd, konzumn\u00ed p\u0159\u00edstup ke v\u0161emu a kter\u00e1 ni\u010d\u00ed \u201estereotypy\u201c \u2013 to, co liberalismus naz\u00fdv\u00e1 pocitem studu a schopnost\u00ed rozli\u0161ovat mezi norm\u00e1ln\u00edm a nenorm\u00e1ln\u00edm.<\/p>\n<p>Proto, abychom skute\u010dn\u011b br\u00e1nili tradi\u010dn\u00ed hodnoty, abychom se postavili duchovn\u00ed agresi, mus\u00edme si uv\u011bdomit, \u017ee reklamn\u00ed v\u00fdzvy ke koupi, proto\u017ee \u201esi to zaslou\u017e\u00edte\u201c, jsou nejen marketingov\u00fdm trikem, ale tak\u00e9 (dvoj\u00ed \u00fa\u010dinek v jedn\u00e9 l\u00e1hvi) \u201enen\u00e1padnou\u201c propagandou liberalismu.<\/p>\n<p>\u017de reklamn\u00ed obr\u00e1zky dovolen\u00fdch na zlatav\u00e9m p\u00edsku u modr\u00e9ho mo\u0159e s povinn\u00fdmi \u0161t\u00edhl\u00fdmi d\u00edvkami v bikin\u00e1ch a \u0161\u0165astn\u011b se usm\u00edvaj\u00edc\u00edmi svalnat\u00fdmi mu\u017ei (a kde jinde m\u016f\u017ee b\u00fdt svalnat\u00fd mu\u017e \u0161\u0165astn\u00fd ne\u017e na pl\u00e1\u017ei?) jsou propagandou liberalismu.<\/p>\n<p>\u017de socha \u010d\u016fraj\u00edc\u00edho chlapce v Bruselu (ne n\u00e1hodou se l\u00edb\u00ed liber\u00e1ln\u00edm intelektu\u00e1l\u016fm) a piso\u00e1ry postaven\u00e9 p\u0159\u00edmo v ulic\u00edch m\u011bst v Holandsku jsou tak\u00e9 propagandou liberalismu.<\/p>\n<p>\u017de reklamn\u00ed rada \u2013 \u201enau\u010dte rodi\u010de\u201c (je jedno co \u2013 \u201efinan\u010dn\u00ed gramotnost\u201c, ovl\u00e1d\u00e1n\u00ed po\u010d\u00edta\u010de atd., hlavn\u00ed je v samotn\u00e9 v\u00fdzv\u011b: vejce, nau\u010dte slepici) je propaganda liberalismu.<\/p>\n<p>V\u00fdzva, aby \u017eeny a d\u011bti hl\u00e1sily \u201edom\u00e1c\u00ed n\u00e1sil\u00ed\u201c, je propagandou liberalismu.<\/p>\n<p>\u017de postavy \u00fasp\u011b\u0161n\u00fdch podnikatelek, kter\u00e9 se potuluj\u00ed v nes\u010detn\u00fdch a nekone\u010dn\u00fdch televizn\u00edch seri\u00e1lech, jsou propagandou liberalismu.<\/p>\n<p>\u017de rodinn\u00e9 \u201esexu\u00e1ln\u00ed poradenstv\u00ed\u201c a \u201esexu\u00e1ln\u00ed v\u00fdchova\u201c ve \u0161kol\u00e1ch jsou propagandou liberalismu.<\/p>\n<p>\u017de v\u00fduka \u201efinan\u010dn\u00ed gramotnosti\u201c (kter\u00e1 v Rusku za\u010d\u00edn\u00e1 ji\u017e v mate\u0159sk\u00e9 \u0161kole) je propagandou liberalismu.<\/p>\n<p>A samoz\u0159ejm\u011b, \u017ee pov\u011bstn\u00fd showbyznys se sv\u00fdmi honor\u00e1\u0159i, skand\u00e1ly, rozvody a \u201eadopcemi\u201c je propagandou liberalismu, jeho tak\u0159\u00edkaj\u00edc \u201ezbran\u00ed hromadn\u00e9ho ni\u010den\u00ed\u201c.<\/p>\n<p>Takov\u00fdch p\u0159\u00edklad\u016f by bylo mo\u017en\u00e9 uv\u00e9st v\u00edce, ale i to by m\u011blo sta\u010dit k tomu, abychom vid\u011bli, \u017ee ofici\u00e1ln\u00ed st\u00e1tn\u011b-patriotick\u00e1 propaganda v dne\u0161n\u00edm Rusku se ve srovn\u00e1n\u00ed s reklamn\u00ed a propagandistickou ma\u0161in\u00e9ri\u00ed liberalismu nem\u016f\u017ee podobat d\u011btsk\u00e9mu bl\u00e1bolen\u00ed. Vyhl\u00e1\u0161en\u00ed mobilizace je zodpov\u011bdn\u00fd krok, kter\u00fd by m\u011bl b\u00fdt samoz\u0159ejm\u011b systematick\u00fd a nutn\u011b by m\u011bl zahrnovat i mobilizaci na ideologick\u00e9 front\u011b. Kdo jde bojovat, mus\u00ed m\u00edt nejen samopal, ale tak\u00e9 jasnou odpov\u011b\u010f na ot\u00e1zku, pro\u010d mus\u00ed riskovat \u017eivot, a jistotu, \u017ee jeho zem\u011b ud\u011bl\u00e1 v\u0161e pro v\u00edt\u011bzstv\u00ed.<\/p>\n<p>Sergej Ivanov<\/p>\n<div class=\"podcarou\">\n<p><a href=\"https:\/\/eadaily.com\/ru\/news\/2022\/09\/28\/mobilizaciya-i-ideologiya-ne-nado-udivlyatsya-kognitivnomu-dissonansu-v-obshchestve\" target=\"_blank\" rel=\"external noopener\">\u041c\u043e\u0431\u0438\u043b\u0438\u0437\u0430\u0446\u0438\u044f \u0438 \u0438\u0434\u0435\u043e\u043b\u043e\u0433\u0438\u044f: \u043d\u0435 \u043d\u0430\u0434\u043e \u0443\u0434\u0438\u0432\u043b\u044f\u0442\u044c\u0441\u044f \u00ab\u043a\u043e\u0433\u043d\u0438\u0442\u0438\u0432\u043d\u043e\u043c\u0443 \u0434\u0438\u0441\u0441\u043e\u043d\u0430\u043d\u0441\u0443\u00bb \u0432 \u043e\u0431\u0449\u0435\u0441\u0442\u0432\u0435 \u041f\u043e\u0434\u0440\u043e\u0431\u043d\u0435\u0435<\/a> vy\u0161el na eadaily.com 28.9.2022. P\u0159eklad Zv\u011bdavec.<\/p>\n<p>P\u0159evzato\u00a0<a href=\"https:\/\/zvedavec.news\/komentare\/2022\/10\/9343-mobilizace-a-ideologie-nebudte-prekvapeni-kognitivni-disonanci-ve-spolecnosti.htm\">Zvedavec.org<\/a><\/p>\n<\/div>\n<\/section>\n","protected":false},"excerpt":{"rendered":"<p>Vyhl\u00e1\u0161en\u00ed \u010d\u00e1ste\u010dn\u00e9 mobilizace je logick\u00fdm krokem v kontextu rostouc\u00edho tlaku na Rusko ze strany kolektivn\u00edho&#8230;<\/p>\n","protected":false},"author":2,"featured_media":10350,"comment_status":"closed","ping_status":"closed","sticky":false,"template":"","format":"standard","meta":[],"categories":[7],"tags":[1690,29,22,365],"_links":{"self":[{"href":"https:\/\/www.infokuryr.cz\/n\/wp-json\/wp\/v2\/posts\/16117"}],"collection":[{"href":"https:\/\/www.infokuryr.cz\/n\/wp-json\/wp\/v2\/posts"}],"about":[{"href":"https:\/\/www.infokuryr.cz\/n\/wp-json\/wp\/v2\/types\/post"}],"author":[{"embeddable":true,"href":"https:\/\/www.infokuryr.cz\/n\/wp-json\/wp\/v2\/users\/2"}],"replies":[{"embeddable":true,"href":"https:\/\/www.infokuryr.cz\/n\/wp-json\/wp\/v2\/comments?post=16117"}],"version-history":[{"count":0,"href":"https:\/\/www.infokuryr.cz\/n\/wp-json\/wp\/v2\/posts\/16117\/revisions"}],"wp:featuredmedia":[{"embeddable":true,"href":"https:\/\/www.infokuryr.cz\/n\/wp-json\/wp\/v2\/media\/10350"}],"wp:attachment":[{"href":"https:\/\/www.infokuryr.cz\/n\/wp-json\/wp\/v2\/media?parent=16117"}],"wp:term":[{"taxonomy":"category","embeddable":true,"href":"https:\/\/www.infokuryr.cz\/n\/wp-json\/wp\/v2\/categories?post=16117"},{"taxonomy":"post_tag","embeddable":true,"href":"https:\/\/www.infokuryr.cz\/n\/wp-json\/wp\/v2\/tags?post=16117"}],"curies":[{"name":"wp","href":"https:\/\/api.w.org\/{rel}","templated":true}]}}