{"id":16111,"date":"2022-10-03T01:09:17","date_gmt":"2022-10-02T23:09:17","guid":{"rendered":"http:\/\/www.infokuryr.cz\/n\/?p=16111"},"modified":"2022-10-02T17:33:05","modified_gmt":"2022-10-02T15:33:05","slug":"francie-vyvolala-skandal-na-zasedani-rady-bezpecnosti-osn-o-nord-streamu","status":"publish","type":"post","link":"https:\/\/www.infokuryr.cz\/n\/2022\/10\/03\/francie-vyvolala-skandal-na-zasedani-rady-bezpecnosti-osn-o-nord-streamu\/","title":{"rendered":"Francie vyvolala skand\u00e1l na zased\u00e1n\u00ed Rady bezpe\u010dnosti OSN o Nord Streamu"},"content":{"rendered":"<div id=\"fb-root\"><\/div>\n<p><strong>Francie, kter\u00e1 p\u0159edsed\u00e1 Rad\u011b bezpe\u010dnosti OSN, nedovolila ofici\u00e1ln\u00edmu z\u00e1stupci Gazpromu Sergeji Kuprijanovovi komentovat nebo reagovat na obvin\u011bn\u00ed proti Rusku, \u0159ekl Dmitrij Poljanskij, prvn\u00ed z\u00e1stupce st\u00e1l\u00e9ho p\u0159edstavitele Ruska p\u0159i OSN.<\/strong><\/p>\n<p>V p\u00e1tek se z podn\u011btu Ruska se\u0161la Rada bezpe\u010dnosti OSN k situaci s teroristick\u00fdmi \u00fatoky na lini\u00edch Nord Stream 1 a Nord Stream 2.\u00a0Kupriyanov byl pozv\u00e1n jako \u0159e\u010dn\u00edk aby p\u0159ednesl prezentaci.<\/p>\n<p>\u201eKonec jedn\u00e1n\u00ed byl zast\u00edn\u011bn skand\u00e1lem francouzsk\u00e9ho st\u00e1l\u00e9ho z\u00e1stupce Nicolase De Riviere, kter\u00fd p\u0159edsedal.\u00a0Z\u0159ejm\u011b pot\u00e9, co ztratil nervy kv\u016fli nep\u0159esv\u011bd\u010div\u00e9 kritice z\u00e1padn\u00edho t\u00e1bora ohledn\u011b na\u0161ich p\u0159\u00edstup\u016f, v rozporu s jak\u00fdmikoli normami a praktikami Rady bezpe\u010dnosti nedovolil Sergeji Kupriyanovovi, tiskov\u00e9mu tajemn\u00edkovi Gazpromu, kter\u00fd byl na akci pozv\u00e1n jako \u0159e\u010dn\u00edk (zvl\u00e1\u0161tn\u00ed pod\u011bkov\u00e1n\u00ed mu za jeho \u00fa\u010dast a velmi u\u017eite\u010dn\u00fd projev), aby odpov\u011bd\u011bl na nespr\u00e1vn\u00e1 obvin\u011bn\u00ed proti t\u00e9to spole\u010dnosti,\u201c napsal Polyansky na sv\u00e9m\u00a0<a href=\"https:\/\/t.me\/dpol_un\/371\">kan\u00e1lu Telegram<\/a>\u00a0.<\/p>\n<p><strong>Francouzsk\u00e9 p\u0159edsednictv\u00ed se podle n\u011bj sv\u00fdm \u010dinem zcela obna\u017eilo, proto\u017ee d\u0159\u00edve, ve v\u0161ech f\u00e1z\u00edch, v\u00fdzvy k dialogu a zohled\u0148ov\u00e1n\u00ed n\u00e1zor\u016f ostatn\u00edch byly vizitkou Francouz\u016f v Rad\u011b bezpe\u010dnosti.<\/strong><\/p>\n<p>&#8222;A kdy\u017e na to do\u0161lo, v\u0161e skon\u010dilo v ban\u00e1ln\u00edm pokusu uml\u010det reproduktor,&#8220; \u0159ekl Polyansky.<\/p>\n<p>Odp\u016frci Rusk\u00e9 federace na sch\u016fzce podle n\u011bj nepo\u010d\u00edtali s t\u00edm, \u017ee Moskva na n\u011b m\u00edsto toho, aby n\u011bkoho obvinila, vysype zjevn\u00e1 a nezpochybniteln\u00e1 fakta a po\u017e\u00e1d\u00e1 je, aby oto\u010dili hlavu a logicky uva\u017eovali.<\/p>\n<p>\u201eProto vypadaly vybledle a zmaten\u011b.\u00a0Setk\u00e1n\u00ed bylo u\u017eite\u010dn\u00e9 z hlediska prosazov\u00e1n\u00ed na\u0161ich p\u0159\u00edstup\u016f a objektivn\u00edch informac\u00ed, ale nenechalo nikoho na pochyb\u00e1ch, \u017ee z\u00e1padn\u00ed \u010dlenov\u00e9 Rady, kte\u0159\u00ed ji\u017e dlouho \u017eij\u00ed ve sv\u011bt\u011b, kter\u00fd neuzn\u00e1v\u00e1 pravdu, kde nen\u00ed d\u016fle\u017eit\u00e9, co se d\u011bje, ale jak to z\u00e1padn\u00ed lid\u00e9 ukazuj\u00ed a interpretuj\u00ed. M\u00e9dia ud\u011blaj\u00ed v\u0161e pro to, aby zah\u00e1jila spravedliv\u00e9 a nestrann\u00e9 vy\u0161et\u0159ov\u00e1n\u00ed incident\u016f SP-1 a SP-2 a podpo\u0159ila absurdn\u00ed logiku, \u017ee za sabot\u00e1\u017e\u00ed stoj\u00ed Rusko.\u00a0O tom bychom si nem\u011bli d\u011blat iluze,\u201c uzav\u0159el diplomat.<\/p>\n<p>St\u00e1l\u00fd rusk\u00fd p\u0159edstavitel p\u0159i OSN Vasilij N\u011bbenzja v Rad\u011b bezpe\u010dnosti organizace prohl\u00e1sil, \u017ee sabot\u00e1\u017e na plynovodech Nord Stream a Nord Stream 2 je ur\u010dit\u011b\u00a0\u00a0v\u00fdhodn\u00e1 pro Spojen\u00e9 st\u00e1ty\u00a0, nikoli pro Rusko nebo Evropu.<\/p>\n<p><img decoding=\"async\" loading=\"lazy\" class=\"alignnone size-full wp-image-1185\" src=\"http:\/\/www.infokuryr.cz\/n\/wp-content\/uploads\/2021\/04\/kuryr-podpis.png\" alt=\"\" width=\"84\" height=\"24\" \/><\/p>\n<p>&nbsp;<\/p>\n","protected":false},"excerpt":{"rendered":"<p>Francie, kter\u00e1 p\u0159edsed\u00e1 Rad\u011b bezpe\u010dnosti OSN, nedovolila ofici\u00e1ln\u00edmu z\u00e1stupci Gazpromu Sergeji Kuprijanovovi komentovat nebo reagovat&#8230;<\/p>\n","protected":false},"author":2,"featured_media":5062,"comment_status":"closed","ping_status":"closed","sticky":false,"template":"","format":"standard","meta":[],"categories":[7],"tags":[130,186,1408],"_links":{"self":[{"href":"https:\/\/www.infokuryr.cz\/n\/wp-json\/wp\/v2\/posts\/16111"}],"collection":[{"href":"https:\/\/www.infokuryr.cz\/n\/wp-json\/wp\/v2\/posts"}],"about":[{"href":"https:\/\/www.infokuryr.cz\/n\/wp-json\/wp\/v2\/types\/post"}],"author":[{"embeddable":true,"href":"https:\/\/www.infokuryr.cz\/n\/wp-json\/wp\/v2\/users\/2"}],"replies":[{"embeddable":true,"href":"https:\/\/www.infokuryr.cz\/n\/wp-json\/wp\/v2\/comments?post=16111"}],"version-history":[{"count":0,"href":"https:\/\/www.infokuryr.cz\/n\/wp-json\/wp\/v2\/posts\/16111\/revisions"}],"wp:featuredmedia":[{"embeddable":true,"href":"https:\/\/www.infokuryr.cz\/n\/wp-json\/wp\/v2\/media\/5062"}],"wp:attachment":[{"href":"https:\/\/www.infokuryr.cz\/n\/wp-json\/wp\/v2\/media?parent=16111"}],"wp:term":[{"taxonomy":"category","embeddable":true,"href":"https:\/\/www.infokuryr.cz\/n\/wp-json\/wp\/v2\/categories?post=16111"},{"taxonomy":"post_tag","embeddable":true,"href":"https:\/\/www.infokuryr.cz\/n\/wp-json\/wp\/v2\/tags?post=16111"}],"curies":[{"name":"wp","href":"https:\/\/api.w.org\/{rel}","templated":true}]}}