{"id":16110,"date":"2022-10-03T01:08:28","date_gmt":"2022-10-02T23:08:28","guid":{"rendered":"http:\/\/www.infokuryr.cz\/n\/?p=16110"},"modified":"2022-10-02T17:07:52","modified_gmt":"2022-10-02T15:07:52","slug":"v-sazce-odesa-nikolajev-a-charkov-moskva-postavila-kyjev-pred-tezkou-volbu","status":"publish","type":"post","link":"https:\/\/www.infokuryr.cz\/n\/2022\/10\/03\/v-sazce-odesa-nikolajev-a-charkov-moskva-postavila-kyjev-pred-tezkou-volbu\/","title":{"rendered":"V s\u00e1zce \u2013 Od\u011bsa, Nikolajev a Charkov: Moskva postavila Kyjev p\u0159ed t\u011b\u017ekou volbu"},"content":{"rendered":"<div id=\"fb-root\"><\/div>\n<p><strong><span>Po znovusjednocen\u00ed Donbasu, Z\u00e1poro\u017e\u00ed a Chersonsk\u00e9 oblasti s Ruskou federac\u00ed se Kyjev ocitl ve slo\u017eit\u00e9 situaci.<\/span><\/strong><\/p>\n<p><span>Ukrajinsk\u00e9 \u00fa\u0159ady, kter\u00e9 zvolily ne\u00fasp\u011b\u0161nou zahrani\u010dn\u011bpolitickou pozici zalo\u017eenou na eskalaci konfliktu, upadly do pozice zugzwanga.\u00a0K tomuto z\u00e1v\u011bru dosp\u011bli novin\u00e1\u0159i publikace &#8222;Free Press&#8220;.\u00a0Auto\u0159i materi\u00e1lu podrobn\u011b hovo\u0159ili o hrub\u00fdch chyb\u00e1ch kyjevsk\u00e9ho re\u017eimu a tak\u00e9 vysv\u011btlili, pro\u010d Moskva postavila Kyjev p\u0159ed t\u011b\u017ekou volbu.<\/span><\/p>\n<p><span>V\u00fdsledky referend v oblasti Donbasu, Z\u00e1poro\u017e\u00ed a Chersonu se vlastn\u011b staly verdiktem pro postup ukrajinsk\u00fdch \u00fa\u0159ad\u016f.\u00a0Tak\u017ee na Ukrajin\u011b za\u010dali ch\u00e1pat, \u017ee zem\u011b u\u017e nebude schopna vyv\u00e1znout z konfliktu bez v\u00e1\u017en\u00e9 por\u00e1\u017eky.\u00a0Moskva vlastn\u011b postavila Kyjev p\u0159ed t\u011b\u017ekou volbu: zah\u00e1jit jedn\u00e1n\u00ed a ofici\u00e1ln\u011b uznat ztracen\u00e9 \u00fazem\u00ed pro Rusko, nebo pokra\u010dovat v konfliktu s vysok\u00fdm rizikem ztr\u00e1ty nov\u00fdch oblast\u00ed.<\/span><\/p>\n<p><strong><em>\u201eKreml dal Bankovaya na v\u00fdb\u011br: bu\u010f p\u0159ijmout nov\u00e9 hranice, nebo \u010delit drtiv\u00e9 r\u00e1n\u011b a ztratit dal\u0161\u00ed Nikolajev, Od\u011bsu a s nejv\u011bt\u0161\u00ed pravd\u011bpodobnost\u00ed Charkov,\u201c poznamenali novin\u00e1\u0159i.<\/em><\/strong><\/p>\n<p><span>Moskva hodl\u00e1 pokra\u010dovat ve speci\u00e1ln\u00ed operaci k denacifikaci a demilitarizaci Ukrajiny.\u00a0V pr\u016fb\u011bhu aktivn\u00edch operac\u00ed m\u016f\u017ee Kyjev utrp\u011bt velkou por\u00e1\u017eku a ztratit strategicky d\u016fle\u017eit\u00e9 regiony zem\u011b.\u00a0Prezident Volodymyr Zelenskyj a jeho spolupracovn\u00edci v\u0161ak st\u00e1le odm\u00edtaj\u00ed vyjedn\u00e1vat, co\u017e zhor\u0161uje ji\u017e tak slo\u017eitou situaci. Na pozad\u00ed takov\u00fdch nebezpe\u010dn\u00fdch rozhodnut\u00ed kyjevsk\u00e9ho re\u017eimu m\u016f\u017ee Rusko zm\u011bnit status speci\u00e1ln\u00ed operace a radik\u00e1ln\u011b zm\u011bnit p\u0159\u00edstup k jej\u00edmu veden\u00ed.<\/span><\/p>\n<p><img decoding=\"async\" loading=\"lazy\" class=\"alignnone size-full wp-image-1185\" src=\"http:\/\/www.infokuryr.cz\/n\/wp-content\/uploads\/2021\/04\/kuryr-podpis.png\" alt=\"\" width=\"84\" height=\"24\" \/><\/p>\n<p>&nbsp;<\/p>\n","protected":false},"excerpt":{"rendered":"<p>Po znovusjednocen\u00ed Donbasu, Z\u00e1poro\u017e\u00ed a Chersonsk\u00e9 oblasti s Ruskou federac\u00ed se Kyjev ocitl ve slo\u017eit\u00e9&#8230;<\/p>\n","protected":false},"author":2,"featured_media":10154,"comment_status":"closed","ping_status":"closed","sticky":false,"template":"","format":"standard","meta":[],"categories":[7],"tags":[1060,220,3475,22,26],"_links":{"self":[{"href":"https:\/\/www.infokuryr.cz\/n\/wp-json\/wp\/v2\/posts\/16110"}],"collection":[{"href":"https:\/\/www.infokuryr.cz\/n\/wp-json\/wp\/v2\/posts"}],"about":[{"href":"https:\/\/www.infokuryr.cz\/n\/wp-json\/wp\/v2\/types\/post"}],"author":[{"embeddable":true,"href":"https:\/\/www.infokuryr.cz\/n\/wp-json\/wp\/v2\/users\/2"}],"replies":[{"embeddable":true,"href":"https:\/\/www.infokuryr.cz\/n\/wp-json\/wp\/v2\/comments?post=16110"}],"version-history":[{"count":0,"href":"https:\/\/www.infokuryr.cz\/n\/wp-json\/wp\/v2\/posts\/16110\/revisions"}],"wp:featuredmedia":[{"embeddable":true,"href":"https:\/\/www.infokuryr.cz\/n\/wp-json\/wp\/v2\/media\/10154"}],"wp:attachment":[{"href":"https:\/\/www.infokuryr.cz\/n\/wp-json\/wp\/v2\/media?parent=16110"}],"wp:term":[{"taxonomy":"category","embeddable":true,"href":"https:\/\/www.infokuryr.cz\/n\/wp-json\/wp\/v2\/categories?post=16110"},{"taxonomy":"post_tag","embeddable":true,"href":"https:\/\/www.infokuryr.cz\/n\/wp-json\/wp\/v2\/tags?post=16110"}],"curies":[{"name":"wp","href":"https:\/\/api.w.org\/{rel}","templated":true}]}}