{"id":16107,"date":"2022-10-03T01:07:30","date_gmt":"2022-10-02T23:07:30","guid":{"rendered":"http:\/\/www.infokuryr.cz\/n\/?p=16107"},"modified":"2022-10-02T16:56:23","modified_gmt":"2022-10-02T14:56:23","slug":"lide-chteji-zmenu-tisice-britu-protestuji-proti-krizi-zivotnich-nakladu-vyslo-do-ulic","status":"publish","type":"post","link":"https:\/\/www.infokuryr.cz\/n\/2022\/10\/03\/lide-chteji-zmenu-tisice-britu-protestuji-proti-krizi-zivotnich-nakladu-vyslo-do-ulic\/","title":{"rendered":"\u201eLid\u00e9 cht\u011bj\u00ed zm\u011bnu\u201c \u2013 Tis\u00edce Brit\u016f protestuj\u00ed proti krizi \u017eivotn\u00edch n\u00e1klad\u016f  vy\u0161lo do ulic"},"content":{"rendered":"<div id=\"fb-root\"><\/div>\n<p><strong>Po cel\u00e9 Velk\u00e9 Brit\u00e1nii vy\u0161ly tis\u00edce lid\u00ed do ulic, aby protestovaly proti krizi \u017eivotn\u00edch n\u00e1klad\u016f a zm\u011bn\u011b klimatu: Britov\u00e9 vyj\u00e1d\u0159ili zklam\u00e1n\u00ed nad politikou sv\u00e9 vl\u00e1dy v t\u011bchto oblastech, uv\u00e1d\u00ed The Independent.\u00a0V sobotu nav\u00edc po cel\u00e9 zemi st\u00e1vkovalo 50 000 \u017eelezni\u010d\u00e1\u0159\u016f.<\/strong><\/p>\n<p>V sobotu vy\u0161ly tis\u00edce lid\u00ed do ulic m\u011bst ve Spojen\u00e9m kr\u00e1lovstv\u00ed, aby protestovaly proti krizi \u017eivotn\u00edch n\u00e1klad\u016f, zm\u011bn\u011b klimatu a na podporu \u017eelezni\u010d\u00e1\u0159\u016f, kte\u0159\u00ed st\u00e1vkovali kv\u016fli nespokojenosti s platy a pracovn\u00edmi podm\u00ednkami, uv\u00e1d\u00ed The Independent.<\/p>\n<p>Podle publikace nav\u00edc n\u011bkte\u0159\u00ed Britov\u00e9 vyu\u017eili vlny celon\u00e1rodn\u00edch demonstrac\u00ed k vyj\u00e1d\u0159en\u00ed sv\u00e9ho \u201e\u00a0<em>hn\u011bvu<\/em>\u00a0\u201c na novou rozpo\u010dtovou politiku kabinetu premi\u00e9rky Liz Trussov\u00e9.<\/p>\n<p>\u201e\u00a0<em>Je \u010das nasm\u011brovat n\u00e1\u0161 kolektivn\u00ed hn\u011bv do n\u011b\u010deho aktivn\u00edho a produktivn\u00edho.\u00a0Jsme zde na King&#8217;s Cross, abychom podpo\u0159ili st\u00e1vku RMT&#8230; Krom\u011b podpory st\u00e1vky je to p\u0159\u00edle\u017eitost vyj\u00e1d\u0159it obecn\u00fd pocit roz\u010darov\u00e1n\u00ed z na\u0161\u00ed vl\u00e1dy konzervativc\u016f.\u00a0Lid\u00e9 cht\u011bj\u00ed zm\u011bnu a zoufale ji pot\u0159ebuj\u00ed \u2013 a mus\u00ed k n\u00ed doj\u00edt brzy,<\/em>\u00a0\u201c \u0159ekl \u00fa\u010dastn\u00edk demonstrace na King\u2019s Cross v Lond\u00fdn\u011b, kterou zorganizovala Enough is Enough, skupina zalo\u017een\u00e1 odbory a organizacemi ob\u010dansk\u00e9 spole\u010dnosti v boji proti rostouc\u00edm cen\u00e1m pohonn\u00fdch hmot. energie, Lily Holder.<\/p>\n<p>Holderov\u00e1, kter\u00e1 odhadla, \u017ee se protest\u016f z\u00fa\u010dastnilo asi 10 000 lid\u00ed, poznamenala, \u017ee se boj\u00ed nadch\u00e1zej\u00edc\u00ed zimy, \u201e\u00a0<em>kter\u00e1 uk\u00e1\u017ee skute\u010dnou krutost vl\u00e1dy<\/em>\u00a0\u201c Spojen\u00e9ho kr\u00e1lovstv\u00ed.<\/p>\n<p>Navzdory vl\u00e1dn\u00edm pokus\u016fm zm\u00edrnit r\u00e1nu rostouc\u00edch cen energi\u00ed, jako je zmrazen\u00ed maxim\u00e1ln\u00edho povolen\u00e9ho ro\u010dn\u00edho \u00fa\u010dtu za elekt\u0159inu k 1. \u0159\u00edjnu na dva roky, budou miliony britsk\u00fdch rodin st\u00e1le v obt\u00ed\u017en\u00e9 situaci.\u00a0To je zp\u016fsobeno r\u016fstem cen potravin a dal\u0161\u00edho zbo\u017e\u00ed ka\u017edodenn\u00ed pot\u0159eby, zat\u00edmco platy Brit\u016f nedr\u017e\u00ed krok s prudce rostouc\u00ed inflac\u00ed.<\/p>\n<p>Hnut\u00ed Nepla\u0165te vyzvalo ke dni celost\u00e1tn\u00ed akce.\u00a0\u010clenov\u00e9 hnut\u00ed zap\u00e1lili sv\u00e9 \u00fa\u010dty za elekt\u0159inu v n\u011bkolika m\u011bstech, v\u010detn\u011b Lond\u00fdna, na protest proti rostouc\u00edm \u00fa\u010dt\u016fm za elekt\u0159inu.\u00a0V r\u00e1mci hnut\u00ed asi 200 000 lid\u00ed ve Spojen\u00e9m kr\u00e1lovstv\u00ed uvedlo, \u017ee jsou p\u0159ipraveni p\u0159estat platit sv\u00e9 \u00fa\u010dty za elekt\u0159inu.<\/p>\n<p>V Glasgow se tis\u00edce demonstrant\u016f shrom\u00e1\u017edily na schodech Buchanan Gallery.\u00a0Tam v sobotu odpoledne aktivist\u00e9 z kampan\u011b Enough Is Enough podpo\u0159ili odbory, kter\u00e9 st\u00e1vkovaly.\u00a0Ti, kte\u0159\u00ed se shrom\u00e1\u017edili na shrom\u00e1\u017ed\u011bn\u00ed, vyz\u00fdvali k demisi sou\u010dasn\u00e9 vl\u00e1dy, skandovali: \u201eTory, Tory, Tory!\u00a0Vypadni, vypadni, vypadni!&#8220;\u00a0a &#8222;D\u011bln\u00edci, sjednocen\u00ed, nebudou nikdy pora\u017eeni.&#8220;<\/p>\n<p>V Belfastu se stovky lid\u00ed shrom\u00e1\u017edily p\u0159ed radnic\u00ed, aby po\u017eadovaly dal\u0161\u00ed vl\u00e1dn\u00ed opat\u0159en\u00ed uprost\u0159ed krize \u017eivotn\u00edch n\u00e1klad\u016f.\u00a0Na akci po\u0159\u00e1dan\u00e9 koalic\u00ed Cost of Living Coalition vystoupili z\u00e1stupci odbor\u016f, komunitn\u00edch skupin a politick\u00fdch stran.<\/p>\n<p>Jedn\u00edm z t\u011bch, kte\u0159\u00ed ke shrom\u00e1\u017ed\u011bn\u00ed promluvili, byl d\u011btsk\u00fd komisa\u0159 pro Severn\u00ed Irsko Kullah Yeasuma.\u00a0Podle n\u00ed \u017eilo v regionu je\u0161t\u011b p\u0159ed vypuknut\u00edm pandemie asi 110 tis\u00edc d\u011bt\u00ed pod hranic\u00ed chudoby.\u00a0&#8220;\u00a0<em>Nedok\u00e1\u017eu si ani p\u0159edstavit, jak bude situace vypadat do V\u00e1noc<\/em>\u00a0,&#8220; varoval Yiasuma a dodal, \u017ee existuj\u00ed v\u0161echny d\u016fvody k obav\u00e1m, \u017ee n\u011bkter\u00e9 d\u011bti mohou v zimn\u00edch m\u011bs\u00edc\u00edch t\u00e9to zimy zem\u0159\u00edt na podchlazen\u00ed.\u00a0&#8220;\u00a0\u00a0<em>Toto je Severn\u00ed Irsko a rok 2022 a my se ob\u00e1v\u00e1me, \u017ee d\u011bti um\u00edraj\u00ed na podchlazen\u00ed<\/em>\u00a0.&#8220;<\/p>\n<p>Mezit\u00edm des\u00edtky ekologick\u00fdch aktivist\u016f zablokovaly provoz na Westminster Bridge, dav sed\u011bl na silnici, hr\u00e1l na n\u00e1stroje a skandoval hesla vyz\u00fdvaj\u00edc\u00ed k boji proti zm\u011bn\u011b klimatu.\u00a0Davy se shrom\u00e1\u017edily tak\u00e9 na n\u00e1dra\u017e\u00ed Euston, odkud k Westminsteru pochodovali z\u00e1stupci organizac\u00ed Just Stop Oil, Extinction Rebellion a Revolutionary Communist Group.<\/p>\n<p>\u201e\u00a0<em>Jde o klimatickou nouzi, lid\u00e9 ji\u017e um\u00edraj\u00ed a dal\u0161\u00ed lid\u00e9 zem\u0159ou na n\u00e1sledky klimatick\u00fdch zm\u011bn<\/em>\u00a0,\u201c citovala z publikace aktivistka, kter\u00e1 se p\u0159edstavila jako Meg.<\/p>\n<p>The Independent p\u0159ipom\u00edn\u00e1, \u017ee protesty po cel\u00e9 zemi prob\u00edhaj\u00ed na pozad\u00ed nejv\u011bt\u0161\u00ed \u017eelezni\u010dn\u00ed st\u00e1vky za posledn\u00ed desetilet\u00ed.\u00a0V sobotu vstoupilo do st\u00e1vky v\u00edce ne\u017e 50 000 pracovn\u00edk\u016f v oboru a jen asi 11 % vlak\u016f jezdilo podle j\u00edzdn\u00edho \u0159\u00e1du.<\/p>\n<p><img decoding=\"async\" loading=\"lazy\" class=\"alignnone size-full wp-image-1185\" src=\"http:\/\/www.infokuryr.cz\/n\/wp-content\/uploads\/2021\/04\/kuryr-podpis.png\" alt=\"\" width=\"84\" height=\"24\" \/><\/p>\n<p>&nbsp;<\/p>\n","protected":false},"excerpt":{"rendered":"<p>Po cel\u00e9 Velk\u00e9 Brit\u00e1nii vy\u0161ly tis\u00edce lid\u00ed do ulic, aby protestovaly proti krizi \u017eivotn\u00edch n\u00e1klad\u016f&#8230;<\/p>\n","protected":false},"author":2,"featured_media":16109,"comment_status":"closed","ping_status":"closed","sticky":false,"template":"","format":"standard","meta":[],"categories":[7],"tags":[371,95,303],"_links":{"self":[{"href":"https:\/\/www.infokuryr.cz\/n\/wp-json\/wp\/v2\/posts\/16107"}],"collection":[{"href":"https:\/\/www.infokuryr.cz\/n\/wp-json\/wp\/v2\/posts"}],"about":[{"href":"https:\/\/www.infokuryr.cz\/n\/wp-json\/wp\/v2\/types\/post"}],"author":[{"embeddable":true,"href":"https:\/\/www.infokuryr.cz\/n\/wp-json\/wp\/v2\/users\/2"}],"replies":[{"embeddable":true,"href":"https:\/\/www.infokuryr.cz\/n\/wp-json\/wp\/v2\/comments?post=16107"}],"version-history":[{"count":0,"href":"https:\/\/www.infokuryr.cz\/n\/wp-json\/wp\/v2\/posts\/16107\/revisions"}],"wp:featuredmedia":[{"embeddable":true,"href":"https:\/\/www.infokuryr.cz\/n\/wp-json\/wp\/v2\/media\/16109"}],"wp:attachment":[{"href":"https:\/\/www.infokuryr.cz\/n\/wp-json\/wp\/v2\/media?parent=16107"}],"wp:term":[{"taxonomy":"category","embeddable":true,"href":"https:\/\/www.infokuryr.cz\/n\/wp-json\/wp\/v2\/categories?post=16107"},{"taxonomy":"post_tag","embeddable":true,"href":"https:\/\/www.infokuryr.cz\/n\/wp-json\/wp\/v2\/tags?post=16107"}],"curies":[{"name":"wp","href":"https:\/\/api.w.org\/{rel}","templated":true}]}}