{"id":16073,"date":"2022-10-02T05:46:08","date_gmt":"2022-10-02T03:46:08","guid":{"rendered":"http:\/\/www.infokuryr.cz\/n\/?p=16073"},"modified":"2022-10-02T05:46:08","modified_gmt":"2022-10-02T03:46:08","slug":"nespokojeni-cesi-pali-v-praze-fialove-slozenky-za-plyn-a-elektrinu","status":"publish","type":"post","link":"https:\/\/www.infokuryr.cz\/n\/2022\/10\/02\/nespokojeni-cesi-pali-v-praze-fialove-slozenky-za-plyn-a-elektrinu\/","title":{"rendered":"Nespokojen\u00ed \u010ce\u0161i p\u00e1l\u00ed v Praze fialov\u00e9 slo\u017eenky za plyn a elekt\u0159inu"},"content":{"rendered":"<div id=\"fb-root\"><\/div>\n<p>\u010clenov\u00e9 hnut\u00ed, stejn\u011b jako mnoho dal\u0161\u00edch \u010cech\u016f, jsou k opat\u0159en\u00edm premi\u00e9ra Petra Fialy a jeho vl\u00e1dy zna\u010dn\u011b kriti\u010dt\u00ed. Tady je jeden z jejich koment\u00e1\u0159\u016f: \u00bb So\u0148a Mizigarova 2300 m\u00e1m platit tohle m\u011bs\u00ed\u010dn\u011b, \u00a0to je vrchol !!!!! To je n\u00e1jem a plyn a nic my nezbude z v\u00fdplaty To my je\u0161t\u011b bude chyb\u011bt 500 a jist s d\u00edt\u011btem budu vzduch oma\u0161t\u011bn\u00fdm, \u00a0v\u011btrem k\u00e9\u017e byste ve vl\u00e1d\u011b cel\u00e1 p\u011btikoalice do r\u00e1na zdechly vy hyeny zkurveny , te\u010f mus\u00edm nechat si vz\u00edt hodiny a opravdu mrznout ,,,nic hor\u0161\u00edho m\u011b nepotkalo ne\u017eli tyhle zkurvenci ve vl\u00e1d\u011b, \u00a0tohle nicoty se mus\u00ed zlikvidovat a okam\u017eit\u011b !!!\u00ab<\/p>\n<p>Z\u00e1kladn\u00edm po\u017eadavkem hnut\u00ed \u00bb\u010cesko, Nepla\u0165&#8216; !\u00ab je, aby byly a\u017e na 30 dn\u00ed zastaveny z\u00e1lohov\u00e9 platby za plyn a elekt\u0159inu. \u010clenov\u00e9 hnut\u00ed o\u010dek\u00e1vaj\u00ed, \u017ee projevem ekonomick\u00e9 neposlu\u0161nosti vyvinou tlak na energetick\u00e9 spole\u010dnosti.<\/p>\n<p><span style=\"font-size: 18pt;\"><strong>Hlavn\u00ed body prohl\u00e1\u0161en\u00ed<\/strong><\/span><\/p>\n<p>\u00bbNa\u0161i p\u0159edkov\u00e9 vytvo\u0159ili na\u0161i vlast, abychom v n\u00ed mohli pohodln\u011b \u017e\u00edt. Proto jsme proti ukrajinizaci \u010cesk\u00e9 republiky. Milujeme svou zemi a vyz\u00fdv\u00e1me k odm\u00edtnut\u00ed extremistick\u00fdch a n\u00e1siln\u00fdch akc\u00ed, jejich\u017e c\u00edlem je zni\u010dit n\u00e1\u0161 st\u00e1t.<\/p>\n<p>Nev\u011b\u0159\u00edme, \u017ee politick\u00e9 strany, ob\u010dansk\u00e1 sdru\u017een\u00ed a komunitn\u00ed l\u00edd\u0159i mohou ovliv\u0148ovat vl\u00e1du, ani\u017e by k tomu m\u011bli praktick\u00e9 n\u00e1stroje. V\u0161echna politick\u00e1 opat\u0159en\u00ed, kter\u00e1 jsme m\u011bli k dispozici, ji\u017e d\u00e1vno selhala.<\/p>\n<p>Na\u0161e hnut\u00ed usiluje o n\u00e1vrat skute\u010dn\u00e9 moci do rukou lidu nez\u00e1visl\u00fdm rozhodov\u00e1n\u00edm o ekonomick\u00e9 loajalit\u011b v\u016f\u010di fialov\u00e9 vl\u00e1d\u011b pouze lid rozhoduje o tom, zda bude \u010di nebude loaj\u00e1ln\u00ed v\u016f\u010di vl\u00e1d\u011b.\u00ab<\/p>\n<p><span style=\"font-size: 18pt;\"><strong>Navrhujeme:<\/strong><\/span><\/p>\n<p>1) \u00a0Neplatit, neboli pozdr\u017eet z\u00e1lohy na plyn a elekt\u0159inu a\u017e po dobu 30 dn\u016f.<\/p>\n<p>2) \u00a0Podle dohody s energetick\u00fdmi firmami v tomto obdob\u00ed nedostanete pokutu ani n\u00e1v\u0161t\u011bvu exekutor\u016f, nebudete odpojeni od s\u00edt\u011b. A v\u0161ichni ti, kte\u0159\u00ed v\u00e1s stra\u0161\u00ed exekutory, pokud se akce z\u00fa\u010dastn\u00edte, se sna\u017e\u00ed vyu\u017e\u00edt va\u0161\u00ed neznalosti va\u0161ich pr\u00e1v, proto\u017ee se boj\u00ed, \u017ee z\u00edsk\u00e1te zp\u011bt faktickou moc.<\/p>\n<p><span style=\"font-size: 18pt;\"><strong>Pro\u010d to bude fungovat: \u00a0<\/strong><\/span><\/p>\n<p>Syst\u00e9m z\u00e1lohov\u00fdch plateb je nejslab\u0161\u00edm m\u00edstem finan\u010dn\u00edho syst\u00e9mu. Pen\u00edze, kter\u00e9 zaplat\u00edte jako z\u00e1stavu, v\u00e1m d\u00e1vaj\u00ed mo\u017enost p\u0159esunout probl\u00e9m vysok\u00fdch cen z ramen energetick\u00fdch spole\u010dnost\u00ed, kter\u00e9 na v\u00e1s vyd\u011bl\u00e1vaj\u00ed miliardy korun, na bedra b\u011b\u017en\u00fdch spot\u0159ebitel\u016f. T\u00edmto zp\u016fsobem zaplat\u00edte energetickou krizi vy sv\u00fdmi \u00fasporami (pokud n\u011bjak\u00e9 m\u00e1te) a energetick\u00e9 spole\u010dnosti na v\u00e1s vyd\u011blaj\u00ed n\u00e1kupem energie na n\u011bmeck\u00e9 burze. T\u00edm, \u017ee odm\u00edtnete zaplatit z\u00e1lohu nebo ji co nejv\u00edce odlo\u017e\u00edte, p\u0159enesete b\u0159emeno na bedra energetick\u00fdch spole\u010dnost\u00ed. To na n\u011b bude vyv\u00edjet ekonomick\u00fd i psychologick\u00fd tlak. Co\u017e nebudou schopni ust\u00e1t. Ve skute\u010dnosti vyv\u00edj\u00edte tlak na energetick\u00e9 spole\u010dnosti a energetick\u00e9 spole\u010dnosti vyv\u00edjej\u00ed tlak na vl\u00e1du, aby pr\u00e1v\u011b te\u010f \u0159e\u0161ila energetickou krizi, m\u00edsto aby n\u00e1m doporu\u010dovala soci\u00e1ln\u00ed d\u00e1vky.<\/p>\n<p><strong>Hnut\u00ed \u00bb\u010cesko nepla\u0165 !\u00ab<\/strong><\/p>\n<p>Odkaz:\u00a0<a href=\"https:\/\/t.me\/ne_plat_cesko\" target=\"_blank\" rel=\"noopener noreferrer\">https:\/\/t.me\/ne_plat_cesko<\/a><\/p>\n<p>&nbsp;<\/p>\n","protected":false},"excerpt":{"rendered":"<p>\u010clenov\u00e9 hnut\u00ed, stejn\u011b jako mnoho dal\u0161\u00edch \u010cech\u016f, jsou k opat\u0159en\u00edm premi\u00e9ra Petra Fialy a jeho&#8230;<\/p>\n","protected":false},"author":2,"featured_media":16074,"comment_status":"closed","ping_status":"closed","sticky":false,"template":"","format":"standard","meta":[],"categories":[6],"tags":[3180,1497,3020,3439,99],"_links":{"self":[{"href":"https:\/\/www.infokuryr.cz\/n\/wp-json\/wp\/v2\/posts\/16073"}],"collection":[{"href":"https:\/\/www.infokuryr.cz\/n\/wp-json\/wp\/v2\/posts"}],"about":[{"href":"https:\/\/www.infokuryr.cz\/n\/wp-json\/wp\/v2\/types\/post"}],"author":[{"embeddable":true,"href":"https:\/\/www.infokuryr.cz\/n\/wp-json\/wp\/v2\/users\/2"}],"replies":[{"embeddable":true,"href":"https:\/\/www.infokuryr.cz\/n\/wp-json\/wp\/v2\/comments?post=16073"}],"version-history":[{"count":0,"href":"https:\/\/www.infokuryr.cz\/n\/wp-json\/wp\/v2\/posts\/16073\/revisions"}],"wp:featuredmedia":[{"embeddable":true,"href":"https:\/\/www.infokuryr.cz\/n\/wp-json\/wp\/v2\/media\/16074"}],"wp:attachment":[{"href":"https:\/\/www.infokuryr.cz\/n\/wp-json\/wp\/v2\/media?parent=16073"}],"wp:term":[{"taxonomy":"category","embeddable":true,"href":"https:\/\/www.infokuryr.cz\/n\/wp-json\/wp\/v2\/categories?post=16073"},{"taxonomy":"post_tag","embeddable":true,"href":"https:\/\/www.infokuryr.cz\/n\/wp-json\/wp\/v2\/tags?post=16073"}],"curies":[{"name":"wp","href":"https:\/\/api.w.org\/{rel}","templated":true}]}}