{"id":16051,"date":"2022-10-02T01:00:09","date_gmt":"2022-10-01T23:00:09","guid":{"rendered":"http:\/\/www.infokuryr.cz\/n\/?p=16051"},"modified":"2022-10-01T15:49:53","modified_gmt":"2022-10-01T13:49:53","slug":"zdenek-jemelik-devaty-den-procesu-nagyova-babis","status":"publish","type":"post","link":"https:\/\/www.infokuryr.cz\/n\/2022\/10\/02\/zdenek-jemelik-devaty-den-procesu-nagyova-babis\/","title":{"rendered":"Zden\u011bk Jemel\u00edk: Dev\u00e1t\u00fd den procesu Nagyov\u00e1-Babi\u0161"},"content":{"rendered":"<div id=\"fb-root\"><\/div>\n<p><strong>Dne 30. z\u00e1\u0159\u00ed 2022 prob\u011bhlo hlavn\u00ed l\u00ed\u010den\u00ed v kauze Nagyov\u00e1-Babi\u0161 za \u00fa\u010dasti ob\u017e. Jany Nagyov\u00e9. Z po\u010d\u00e1tku byl p\u0159\u00edtomen i ob\u017e. Andrej Babi\u0161, ale po p\u0159est\u00e1vce v 10:15 se do soudn\u00ed s\u00edn\u011b nevr\u00e1til. Jeho nep\u0159\u00edtomnost povolil sen\u00e1t usnesen\u00edm.<\/strong><\/p>\n<p>Dostavilo se p\u011bt p\u0159edvolan\u00fdch sv\u011bdk\u016f, ale hned prvn\u00ed z nich vyu\u017eil sv\u00e9ho pr\u00e1va k odm\u00edtnut\u00ed v\u00fdpov\u011bdi a za \u0161est minut od zah\u00e1jen\u00ed l\u00ed\u010den\u00ed opustil soudn\u00ed s\u00ed\u0148. D\u016fvod m\u011bl pochopiteln\u00fd: je \u00fa\u010dastn\u00edkem jin\u00e9ho \u017eiv\u00e9ho trestn\u00edho \u0159\u00edzen\u00ed, kter\u00e9 se t\u00fdk\u00e1 spole\u010dnosti Farma \u010cap\u00ed hn\u00edzdo.<\/p>\n<p>Druh\u00fd sv\u011bdek d\u016fvod k odep\u0159en\u00ed v\u00fdpov\u011bdi nem\u011bl. Od r.2010 byl p\u0159edsedou p\u0159edstavenstva spole\u010dnosti Farma \u010cap\u00ed hn\u00edzdo. Nyn\u00ed je \u010dlenem p\u0159edstavenstva spole\u010dnosti Imoba. Sezn\u00e1mil se s ob\u017e. Janu Nagyovou n\u011bkdy v obdob\u00ed 2011-2013. Ob\u017e. Andreje Babi\u0161e v\u00eddal p\u0159i p\u0159\u00edle\u017eitosti r\u016fzn\u00fdch akc\u00ed, kter\u00e9 se konaly v objektech farmy. M\u011bl povinnost p\u0159edkl\u00e1dat ROPu ka\u017ed\u00fd rok zpr\u00e1vy o pln\u011bn\u00ed dota\u010dn\u00edho titulu. V jedn\u00e9 z nich byly n\u011bjak\u00e9 vady, jejich\u017e n\u00e1pravu \u0159e\u0161il na ROPu spolu s ob\u017e. Janou Nagyovou. Jinak s n\u00ed nep\u0159ich\u00e1zel do styku. Za \u00fasp\u011bch sv\u00e9ho p\u016fsoben\u00ed pova\u017euje pln\u011bn\u00ed dota\u010dn\u00edho programu.<\/p>\n<p>Popisoval obchodn\u00ed \u010dinnost spole\u010dnosti Farma \u010cap\u00ed hn\u00edzdo, zejm\u00e9na reklamn\u00ed \u010dinnost a spole\u010densk\u00e9 akce pro ciz\u00ed firmy, \u0161koly a dal\u0161\u00ed. Zaji\u0161\u0165oval dostavbu are\u00e1lu.<\/p>\n<p>Ve funkci p\u0159edsedy p\u0159edstavenstva skon\u010dil p\u0159i f\u00fazi spole\u010dnosti s Imobou. Nev\u011bd\u011bl, kdo jsou akcion\u00e1\u0159i. Do \u010dinnosti mu nezasahoval ob\u017e. Andrej Babi\u0161, ani ob\u017e. Nagyov\u00e1.<\/p>\n<p>Na dotaz p\u0159edsedy sen\u00e1tu vysv\u011btlil, jakou funkci m\u011bl objekt, ozna\u010dovan\u00fd jako Vila. Pronaj\u00edmali jej r\u016fzn\u00fdm z\u00e1jemc\u016fm a posl\u00e9ze si jej pronajal Agrofert. D\u00e1le vysv\u011btlil n\u00e1pl\u0148 \u010dinnosti Agrofertu jako partnersk\u00e9 firmy. V dob\u011b, kdy nastoupil, ji\u017e v\u0161echny \u010dinnosti b\u011b\u017eely a byly k nim uzav\u0159eny smlouvy. Agrofert vedl jako slu\u017ebu pro Farmu \u010cap\u00ed hn\u00edzdo jej\u00ed \u00fa\u010detnictv\u00ed.<\/p>\n<p>P\u0159edseda sen\u00e1tu sv\u011bdka navedl k vypr\u00e1v\u011bn\u00ed o pracovn\u00edch styc\u00edch s finan\u010dn\u00ed \u0159editelkou Agrofertu Petrou Proch\u00e1zkovou. Kdy\u017e vyslovil domn\u011bnku, \u017ee finan\u010dn\u00ed \u0159editelka Agrofertu nemohla m\u00edt z\u00e1jem o finan\u010dn\u00ed pomoc ciz\u00ed spole\u010dnosti (tj. Farm\u011b \u010cap\u00ed hn\u00edzdo), povstali oba advok\u00e1ti Barton\u010d\u00edkov\u00e9 s protestem, ozna\u010duj\u00edc\u00edm jeho v\u00fdroky za spekulaci soudu.<\/p>\n<p>Na dotaz p\u0159edsedy sen\u00e1tu sv\u011bdek odpov\u011bd\u011bl, \u017ee zn\u00e1 i pan\u00ed Moniku Babi\u0161ovou, spolupracoval s n\u00ed jako s designerkou. Nev\u00ed v podstat\u011b nic o p\u016fsoben\u00ed ob\u017e. Andreje Babi\u0161e v \u010dele spole\u010dnosti Imoba. Po jeho odchodu do politiky pan ob\u017ealovan\u00fd \u201ezmizel z jeho sv\u011bta\u201c.<\/p>\n<p>P\u0159ev\u00e1\u017en\u011b popisoval vnit\u0159n\u00ed chod firmy. Kr\u00e1tkou pozn\u00e1mkou jej doplnila ob\u017e. Jana Nagyov\u00e1.<\/p>\n<p>Jeho vystoupen\u00ed trvalo zhruba 50 min. Z hlediska posuzov\u00e1n\u00ed viny ob\u017ealovan\u00fdch byl tento v\u00fdslech podle m\u00e9ho laick\u00e9ho \u00fasudku neutr\u00e1ln\u00ed.<\/p>\n<p>Zhruba dvacet minut do p\u0159\u00edchodu dal\u0161\u00edho sv\u011bdka vyplnil p\u0159edseda sen\u00e1tu \u010dten\u00edm protokolu z p\u0159\u00edpravn\u00e9ho \u0159\u00edzen\u00ed o v\u00fdslechu sv\u011bdka, jeho\u017e osobn\u00ed vystoupen\u00ed \u017ealobce nepo\u017eadoval.<\/p>\n<p>Sv\u011bdek se p\u0159ihl\u00e1sil k zn\u00e1mosti s ob\u017e. Janou Nagyovou, s kterou nejd\u0159\u00edve jednal o mo\u017enosti p\u016fsoben\u00ed jako konzultant pro spole\u010dnost Farma \u010cap\u00ed hn\u00edzdo ve v\u011bcech cestovn\u00edho ruchu. Poskytl n\u011bkolik bezplatn\u00fdch konzultac\u00ed. Pozd\u011bji dostal nab\u00eddku, aby nastoupil jako \u0159editel \u010cap\u00edho hn\u00edzda. Nab\u00eddku p\u0159ijal. Asi po roce se stal p\u0159edsedou p\u0159edstavenstva. Za jeho p\u016fsoben\u00ed do\u0161lo ke kolaudaci objektu. Po dosa\u017een\u00ed pln\u00e9ho provozu v cestovn\u00edm ruchu pova\u017eoval svou misi za ukon\u010denou a ze spole\u010dnosti ode\u0161el. \u010cap\u00ed hn\u00edzdo pova\u017euje za unik\u00e1tn\u00ed projekt v oblasti cestovn\u00edho ruchu. Setkal se n\u011bkolikr\u00e1t s ob\u017e. Andreje Babi\u0161em, a to v\u00fdlu\u010dn\u011b pracovn\u011b jako s p\u0159edstavitelem partnersk\u00e9 organizace Agrofert. Partnerstv\u00ed spo\u010d\u00edvalo hlavn\u011b v \u00fav\u011brov\u00e1n\u00ed firmy. Bez partnerstv\u00ed by nebylo mo\u017en\u00e9 are\u00e1l \u010cap\u00edho hn\u00edzda udr\u017eet v provozu. Nezn\u00e1 Andreje Babi\u0161e ml., ale Adrianu Bobekovou ano. Moniku Babi\u0161ovou potkal jen ve spole\u010dnosti pana ob\u017ealovan\u00e9ho. Hl\u00e1sil se k znalosti i dal\u0161\u00edch vedouc\u00edch \u010dinitel\u016f spole\u010dnosti Farma \u010cap\u00ed hn\u00edzdo. Toto sv\u011bdectv\u00ed obsahuje \u0159adu detailn\u00edch informac\u00ed o d\u011bn\u00ed ve firm\u011b, kter\u00e9 jsou dle m\u00e9ho laick\u00e9ho \u00fasudku jako celek bezv\u00fdznamn\u00e9.<\/p>\n<p>T\u0159et\u00ed sv\u011bdek zn\u00e1 oba ob\u017ealovan\u00e9 zejm\u00e9na ze sd\u011blovac\u00edch prost\u0159edk\u016f, ob\u017e. Andreje Babi\u0161e z v\u00fdstavby \u010cap\u00edho hn\u00edzda. Ve firm\u011b Farma \u010cap\u00ed hn\u00edzdo p\u016fsobil v letech 2006-2007 jako stavebn\u00ed dozor pro investora. Zn\u00e1 i \u010dinitele, kte\u0159\u00ed se \u00fa\u010dastnili kontroln\u00edch dn\u00ed na stavb\u011b. Nev\u00ed nic o dotac\u00edch. Osobn\u011b nezn\u00e1 nikoho z rodinn\u00fdch p\u0159\u00edslu\u0161n\u00edk\u016f ob\u017e. Andreje Babi\u0161e. Znal i t\u0159i p\u0159edsedy p\u0159edstavenstva, kte\u0159\u00ed se postupn\u011b v t\u00e9to funkci vyst\u0159\u00eddali. Ob\u017e. Andreje Babi\u0161e vid\u011bl na kontroln\u00edch dnech velmi z\u0159\u00eddka, ale \u201ev\u00edce ne\u017e jednou\u201c. Stejn\u011b jako jin\u00fdch sv\u011bdk\u016f se jej p\u0159edseda sen\u00e1tu ptal na objekt Vila, j\u00edm\u017e je z\u0159ejm\u011b posedl\u00fd. Sv\u011bdek nev\u00ed nic o tom, \u017ee by ob\u017e. Andrej Babi\u0161 m\u011bl o objekt speci\u00e1ln\u00ed z\u00e1jem. Poskytl je\u0161t\u011b n\u011bkolik nezaj\u00edmav\u00fdch odpov\u011bd\u00ed na nezaj\u00edmav\u00e9 ot\u00e1zky \u017ealobce a advok\u00e1t\u016f a po p\u016flhodin\u011b od za\u010d\u00e1tku opustil soudn\u00ed s\u00ed\u0148. Po skon\u010den\u00ed jeho v\u00fdpov\u011bdi ji kr\u00e1tce doplnila ob\u017e. Jana Nagyov\u00e1.<\/p>\n<p>Vyst\u0159\u00eddal jej sv\u011bdek, kter\u00fd je profes\u00ed ornitolog, jeho\u017e tehdej\u0161\u00ed p\u0159edseda p\u0159edstavenstva p\u0159izval, aby pomohl se zabezpe\u010den\u00edm \u010dap\u00edho hn\u00edzda p\u0159i zbour\u00e1n\u00ed a nov\u00e9 v\u00fdstavb\u011b kom\u00edna. Pozd\u011bji je\u0161t\u011b konzultoval v\u00fdstavbu zoo koutku. V t\u00e9 souvislosti se sezn\u00e1mil s ob\u017e. Andrejem Babi\u0161em, kter\u00fd se velmi zaj\u00edmal o budov\u00e1n\u00ed za\u0159\u00edzen\u00ed pro zv\u00ed\u0159ata. Stal se \u010dlenem dozor\u010d\u00ed rady, ale v podstat\u011b se na jej\u00ed \u010dinnosti nepod\u00edlel. Kdy\u017e do zoo koutku p\u0159ibyly lamy a lemu\u0159i, kte\u0159\u00ed nejsou sou\u010d\u00e1st\u00ed na\u0161\u00ed fauny, ztratil z\u00e1jem. Poznal i pan\u00ed Moniku a men\u0161\u00ed d\u011bti. Jeho v\u00fdpov\u011b\u010f doplnila kr\u00e1tkou pozn\u00e1mkou ob\u017e. Jana Nagyov\u00e1, se kterou se rovn\u011b\u017e znal. Poznala jej kdysi v souvislosti s jeho \u010dinnosti v oboru ochrany zv\u00ed\u0159at a doporu\u010dila jej p\u0159edsedovi p\u0159edstavenstva. Sv\u00e9 vystoupen\u00ed zvl\u00e1dl zhruba za 10 min.<\/p>\n<p>Jako posledn\u00ed p\u0159edstoupil p\u0159ed soud b\u00fdval\u00fd provozn\u00ed \u0159editel Farmy \u010cap\u00ed hn\u00edzdo, jen\u017e nezn\u00e1 ob\u017e. Janu Nagyovou a ob\u017e. Andreje Babi\u0161e zn\u00e1 z jeho p\u0159\u00edle\u017eitostn\u00fdch n\u00e1v\u0161t\u011bv are\u00e1lu. Pozd\u011bji p\u0159e\u0161el do spole\u010dnosti Imoba, odkud ode\u0161el v r.2018. Byl \u010dlenem p\u0159edstavenstva Farmy \u010cap\u00ed hn\u00edzdo do f\u00faze s Imobou. Provozn\u00ed v\u011bci nikdy ne\u0159e\u0161il s ob\u017e. Andrejem Babi\u0161em.Provozn\u00edm \u0159editelem farmy z\u016fstal i po f\u00fazi. V\u011bnoval se pouze provozu, tak\u017ee o \u00fav\u011brech, dotac\u00edch, vztaz\u00edch k Agrofertu , struktu\u0159e akcion\u00e1\u0159\u016f, d\u016fvodech f\u00faze s Imobou nic nev\u00ed. Z\u00fa\u010dastnil se valn\u00fdch hromad, na nich\u017e pod\u00e1val zpr\u00e1vy. Nezn\u00e1 star\u0161\u00ed d\u011bti ob\u017e. Andreje Babi\u0161e, ale jeho man\u017eelku Moniku a men\u0161\u00ed d\u011bti ano. V\u00ed, \u017ee rodina Babi\u0161ova bydlela v objektu Vila. Pamatuje si, \u017ee Farma \u010cap\u00ed hn\u00edzdo slou\u017eila k propagaci r\u016fzn\u00fdch z\u00e1jemc\u016f. Bylo to v\u00fdznamn\u00fdm zdrojem p\u0159\u00edjm\u016f pro firmu. V dob\u011b, kdy nastupoval do firmy, do\u0161lo k \u00fapadku turistick\u00e9ho ruchu, ale \u010dasem se situace zlep\u0161ila. Jeho vystoupen\u00ed skon\u010dilo po 15 min.<\/p>\n<p>Po jeho odchodu ods. Jana Nagyov\u00e1 ozn\u00e1mila p\u0159\u00e1n\u00ed vyj\u00e1d\u0159it se p\u0159i hlavn\u00edm l\u00ed\u010den\u00ed dne 17.\u0159\u00edjna 2022 k jedn\u00e9 \u010dtvrte\u010dn\u00ed sv\u011bdeck\u00e9 v\u00fdpov\u011bdi, v kter\u00e9 podle jej\u00edho n\u00e1zoru jsou z\u00e1va\u017en\u00e9 nep\u0159esnosti, t\u00fdkaj\u00edc\u00ed se \u0159\u00edzen\u00ed o poskytnut\u00ed dotace.<\/p>\n<p>P\u0159edseda sen\u00e1tu pak zavr\u0161il program dvacetiminutov\u00fdm \u010dten\u00edm protokolu z druh\u00e9ho v\u00fdslechu v p\u0159\u00edpravn\u00e9m \u0159\u00edzen\u00ed sv\u011bdka, jeho\u017e prvn\u00ed v\u00fdpov\u011b\u010f \u010detl dopoledne. Protokol obsahoval informaci o tom, \u017ee se sv\u011bdek dom\u00e1hal zasl\u00e1n\u00edm sms zpr\u00e1v na M\u011bstsk\u00e9 st\u00e1tn\u00ed zastupitelstv\u00ed v Praze dal\u0161\u00edho v\u00fdslechu, proto\u017ee p\u0159i prvn\u00edm ne\u0159ekl v\u0161e, co bylo t\u0159eba. Vysv\u011btlil pak, \u017ee z obav o zdrav\u00ed sv\u00e9 a rodiny zaml\u010del p\u0159i prvn\u00edm v\u00fdslechu n\u011bkter\u00e9 informace, z\u010d\u00e1sti pod tlakem st\u00e1tn\u00edch z\u00e1stupc\u016f. Objasnil pak, \u017ee m\u011bl odpov\u011bdnost za v\u010dasnou dostavbu are\u00e1lu, o nic dal\u0161\u00edho se nezaj\u00edmal a nem\u011bl nic spole\u010dn\u00e9ho s jedn\u00e1n\u00edm o poskytnut\u00ed dotace. Domn\u00edval se, \u017ee vlastn\u00edkem farmy je Agrofert, pop\u0159. osobn\u011b ob\u017e. Andrej Babi\u0161. Vysv\u011btlil d\u016fvodnost obav o zdrav\u00ed, danou t\u00edm, \u017ee p\u0159ed v\u00fdslechem jej kontaktoval advok\u00e1t Barton\u010d\u00edk. Na setk\u00e1n\u00ed dostal pokyny, jak by m\u011bl odpov\u00eddat na pravd\u011bpodobn\u011b p\u0159edlo\u017een\u00e9 ot\u00e1zky. Ne\u010delil ale p\u0159\u00edm\u00e9mu vyhro\u017eov\u00e1n\u00ed. N\u00e1sledn\u011b opravil a doplnil n\u011bkter\u00e9 \u00fadaje z prvn\u00edho v\u00fdslechu, zejm\u00e9na zd\u016fraznil \u0159\u00edd\u00edc\u00ed \u00falohu ob\u017e. Andreje Babi\u0161e, jeho\u017e pova\u017eoval za majitele Farmy \u010cap\u00ed hn\u00edzdo. P\u0159iznal se k finan\u010dn\u00edm z\u00e1vazk\u016fm v\u016f\u010di spolupracovn\u00edk\u016fm.<\/p>\n<p>Po kr\u00e1tk\u00fdch vystoupen\u00edch ob\u017e. Jany Nagyov\u00e9 a advok\u00e1t\u016f p\u0159edseda sen\u00e1tu informoval o p\u0159ipraven\u00e9m programu na hlavn\u00ed l\u00ed\u010den\u00ed ve dnech 17.- 21. \u0159\u00edjna 2022 a hlavn\u00ed l\u00ed\u010den\u00ed odro\u010dil.<\/p>\n<p><strong>Zden\u011bk Jemel\u00edk<\/strong><\/p>\n<p><img decoding=\"async\" loading=\"lazy\" class=\"alignnone size-medium wp-image-357\" src=\"http:\/\/www.infokuryr.cz\/n\/wp-content\/uploads\/2021\/04\/Jemelik-u-soudu-300x145.jpeg\" alt=\"\" width=\"300\" height=\"145\" srcset=\"https:\/\/www.infokuryr.cz\/n\/wp-content\/uploads\/2021\/04\/Jemelik-u-soudu-300x145.jpeg 300w, https:\/\/www.infokuryr.cz\/n\/wp-content\/uploads\/2021\/04\/Jemelik-u-soudu.jpeg 320w\" sizes=\"(max-width: 300px) 100vw, 300px\" \/><\/p>\n<p>&nbsp;<\/p>\n","protected":false},"excerpt":{"rendered":"<p>Dne 30. z\u00e1\u0159\u00ed 2022 prob\u011bhlo hlavn\u00ed l\u00ed\u010den\u00ed v kauze Nagyov\u00e1-Babi\u0161 za \u00fa\u010dasti ob\u017e. Jany Nagyov\u00e9&#8230;.<\/p>\n","protected":false},"author":2,"featured_media":15131,"comment_status":"closed","ping_status":"closed","sticky":false,"template":"","format":"standard","meta":[],"categories":[6],"tags":[3001,3322,324],"_links":{"self":[{"href":"https:\/\/www.infokuryr.cz\/n\/wp-json\/wp\/v2\/posts\/16051"}],"collection":[{"href":"https:\/\/www.infokuryr.cz\/n\/wp-json\/wp\/v2\/posts"}],"about":[{"href":"https:\/\/www.infokuryr.cz\/n\/wp-json\/wp\/v2\/types\/post"}],"author":[{"embeddable":true,"href":"https:\/\/www.infokuryr.cz\/n\/wp-json\/wp\/v2\/users\/2"}],"replies":[{"embeddable":true,"href":"https:\/\/www.infokuryr.cz\/n\/wp-json\/wp\/v2\/comments?post=16051"}],"version-history":[{"count":0,"href":"https:\/\/www.infokuryr.cz\/n\/wp-json\/wp\/v2\/posts\/16051\/revisions"}],"wp:featuredmedia":[{"embeddable":true,"href":"https:\/\/www.infokuryr.cz\/n\/wp-json\/wp\/v2\/media\/15131"}],"wp:attachment":[{"href":"https:\/\/www.infokuryr.cz\/n\/wp-json\/wp\/v2\/media?parent=16051"}],"wp:term":[{"taxonomy":"category","embeddable":true,"href":"https:\/\/www.infokuryr.cz\/n\/wp-json\/wp\/v2\/categories?post=16051"},{"taxonomy":"post_tag","embeddable":true,"href":"https:\/\/www.infokuryr.cz\/n\/wp-json\/wp\/v2\/tags?post=16051"}],"curies":[{"name":"wp","href":"https:\/\/api.w.org\/{rel}","templated":true}]}}