{"id":15965,"date":"2022-09-30T09:16:47","date_gmt":"2022-09-30T07:16:47","guid":{"rendered":"http:\/\/www.infokuryr.cz\/n\/?p=15965"},"modified":"2022-09-30T09:16:47","modified_gmt":"2022-09-30T07:16:47","slug":"pentagon-vytvori-ukrajinske-veleni","status":"publish","type":"post","link":"https:\/\/www.infokuryr.cz\/n\/2022\/09\/30\/pentagon-vytvori-ukrajinske-veleni\/","title":{"rendered":"Pentagon vytvo\u0159\u00ed \u201eukrajinsk\u00e9 velen\u00ed\u201c"},"content":{"rendered":"<div id=\"fb-root\"><\/div>\n<p><span style=\"font-size: 18pt;\"><strong>Nov\u00e1 vojensk\u00e1 jednotka bude \u00fadajn\u011b vych\u00e1zet z \u201ecvi\u010den\u00ed a pomoci v Ir\u00e1ku a Afgh\u00e1nist\u00e1nu\u201c za posledn\u00edch 20 let.<\/strong><\/span><\/p>\n<p>Pentagon pracuje na vytvo\u0159en\u00ed nov\u00e9ho vojensk\u00e9ho velen\u00ed v\u011bnovan\u00e9ho vyzbrojov\u00e1n\u00ed a v\u00fdcviku ukrajinsk\u00fdch voj\u00e1k\u016f, \u0159ekli ameri\u010dt\u00ed p\u0159edstavitel\u00e9 mnoha m\u00e9di\u00edm\u00a0 nazna\u010dili, \u017ee toto \u00fasil\u00ed \u00fa\u010dinn\u011b <em>\u201ep\u0159epracuje\u201c<\/em>\u00a0sou\u010dasn\u00fd proces p\u0159esun\u016f zbran\u00ed do Kyjeva.<\/p>\n<p>Velen\u00ed by s\u00eddlilo v n\u011bmeck\u00e9m Wiesbadenu \u2013 kde m\u00e1 americk\u00e1 arm\u00e1da sv\u00e9 evropsk\u00e9 velitelstv\u00ed \u2013 a tvo\u0159ilo by ho 300 \u010dlen\u016f person\u00e1lu pod veden\u00edm gener\u00e1la Christophera Cavoliho, kter\u00fd vede evropsk\u00e9 velitelstv\u00ed arm\u00e1dy, podle nejmenovan\u00fdch \u00fa\u0159edn\u00edk\u016f citovan\u00fdch\u00a0<a href=\"https:\/\/archive.ph\/a0iFV\">New York Times<\/a>\u00a0. a\u00a0<a href=\"https:\/\/www.cnn.com\/2022\/09\/29\/politics\/pentagon-new-command-arming-training-ukraine\/index.html\">CNN<\/a>\u00a0ve \u010dtvrtek.<\/p>\n<p><em>\u201eZm\u011bny, jejich\u017e c\u00edlem je d\u00e1t form\u00e1ln\u00ed strukturu tomu, co bylo improvizov\u00e1no od za\u010d\u00e1tku v\u00e1lky, jsou zhruba modelov\u00e1ny na americk\u00e9m \u00fasil\u00ed o v\u00fdcvik a pomoc v Ir\u00e1ku a Afgh\u00e1nist\u00e1nu za posledn\u00ed dv\u011b desetilet\u00ed,\u201c<\/em>\u00a0uvedl Times.<\/p>\n<p>Zat\u00edmco nov\u00e1 jednotka se bude sna\u017eit prov\u00e9st velk\u00e9 zm\u011bny sou\u010dasn\u00e9ho programu vlak\u016f a vybaven\u00ed pro Kyjev, Wiesbaden z\u016fstane kl\u00ed\u010dovou sou\u010d\u00e1st\u00ed pl\u00e1nu, proto\u017ee v\u011bt\u0161ina ukrajinsk\u00fdch voj\u00e1k\u016f, kte\u0159\u00ed jsou v sou\u010dasn\u00e9 dob\u011b instruov\u00e1ni o americk\u00fdch zbran\u00edch, tak \u010din\u00ed ve m\u011bst\u011b nebo v jeho bl\u00edzkosti. .<\/p>\n<p>Od doby, kdy Rusko koncem \u00fanora vyslalo voj\u00e1ky do sousedn\u00ed zem\u011b, vojenskou pomoc USA Ukrajin\u011b z velk\u00e9 \u010d\u00e1sti \u0159\u00eddil gener\u00e1lporu\u010d\u00edk Christopher Donahue, kter\u00fd tak\u00e9 loni dohl\u00ed\u017eel na chaotickou evakuaci americk\u00fdch sil z Afgh\u00e1nist\u00e1nu.\u00a0Donahue a jeho \u0161t\u00e1b se v\u0161ak p\u0159\u00ed\u0161t\u00ed m\u011bs\u00edc vr\u00e1t\u00ed dom\u016f, co\u017e vytvo\u0159\u00ed pot\u0159ebu specializovan\u00e9ho velen\u00ed zam\u011b\u0159en\u00e9ho na v\u00fdcvik a vyzbrojov\u00e1n\u00ed ukrajinsk\u00fdch jednotek.<\/p>\n<p>N\u00e1vrh na novou jednotku p\u016fvodn\u011b p\u0159ednesl d\u0159\u00edve v konfliktu gener\u00e1l Tod Wolters, p\u0159i\u010dem\u017e Cavoli my\u0161lenku \u201edoladil\u201c pot\u00e9, co v \u010dervenci zaujal m\u00edsto v EUCOM, podle Times.<\/p>\n<p>Na konci srpna Wall Street Journal podobn\u011b uvedl, \u017ee Washington se sna\u017e\u00ed jmenovat gener\u00e1la, kter\u00fd by vedl program vyzbrojen\u00ed a vlaku na Ukrajin\u011b, co\u017e nazna\u010duje, \u017ee by iniciativa mohla z\u00edskat ofici\u00e1ln\u00ed n\u00e1zev mise a tak\u00e9\u00a0<em>\u201edlouhodob\u00e9, specializovan\u00e9 financov\u00e1n\u00ed\u201c. \u201c<\/em>\u00a0od vl\u00e1dy USA.\u00a0Port\u00e1l dodal, \u017ee zm\u011bny znamenaj\u00ed\u00a0<em>\u201eposun od p\u0159ev\u00e1\u017en\u011b ad hoc snahy poskytovat Ukrajinc\u016fm v\u00fdcvik a pomoc po cel\u00e1 l\u00e9ta\u201c.<\/em><\/p>\n<p>USA zat\u00edm letos schv\u00e1lily transfery zbran\u00ed ukrajinsk\u00e9 arm\u00e1d\u011b ve v\u00fd\u0161i t\u00e9m\u011b\u0159 17 miliard dolar\u016f, p\u0159i\u010dem\u017e drtiv\u00e1 v\u011bt\u0161ina t\u00e9to pomoci byla schv\u00e1lena od \u00fanorov\u00e9ho vystup\u0148ovan\u00e9ho nep\u0159\u00e1telstv\u00ed. P\u0159esto\u017ee velk\u00e9 mno\u017estv\u00ed v\u00fdstroje a munice poch\u00e1zelo p\u0159\u00edmo ze st\u00e1vaj\u00edc\u00edch z\u00e1sob, Pentagon tak\u00e9 spolupracuje s dodavateli zbran\u00ed na v\u00fdrob\u011b zbran\u00ed speci\u00e1ln\u011b pro Kyjev, v\u010detn\u011b 18 zbrusu nov\u00fdch vysoce pohybliv\u00fdch d\u011blost\u0159eleck\u00fdch raketov\u00fdch syst\u00e9m\u016f (HIMARS), kter\u00e9 byly ozn\u00e1meny na za\u010d\u00e1tku tohoto t\u00fddne \u2013\u00a0 jedn\u00e1 se o raketov\u00e9 platformy s nejdel\u0161\u00edm dosahem, kter\u00e9 Washington doposud poskytoval.<\/p>\n<p><em>SOUBOROV\u00c1 FOTOGRAFIE: P\u0159edseda Sboru n\u00e1\u010deln\u00edk\u016f \u0161t\u00e1b\u016f USA gener\u00e1l Mark Milley\u00a9\u00a0\u00a0US Air Force \/ Staff Sgt.\u00a0Megan M. Beattyov\u00e1<\/p>\n<p><img decoding=\"async\" loading=\"lazy\" class=\"alignnone size-full wp-image-1185\" src=\"http:\/\/www.infokuryr.cz\/n\/wp-content\/uploads\/2021\/04\/kuryr-podpis.png\" alt=\"\" width=\"84\" height=\"24\" \/><br \/>\n<\/em><\/p>\n<p>&nbsp;<\/p>\n","protected":false},"excerpt":{"rendered":"<p>Nov\u00e1 vojensk\u00e1 jednotka bude \u00fadajn\u011b vych\u00e1zet z \u201ecvi\u010den\u00ed a pomoci v Ir\u00e1ku a Afgh\u00e1nist\u00e1nu\u201c za&#8230;<\/p>\n","protected":false},"author":2,"featured_media":15966,"comment_status":"closed","ping_status":"closed","sticky":false,"template":"","format":"standard","meta":[],"categories":[7],"tags":[84,380,26,3459],"_links":{"self":[{"href":"https:\/\/www.infokuryr.cz\/n\/wp-json\/wp\/v2\/posts\/15965"}],"collection":[{"href":"https:\/\/www.infokuryr.cz\/n\/wp-json\/wp\/v2\/posts"}],"about":[{"href":"https:\/\/www.infokuryr.cz\/n\/wp-json\/wp\/v2\/types\/post"}],"author":[{"embeddable":true,"href":"https:\/\/www.infokuryr.cz\/n\/wp-json\/wp\/v2\/users\/2"}],"replies":[{"embeddable":true,"href":"https:\/\/www.infokuryr.cz\/n\/wp-json\/wp\/v2\/comments?post=15965"}],"version-history":[{"count":0,"href":"https:\/\/www.infokuryr.cz\/n\/wp-json\/wp\/v2\/posts\/15965\/revisions"}],"wp:featuredmedia":[{"embeddable":true,"href":"https:\/\/www.infokuryr.cz\/n\/wp-json\/wp\/v2\/media\/15966"}],"wp:attachment":[{"href":"https:\/\/www.infokuryr.cz\/n\/wp-json\/wp\/v2\/media?parent=15965"}],"wp:term":[{"taxonomy":"category","embeddable":true,"href":"https:\/\/www.infokuryr.cz\/n\/wp-json\/wp\/v2\/categories?post=15965"},{"taxonomy":"post_tag","embeddable":true,"href":"https:\/\/www.infokuryr.cz\/n\/wp-json\/wp\/v2\/tags?post=15965"}],"curies":[{"name":"wp","href":"https:\/\/api.w.org\/{rel}","templated":true}]}}