{"id":1593,"date":"2021-05-12T04:14:17","date_gmt":"2021-05-12T02:14:17","guid":{"rendered":"http:\/\/www.infokuryr.cz\/n\/?p=1593"},"modified":"2021-05-12T04:14:17","modified_gmt":"2021-05-12T02:14:17","slug":"cina-bude-spolu-s-ruskem-a-dalsimi-zememi-hajit-vitezstvi-2-svetove-valky","status":"publish","type":"post","link":"https:\/\/www.infokuryr.cz\/n\/2021\/05\/12\/cina-bude-spolu-s-ruskem-a-dalsimi-zememi-hajit-vitezstvi-2-svetove-valky\/","title":{"rendered":"\u010c\u00edna bude spolu s Ruskem a dal\u0161\u00edmi zem\u011bmi h\u00e1jit v\u00edt\u011bzstv\u00ed 2. sv\u011btov\u00e9 v\u00e1lky"},"content":{"rendered":"<div id=\"fb-root\"><\/div>\n<p>Mluv\u010d\u00ed \u010d\u00ednsk\u00e9ho ministerstva zahrani\u010d\u00ed Hua Chunying (Chua \u010cchun-jing) 10. kv\u011btna na pravideln\u00e9 tiskov\u00e9 konferenci \u0159ekla, \u017ee \u010d\u00ednsk\u00e1 strana bude d\u00e1le spolu s Ruskem a mezin\u00e1rodn\u00edm spole\u010denstv\u00edm h\u00e1jit v\u00edt\u011bzstv\u00ed 2. sv\u011btov\u00e9 v\u00e1lky a t\u011b\u017ece dosa\u017een\u00fd m\u00edr.<\/p>\n<p>Rusko 9. kv\u011btna uspo\u0159\u00e1dalo na Rud\u00e9m n\u00e1m\u011bst\u00ed v Moskv\u011b velkou vojenskou p\u0159ehl\u00eddku, aby oslavilo 76. v\u00fdro\u010d\u00ed v\u00edt\u011bzstv\u00ed velk\u00e9 vlasteneck\u00e9 v\u00e1lky. Rusk\u00fd prezident Vladimir Putin ve sv\u00e9m projevu uvedl, \u017ee n\u011bkter\u00e9 zem\u011b se pokou\u0161ej\u00ed znovu vyzvednout nacismus a prov\u00e1d\u011bt politiku \u201en\u00e1rodn\u00ed v\u00fdjimky\u201c, Rusko v\u017edy h\u00e1j\u00ed pravidla mezin\u00e1rodn\u00edho pr\u00e1va, bude rozhodn\u011b chr\u00e1nit n\u00e1rodn\u00ed z\u00e1jmy a lidovou bezpe\u010dnost.<\/p>\n<p>Hua Chunying k tomu \u0159ekla, \u017ee v posledn\u00edch letech jsme vid\u011bli, \u017ee n\u011bkter\u00e9 zem\u011b prov\u00e1d\u011bj\u00ed nespr\u00e1vnou politiku, jako je unilateralismus a protekcionismus, dr\u017e\u00ed se my\u0161lenky hry s nulov\u00fdm sou\u010dtem a medializuj\u00ed v mezin\u00e1rodn\u00edm spole\u010denstv\u00ed ideologick\u00e9 rozd\u00edly a politick\u00e9 re\u017eimy, sna\u017e\u00ed se vytvo\u0159it \u201emal\u00e9 kruhy\u201c, divize a \u201eskupinov\u00e9 politiky\u201c. V takov\u00e9 mezin\u00e1rodn\u00ed situaci stoj\u00ed \u010c\u00edna a Rusko v\u017edy spolu, pevn\u011b se navz\u00e1jem podporuj\u00ed v ot\u00e1zk\u00e1ch j\u00e1drov\u00fdch z\u00e1jm\u016f druh\u00e9 strany, stav\u00ed se proti hegemonii, aroganci a \u0161ikanov\u00e1n\u00ed, a spole\u010dn\u011b h\u00e1j\u00ed mezin\u00e1rodn\u00ed rovnost a spravedlnost.<\/p>\n<p><img decoding=\"async\" loading=\"lazy\" class=\"alignnone size-full wp-image-1185\" src=\"http:\/\/www.infokuryr.cz\/n\/wp-content\/uploads\/2021\/04\/kuryr-podpis.png\" alt=\"\" width=\"84\" height=\"24\" \/><\/p>\n<p>&nbsp;<\/p>\n","protected":false},"excerpt":{"rendered":"<p>Mluv\u010d\u00ed \u010d\u00ednsk\u00e9ho ministerstva zahrani\u010d\u00ed Hua Chunying (Chua \u010cchun-jing) 10. kv\u011btna na pravideln\u00e9 tiskov\u00e9 konferenci \u0159ekla,&#8230;<\/p>\n","protected":false},"author":2,"featured_media":1594,"comment_status":"closed","ping_status":"closed","sticky":false,"template":"","format":"standard","meta":[],"categories":[7],"tags":[30,230,22,40],"_links":{"self":[{"href":"https:\/\/www.infokuryr.cz\/n\/wp-json\/wp\/v2\/posts\/1593"}],"collection":[{"href":"https:\/\/www.infokuryr.cz\/n\/wp-json\/wp\/v2\/posts"}],"about":[{"href":"https:\/\/www.infokuryr.cz\/n\/wp-json\/wp\/v2\/types\/post"}],"author":[{"embeddable":true,"href":"https:\/\/www.infokuryr.cz\/n\/wp-json\/wp\/v2\/users\/2"}],"replies":[{"embeddable":true,"href":"https:\/\/www.infokuryr.cz\/n\/wp-json\/wp\/v2\/comments?post=1593"}],"version-history":[{"count":0,"href":"https:\/\/www.infokuryr.cz\/n\/wp-json\/wp\/v2\/posts\/1593\/revisions"}],"wp:featuredmedia":[{"embeddable":true,"href":"https:\/\/www.infokuryr.cz\/n\/wp-json\/wp\/v2\/media\/1594"}],"wp:attachment":[{"href":"https:\/\/www.infokuryr.cz\/n\/wp-json\/wp\/v2\/media?parent=1593"}],"wp:term":[{"taxonomy":"category","embeddable":true,"href":"https:\/\/www.infokuryr.cz\/n\/wp-json\/wp\/v2\/categories?post=1593"},{"taxonomy":"post_tag","embeddable":true,"href":"https:\/\/www.infokuryr.cz\/n\/wp-json\/wp\/v2\/tags?post=1593"}],"curies":[{"name":"wp","href":"https:\/\/api.w.org\/{rel}","templated":true}]}}