{"id":15924,"date":"2022-09-30T01:07:33","date_gmt":"2022-09-29T23:07:33","guid":{"rendered":"http:\/\/www.infokuryr.cz\/n\/?p=15924"},"modified":"2022-09-29T16:45:07","modified_gmt":"2022-09-29T14:45:07","slug":"americka-databaze-ukazuje-ze-648-kojicich-deti-bylo-poskozeno-vakcinou-covid-a-tri-zemreli","status":"publish","type":"post","link":"https:\/\/www.infokuryr.cz\/n\/2022\/09\/30\/americka-databaze-ukazuje-ze-648-kojicich-deti-bylo-poskozeno-vakcinou-covid-a-tri-zemreli\/","title":{"rendered":"Americk\u00e1 datab\u00e1ze ukazuje, \u017ee 648 koj\u00edc\u00edch d\u011bt\u00ed bylo po\u0161kozeno vakc\u00ednou COVID a t\u0159i zem\u0159eli"},"content":{"rendered":"<div id=\"fb-root\"><\/div>\n<div class=\"elementor-element elementor-element-1fb4c2c elementor-widget elementor-widget-theme-post-content\" data-id=\"1fb4c2c\" data-element_type=\"widget\" data-widget_type=\"theme-post-content.default\">\n<div class=\"elementor-widget-container\">\n<p><span style=\"font-size: 18pt;\"><strong><em>Jsou to zlo\u010dinci, kte\u0159\u00ed \u017een\u00e1m zatajuj\u00ed pravdu.<\/em><\/strong><\/span><\/p>\n<p><span>Anal\u00fdza zpr\u00e1v v datab\u00e1zi spravovan\u00e9 CDC a FDA zjistila 648 p\u0159\u00edpad\u016f ne\u017e\u00e1douc\u00edch \u00fa\u010dink\u016f u kojen\u00fdch d\u011bt\u00ed, jejich\u017e matky dostaly vakc\u00ednu COVID-19, v\u010detn\u011b t\u0159\u00ed \u00famrt\u00ed.<\/span><\/p>\n<p><span>Zdravotn\u00ed \u00fa\u0159ady ve Spojen\u00fdch st\u00e1tech, Izraeli a po cel\u00e9m sv\u011bt\u011b doporu\u010dovaly vakc\u00edny Pfizer a Moderna pro t\u011bhotn\u00e9 a koj\u00edc\u00ed \u017eeny, a to i p\u0159es nedostatek klinick\u00fdch studi\u00ed nebo studi\u00ed bezpe\u010dnosti na zv\u00ed\u0159atech u t\u00e9to populace.<\/span><\/p>\n<p><span>Nej\u010dast\u011bj\u0161\u00edmi z\u00e1va\u017en\u00fdmi p\u0159\u00edhodami identifikovan\u00fdmi anal\u00fdzou syst\u00e9mu hl\u00e1\u0161en\u00ed ne\u017e\u00e1douc\u00edch \u00fa\u010dink\u016f vakc\u00edn v USA byly \u017eivot ohro\u017euj\u00edc\u00ed krv\u00e1cen\u00ed, anticholinergn\u00ed syndrom, probl\u00e9my s j\u00e1try, anafylaktick\u00fd \u0161ok, neuroleptick\u00fd syndrom, neurologick\u00e9 ne\u017e\u00e1douc\u00ed p\u0159\u00edhody, jako jsou k\u0159e\u010de nebo encefalitida, a hypoglyk\u00e9mie.<\/span><\/p>\n<p><span>Anal\u00fdzu provedl t\u00fdm veden\u00fd izraelskou novin\u00e1\u0159kou Ranit Feinbergovou z izraelsk\u00e9ho \u010dasopisu Real Time.<\/span><\/p>\n<p><span>Ve v\u011bt\u0161in\u011b hl\u00e1\u0161en\u00fdch p\u0159\u00edpad\u016f se u stejn\u00e9ho d\u00edt\u011bte vyskytlo n\u011bkolik \u017eivot ohro\u017euj\u00edc\u00edch vedlej\u0161\u00edch \u00fa\u010dink\u016f.<\/span><\/p>\n<p><span>V jednom p\u0159\u00edpad\u011b matka ozn\u00e1mila, \u017ee ztratila sv\u00e9 p\u011btim\u011bs\u00ed\u010dn\u00ed d\u00edt\u011b 13 dn\u00ed po pod\u00e1n\u00ed vakc\u00edny Pfizer COVID-19 28. ledna 2021 pot\u00e9, co ho kojila.<\/span><\/p>\n<p><span>\u201ePumpoval jsem do hodiny po o\u010dkov\u00e1n\u00ed.\u00a0M\u016fj 5m\u011bs\u00ed\u010dn\u00ed syn byl v noci po o\u010dkov\u00e1n\u00ed kojen a pozd\u011bji vypil odst\u0159\u00edkan\u00e9 ml\u00e9ko, kter\u00e9 jsem dostala v den o\u010dkov\u00e1n\u00ed,\u201c uvedla.\u00a0\u201eO 11 dn\u00ed pozd\u011bji byl nalezen, \u017ee b\u011bhem sp\u00e1nku ve \u0161kolce nereaguje.<\/span><\/p>\n<p><span>Pot\u00e9, co byl p\u0159ijat do nemocnice, podle matky \u201edokto\u0159i jen s velk\u00fdmi obt\u00ed\u017eemi dok\u00e1zali znovu rozbu\u0161it jeho srdce\u201c.<\/span><\/p>\n<p><span>\u201eOrg\u00e1ny byly v\u00e1\u017en\u011b po\u0161kozeny a nem\u011bl \u017e\u00e1dnou mozkovou funkci;\u00a0nikdy se nevzpamatoval.<\/span><\/p>\n<p><span>V jin\u00e9 zpr\u00e1v\u011b ze 17. b\u0159ezna 2021 zem\u0159elo p\u011btim\u011bs\u00ed\u010dn\u00ed d\u00edt\u011b jen den pot\u00e9, co byla jeho matka o\u010dkov\u00e1na.<\/span><\/p>\n<p><span>\u201ePacient odvezl d\u00edt\u011b na m\u00edstn\u00ed pohotovost, kde byly provedeny testy a rozbor krve odhalil zv\u00fd\u0161en\u00e9 jatern\u00ed enzymy.\u00a0Kojenec byl hospitalizov\u00e1n, ale jeho stav se st\u00e1le zhor\u0161oval a zem\u0159el.\u00a0Diagn\u00f3za: TTP.\u00a0\u017d\u00e1dn\u00e9 zn\u00e1m\u00e9 alergie.\u00a0\u017d\u00e1dn\u00e1 nov\u00e1 expozice krom\u011b o\u010dkov\u00e1n\u00ed matky den p\u0159edt\u00edm.\u201c<\/span><\/p>\n<p><span>TTP je zkratka pro Trombotic Thrombocytopenic Purpura, vz\u00e1cn\u00e1, \u017eivot ohro\u017euj\u00edc\u00ed krevn\u00ed porucha, p\u0159i kter\u00e9 se v mal\u00fdch krevn\u00edch c\u00e9v\u00e1ch v cel\u00e9m t\u011ble tvo\u0159\u00ed krevn\u00ed sra\u017eeniny, kter\u00e9 mohou br\u00e1nit nebo blokovat pr\u016ftok krve do org\u00e1n\u016f.<\/span><\/p>\n<p><span style=\"font-size: 18pt;\"><strong>Skr\u00fdv\u00e1n\u00ed pravdy p\u0159ed \u017eenami<\/strong><\/span><\/p>\n<p><span>Naomi Wolfov\u00e1, kter\u00e1 vedla t\u00fdm v\u00fdzkumn\u00edk\u016f prov\u00e1d\u011bj\u00edc\u00edch data klinick\u00fdch studi\u00ed vakc\u00edny Pfizer zve\u0159ejn\u011bn\u00e1 jako sou\u010d\u00e1st soudn\u00edho sporu, diskutovala o zji\u0161t\u011bn\u00edch izraelsk\u00e9 anal\u00fdzy dat VAERS ve st\u0159ede\u010dn\u00edm rozhovoru s War Room Stevea Bannona.<\/span><\/p>\n<p><span>Wolf pouk\u00e1zal na to, \u017ee Journal of the American Medical Association ned\u00e1vno publikoval dopis \u2013 kter\u00fd byl od t\u00e9 doby um\u00edst\u011bn za platovou zd\u00ed \u2013 varuj\u00edc\u00ed p\u0159ed mRNA v mate\u0159sk\u00e9m ml\u00e9ce o\u010dkovan\u00fdch matek a doporu\u010duj\u00edc\u00ed jim, aby p\u0159estaly dva dny po o\u010dkov\u00e1n\u00ed a po\u010dkaly s kojen\u00edm.<\/span><\/p>\n<p><span>Ji\u017e v\u00edce ne\u017e rok je v\u0161ak zn\u00e1mo, \u017ee mRNA, lipidov\u00e9 nano\u010d\u00e1stice a polyethylenglykol lze nal\u00e9zt v mate\u0159sk\u00e9m ml\u00e9ce o\u010dkovan\u00fdch matek, uvedla Wolfov\u00e1 s odkazem na zji\u0161t\u011bn\u00ed sv\u00e9ho t\u00fdmu.<\/span><\/p>\n<p><span>&#8222;Jsou to zlo\u010dinci,&#8220; \u0159ekla o p\u0159edstavitel\u00edch ve\u0159ejn\u00e9ho zdrav\u00ed a farmaceutick\u00e9ho pr\u016fmyslu, &#8222;kte\u0159\u00ed \u017een\u00e1m taj\u00ed pravdu.&#8220;<\/span><\/p>\n<div id=\"rumble_v1j9k5k\">\n<div id=\"vid_v1j9k5k\" class=\"rumble_v1j9k5k-Rumble-cls\" tabindex=\"-1\">\n<div class=\"bigPlayUI ctp\"><a href=\"https:\/\/rumble.com\/v1lvq28-dr.-naomi-wolf.html\" target=\"_blank\" rel=\"noopener\"><span>Naomi Wolfov\u00e1: Americk\u00e1 l\u00e9ka\u0159sk\u00e1 asociace lhala t\u011bhotn\u00fdm \u017een\u00e1m o vlivu vakc\u00edny Covid na n\u011b a jejich d\u00edt\u011b<\/span><\/a><\/div>\n<\/div>\n<\/div>\n<\/div>\n<\/div>\n<div class=\"bigPlayUIInner ctp\"><\/div>\n<div><\/div>\n<div><div class='videoWrapper'>\r\n\t            <iframe src='https:\/\/rumble.com\/embed\/pj.v1j9k5k\/' frameborder='0' allowfullscreen><\/iframe>\r\n\t        <\/div><\/div>\n<div><\/div>\n<div><\/div>\n<div class=\"elementor-element elementor-element-8c57238 quelle dc-has-condition dc-condition-empty elementor-widget elementor-widget-heading\" data-id=\"8c57238\" data-element_type=\"widget\" data-widget_type=\"heading.default\">\n<div class=\"elementor-widget-container\">\n<h3><span style=\"font-size: 10pt;\"><strong><em>FOTO: Obr\u00e1zek Bia Octavia na Unsplash<\/em><\/strong><\/span><\/h3>\n<h3 class=\"elementor-heading-title elementor-size-default\"><span style=\"font-size: 8pt;\"><a href=\"https:\/\/www.wnd.com\/2022\/09\/cdc-database-648-nursing-babies-harmed-covid-vax-3-dead\/?ff_source=Email&amp;ff_medium=wnd-breaking&amp;ff_campaign=breaking&amp;ff_content=breaking\" target=\"_blank\" rel=\"nofollow noopener\">ZDROJ<\/a><\/span><\/h3>\n<p>&nbsp;<\/p>\n<\/div>\n<\/div>\n","protected":false},"excerpt":{"rendered":"<p>Jsou to zlo\u010dinci, kte\u0159\u00ed \u017een\u00e1m zatajuj\u00ed pravdu. Anal\u00fdza zpr\u00e1v v datab\u00e1zi spravovan\u00e9 CDC a FDA&#8230;<\/p>\n","protected":false},"author":2,"featured_media":15925,"comment_status":"closed","ping_status":"closed","sticky":false,"template":"","format":"standard","meta":[],"categories":[7],"tags":[23,245,3453,1050,213,315,21],"_links":{"self":[{"href":"https:\/\/www.infokuryr.cz\/n\/wp-json\/wp\/v2\/posts\/15924"}],"collection":[{"href":"https:\/\/www.infokuryr.cz\/n\/wp-json\/wp\/v2\/posts"}],"about":[{"href":"https:\/\/www.infokuryr.cz\/n\/wp-json\/wp\/v2\/types\/post"}],"author":[{"embeddable":true,"href":"https:\/\/www.infokuryr.cz\/n\/wp-json\/wp\/v2\/users\/2"}],"replies":[{"embeddable":true,"href":"https:\/\/www.infokuryr.cz\/n\/wp-json\/wp\/v2\/comments?post=15924"}],"version-history":[{"count":0,"href":"https:\/\/www.infokuryr.cz\/n\/wp-json\/wp\/v2\/posts\/15924\/revisions"}],"wp:featuredmedia":[{"embeddable":true,"href":"https:\/\/www.infokuryr.cz\/n\/wp-json\/wp\/v2\/media\/15925"}],"wp:attachment":[{"href":"https:\/\/www.infokuryr.cz\/n\/wp-json\/wp\/v2\/media?parent=15924"}],"wp:term":[{"taxonomy":"category","embeddable":true,"href":"https:\/\/www.infokuryr.cz\/n\/wp-json\/wp\/v2\/categories?post=15924"},{"taxonomy":"post_tag","embeddable":true,"href":"https:\/\/www.infokuryr.cz\/n\/wp-json\/wp\/v2\/tags?post=15924"}],"curies":[{"name":"wp","href":"https:\/\/api.w.org\/{rel}","templated":true}]}}