{"id":15915,"date":"2022-09-30T01:02:17","date_gmt":"2022-09-29T23:02:17","guid":{"rendered":"http:\/\/www.infokuryr.cz\/n\/?p=15915"},"modified":"2022-09-29T16:03:49","modified_gmt":"2022-09-29T14:03:49","slug":"zelenskyj-nam-rika-kolik-penez-dostava-kazdy-mesic-od-americkych-danovych-poplatniku","status":"publish","type":"post","link":"https:\/\/www.infokuryr.cz\/n\/2022\/09\/30\/zelenskyj-nam-rika-kolik-penez-dostava-kazdy-mesic-od-americkych-danovych-poplatniku\/","title":{"rendered":"Zelenskyj n\u00e1m \u0159\u00edk\u00e1, kolik pen\u011bz dost\u00e1v\u00e1 ka\u017ed\u00fd m\u011bs\u00edc od americk\u00fdch da\u0148ov\u00fdch poplatn\u00edk\u016f"},"content":{"rendered":"<div id=\"fb-root\"><\/div>\n<div class=\"elementor-element elementor-element-1fb4c2c elementor-widget elementor-widget-theme-post-content\" data-id=\"1fb4c2c\" data-element_type=\"widget\" data-widget_type=\"theme-post-content.default\">\n<div class=\"elementor-widget-container\">\n<p><span>Ukrajinsk\u00fd prezident Vladimir Zelenskyj se v rozhovoru pro CBS odvys\u00edlan\u00e9m v ned\u011bln\u00edm Face the Nation chlubil, \u017ee mu Washington d\u00e1v\u00e1 do st\u00e1tn\u00ed pokladny ohromn\u00fdch 1,5 miliardy dolar\u016f m\u011bs\u00ed\u010dn\u011b, zat\u00edmco zem\u011b m\u00e1 obrovsk\u00fd v\u00e1le\u010dn\u00fd deficit.<\/span><\/p>\n<p><span>&#8222;Spojen\u00e9 st\u00e1ty n\u00e1m d\u00e1vaj\u00ed ka\u017ed\u00fd m\u011bs\u00edc 1,5 miliardy dolar\u016f na podporu na\u0161eho rozpo\u010dtu na boj proti Rusku,&#8220; \u0159ekl ukrajinsk\u00fd v\u016fdce, ale pouk\u00e1zal na to, \u017ee &#8222;n\u00e1\u0161 rozpo\u010det m\u00e1 st\u00e1le deficit 5 miliard dolar\u016f.&#8220;\u00a0Okam\u017eit\u011b pokra\u010doval v opakov\u00e1n\u00ed dlouhodob\u00e9ho n\u00e1\u0159ku Kyjeva, \u017ee to nesta\u010d\u00ed \u2013 proto\u017ee toho nen\u00ed nikdy dost \u2013 i kdy\u017e se b\u011b\u017en\u00fd americk\u00fd da\u0148ov\u00fd poplatn\u00edk jako celek zd\u00e1 pod n\u00e1porem neust\u00e1l\u00fdch v\u00e1le\u010dn\u00fdch titulk\u016f lhostejn\u00fd.<\/span><\/p>\n<p><span>Zelenskyj pot\u00e9, co odhalil ohromuj\u00edc\u00ed \u010d\u00edslo 1,5 miliardy dolar\u016f m\u011bs\u00ed\u010dn\u00ed pomoci, \u0159ekl: \u201eAle v\u011b\u0159te mi, \u017ee to nen\u00ed ani zdaleka dost na to, aby u\u017eivila ukrajinskou civiln\u00ed infrastrukturu, \u0161koly, nemocnice, univerzity a domovy.\u00a0Pro\u010d tohle pot\u0159ebujeme?\u00a0Pot\u0159ebujeme bezpe\u010dnost, aby se na\u0161i Ukrajinci vr\u00e1tili.&#8220;<\/span><\/p>\n<p><span>\u201ePokud to bude bezpe\u010dn\u00e9, p\u0159ijdou, usad\u00ed se, budou tady pracovat a platit dan\u011b, a pak nebudeme m\u00edt v rozpo\u010dtu schodek 5 miliard dolar\u016f.\u00a0Tak\u017ee to bude pozitivn\u00ed pro v\u0161echny,\u201c pokra\u010doval ukrajinsk\u00fd v\u016fdce.\u00a0\u201eProto\u017ee dnes n\u00e1m Spojen\u00e9 st\u00e1ty d\u00e1vaj\u00ed ka\u017ed\u00fd m\u011bs\u00edc 1,5 miliardy dolar\u016f na podporu na\u0161eho rozpo\u010dtu na boj proti t\u00e9to v\u00e1lce.\u00a0Ale a\u017e se na\u0161i lid\u00e9 vr\u00e1t\u00ed \u2013 a opravdu se cht\u011bj\u00ed vr\u00e1tit, jsou velmi motivovan\u00ed \u2013 budou zde pracovat.\u201c<\/span><\/p>\n<p><span>&#8222;A pak Spojen\u00e9 st\u00e1ty nemus\u00ed pokra\u010dovat v t\u00e9to podpo\u0159e,&#8220; uzav\u0159el, a\u010dkoliv jak se v\u011bci vyv\u00edjej\u00ed, m\u016f\u017ee to trvat roky, ne\u017e USA &#8222;nebudou muset pokra\u010dovat v nep\u0159etr\u017eit\u00e9 pomoci.&#8220;\u00a0Zd\u00e1lo se, \u017ee Zelenskyj se sna\u017e\u00ed vykreslit zvl\u00e1\u0161tn\u00ed situaci \u201ewin-win\u201c pro Ameri\u010dany, a\u010dkoli pr\u016fm\u011brn\u00fd americk\u00fd da\u0148ov\u00fd poplatn\u00edk by vzhledem k pln\u00e9mu rozsahu situace toto zobrazen\u00ed jist\u011b zpochybnil.<\/span><\/p>\n<p><span>Ironicky, nebo \u00fanavn\u011b, jen den pot\u00e9, co si Zelenskij st\u011b\u017eoval: \u201eAle v\u011b\u0159te mi, nen\u00ed to ani zdaleka dost\u201c&#8230; Kongres je p\u0159ipraven prosadit dal\u0161\u00edch 12 miliard dolar\u016f, uv\u00e1d\u00ed Reuters.<\/span><\/p>\n<p><strong>Tucker Carlson z Foxu \u0159\u00edk\u00e1: \u201eTo je \u0161\u00edlen\u00e9!&#8230;<\/strong><\/p>\n<figure class=\"wp-block-embed is-type-video is-provider-youtube wp-block-embed-youtube wp-embed-aspect-16-9 wp-has-aspect-ratio\">\n<div class=\"wp-block-embed__wrapper\"><iframe loading=\"lazy\" title=\"Tucker Carlson: To je \u0161\u00edlen\u00e9\" src=\"https:\/\/www.youtube.com\/embed\/1MJDvr-1Z-A?feature=oembed\" width=\"800\" height=\"450\" frameborder=\"0\" allowfullscreen=\"allowfullscreen\" data-mce-fragment=\"1\"><\/iframe><\/div>\n<\/figure>\n<p><span>&#8222;Vyjednava\u010di americk\u00e9ho Kongresu souhlasili se zahrnut\u00edm zhruba 12 miliard dolar\u016f na novou pomoc Ukrajin\u011b, uvedl v pond\u011bl\u00ed zdroj obezn\u00e1men\u00fd s rozhovory,&#8220; uv\u00e1d\u00ed agentura Reuters.\u00a0&#8222;Za\u010d\u00e1tkem tohoto m\u011bs\u00edce americk\u00fd prezident Joe Biden po\u017e\u00e1dal Kongres, aby p\u0159id\u011blil Ukrajin\u011b 11,7 miliardy dolar\u016f na novou nouzovou vojenskou a ekonomickou pomoc.&#8220;<\/span><\/p>\n<hr class=\"wp-block-separator has-alpha-channel-opacity\" \/>\n<p><strong>Stoj\u00ed za p\u0159ipomenut\u00ed, \u017ee je\u0161t\u011b v \u010dervenci Associated Press a NPR upozornily na extr\u00e9mn\u011b nep\u0159\u00edjemn\u00fd fakt a probl\u00e9m, kter\u00fd nikdy nezmizel:<\/strong><\/p>\n<p><em><span>Jak urychluje dod\u00e1vky des\u00edtek miliard dolar\u016f ve vojensk\u00e9, ekonomick\u00e9 a p\u0159\u00edm\u00e9 finan\u010dn\u00ed podpo\u0159e Ukrajin\u011b a povzbuzuje sv\u00e9 spojence, aby u\u010dinili tot\u00e9\u017e, Bidenova administrativa se nyn\u00ed znovu pot\u00fdk\u00e1 s dlouhodob\u00fdmi obavami o vhodnost Ukrajiny jako dohody s p\u0159\u00edjemcem. s americkou pomoc\u00ed.<\/span><\/em><\/p>\n<p><cite><span>Tyto probl\u00e9my, kter\u00e9 se datuj\u00ed po desetilet\u00ed a v\u00fdznamn\u011b p\u0159isp\u011bly k prvn\u00edmu procesu impeachmentu proti b\u00fdval\u00e9mu prezidentovi Donaldu Trumpovi, byly z velk\u00e9 \u010d\u00e1sti odsunuty na vedlej\u0161\u00ed kolej v bezprost\u0159edn\u00ed dob\u011b p\u0159ed ruskou invaz\u00ed a v prvn\u00edch m\u011bs\u00edc\u00edch konfliktu, kdy se USA a jejich partne\u0159i se spojili na obrana Ukrajiny .<\/span><\/cite><em><span>Zelensk\u00e9ho odvol\u00e1n\u00ed hlavn\u00edho \u017ealobce, \u0161\u00e9fa zpravodajsk\u00fdch slu\u017eeb a dal\u0161\u00edch vysok\u00fdch \u00fa\u0159edn\u00edk\u016f v\u0161ak znovu rozdm\u00fdchalo tyto obavy a mo\u017en\u00e1 necht\u011bn\u011b p\u0159it\u00e1hlo novou pozornost k obvin\u011bn\u00edm z korupce na vysok\u00e9 \u00farovni v Kyjev\u011b ze strany otev\u0159en\u00e9ho americk\u00e9ho z\u00e1konod\u00e1rce.<\/span><\/em><\/p>\n<\/div>\n<\/div>\n<div class=\"elementor-element elementor-element-8c57238 quelle dc-has-condition dc-condition-empty elementor-widget elementor-widget-heading\" data-id=\"8c57238\" data-element_type=\"widget\" data-widget_type=\"heading.default\">\n<div class=\"elementor-widget-container\">\n<h3 class=\"elementor-heading-title elementor-size-default\"><span style=\"font-size: 8pt;\"><a href=\"https:\/\/www.lewrockwell.com\/2022\/09\/tyler-durden\/zelensky-reveals-how-much-us-taxpayers-give-ukraine-monthly\/\" target=\"_blank\" rel=\"nofollow noopener\">ZDROJ<\/a><\/span><\/h3>\n<p>&nbsp;<\/p>\n<\/div>\n<\/div>\n","protected":false},"excerpt":{"rendered":"<p>Ukrajinsk\u00fd prezident Vladimir Zelenskyj se v rozhovoru pro CBS odvys\u00edlan\u00e9m v ned\u011bln\u00edm Face the Nation&#8230;<\/p>\n","protected":false},"author":2,"featured_media":15916,"comment_status":"closed","ping_status":"closed","sticky":false,"template":"","format":"standard","meta":[],"categories":[7],"tags":[604,26,37,1000],"_links":{"self":[{"href":"https:\/\/www.infokuryr.cz\/n\/wp-json\/wp\/v2\/posts\/15915"}],"collection":[{"href":"https:\/\/www.infokuryr.cz\/n\/wp-json\/wp\/v2\/posts"}],"about":[{"href":"https:\/\/www.infokuryr.cz\/n\/wp-json\/wp\/v2\/types\/post"}],"author":[{"embeddable":true,"href":"https:\/\/www.infokuryr.cz\/n\/wp-json\/wp\/v2\/users\/2"}],"replies":[{"embeddable":true,"href":"https:\/\/www.infokuryr.cz\/n\/wp-json\/wp\/v2\/comments?post=15915"}],"version-history":[{"count":0,"href":"https:\/\/www.infokuryr.cz\/n\/wp-json\/wp\/v2\/posts\/15915\/revisions"}],"wp:featuredmedia":[{"embeddable":true,"href":"https:\/\/www.infokuryr.cz\/n\/wp-json\/wp\/v2\/media\/15916"}],"wp:attachment":[{"href":"https:\/\/www.infokuryr.cz\/n\/wp-json\/wp\/v2\/media?parent=15915"}],"wp:term":[{"taxonomy":"category","embeddable":true,"href":"https:\/\/www.infokuryr.cz\/n\/wp-json\/wp\/v2\/categories?post=15915"},{"taxonomy":"post_tag","embeddable":true,"href":"https:\/\/www.infokuryr.cz\/n\/wp-json\/wp\/v2\/tags?post=15915"}],"curies":[{"name":"wp","href":"https:\/\/api.w.org\/{rel}","templated":true}]}}