{"id":1591,"date":"2021-05-12T04:11:06","date_gmt":"2021-05-12T02:11:06","guid":{"rendered":"http:\/\/www.infokuryr.cz\/n\/?p=1591"},"modified":"2021-05-12T04:11:06","modified_gmt":"2021-05-12T02:11:06","slug":"ruske-medium-jsou-to-samotne-zapadni-zeme-ktere-nici-svetovy-rad","status":"publish","type":"post","link":"https:\/\/www.infokuryr.cz\/n\/2021\/05\/12\/ruske-medium-jsou-to-samotne-zapadni-zeme-ktere-nici-svetovy-rad\/","title":{"rendered":"Rusk\u00e9 m\u00e9dium: Jsou to samotn\u00e9 z\u00e1padn\u00ed zem\u011b, kter\u00e9 ni\u010d\u00ed sv\u011btov\u00fd \u0159\u00e1d"},"content":{"rendered":"<div id=\"fb-root\"><\/div>\n<p><strong>Rusk\u00e9 noviny Vzglyad ned\u00e1vno zve\u0159ejnily \u010dl\u00e1nek o tom, \u017ee sv\u011btov\u00fd \u0159\u00e1d naru\u0161uj\u00ed samotn\u00e9 z\u00e1padn\u00ed zem\u011b.<\/strong><\/p>\n<p>\u010cl\u00e1nek uvedl, \u017ee se se\u0161li minist\u0159i zahrani\u010d\u00ed skupiny G7, kte\u0159\u00ed si \u0159\u00edkaj\u00ed \u201eRada civilizovan\u00e9ho sv\u011bta\u201c. Podle projev\u016f \u00fa\u010dastn\u00edk\u016f a dokument\u016f z jedn\u00e1n\u00ed je hlavn\u00edm \u00fakolem G7 vzd\u011bl\u00e1vat a vychov\u00e1vat takzvan\u00e9ho \u201eni\u010ditele sv\u011btov\u00e9ho \u0159\u00e1du\u201c &#8211; Rusko a \u010c\u00ednu.<\/p>\n<p>G7 se naz\u00fdv\u00e1 Rada sv\u011bta, minist\u0159i m\u011bli diskutovat o nejz\u00e1va\u017en\u011bj\u0161\u00edch politick\u00fdch ot\u00e1zk\u00e1ch, kter\u00fdm sv\u011bt \u010del\u00ed. Existuje mnoho takov\u00fdch t\u00e9mat: jak se sv\u011bt vyman\u00ed z krize nov\u00e9ho koronaviru, boj proti terorismu a osud a budoucnost z\u00e1padn\u00ed integrace &#8211; p\u0159edev\u0161\u00edm Evropsk\u00e9 unie a NATO.<\/p>\n<p>\u010cl\u00e1nek pouk\u00e1zal na to, \u017ee pro konfrontaci s \u010c\u00ednou a Ruskem musely USA a jejich spojenci otev\u0159en\u011b zni\u010dit z\u00e1klad sv\u011btov\u00e9ho \u0159\u00e1du. Zav\u00e1d\u011bn\u00ed ekonomick\u00fdch sankc\u00ed, zah\u00e1jen\u00ed obchodn\u00edch v\u00e1lek a upu\u0161t\u011bn\u00ed od mnohostrann\u00fdch diplomatick\u00fdch princip\u016f dokonce naru\u0161ilo v\u00edru lid\u00ed v jejich \u201ev\u0161emocn\u00e9\u201c n\u00e1stroje glob\u00e1ln\u00ed spr\u00e1vy (americk\u00fd dolar, internet a soci\u00e1ln\u00ed s\u00edt\u011b). Jin\u00fdmi slovy, vlastn\u00edma rukama zni\u010dily z\u00e1klad globalizace a na tomto z\u00e1kladu byl postaven z\u00e1padn\u00ed \u0159\u00e1d.<\/p>\n<p>Nejen, \u017ee si sami zp\u016fsobuj\u00ed \u0161kody, ale tak\u00e9 k tomu nut\u00ed ostatn\u00ed. USA a Spojen\u00e9 kr\u00e1lovstv\u00ed se sna\u017e\u00ed p\u0159esv\u011bd\u010dit \u010dleny G7, aby se p\u0159ipojili k syst\u00e9mu veden\u00e9mu Spojen\u00fdmi st\u00e1ty, aby omezili tyto dva takzvan\u00e9 \u201enaru\u0161itele pravidel\u201c. Nejen G7, ale i Indie, Ji\u017en\u00ed Korea a Austr\u00e1lie, kter\u00e9 byly na sch\u016fzku pozv\u00e1ny jako host\u00e9, jsou Z\u00e1padem pova\u017eov\u00e1ny za sou\u010d\u00e1st proti\u010d\u00ednsk\u00e9 osy.<\/p>\n<p>Existuj\u00ed n\u00e1znaky, \u017ee v\u011bt\u0161ina zem\u00ed v Asii a Evrop\u011b nen\u00ed ochotna vstoupit do p\u0159\u00edm\u00e9ho konfliktu s Pekingem. D\u016fvod je prost\u00fd: nev\u011b\u0159\u00ed, \u017ee USA mohou tento konflikt vyhr\u00e1t.<\/p>\n<p><img decoding=\"async\" loading=\"lazy\" class=\"alignnone size-full wp-image-1185\" src=\"http:\/\/www.infokuryr.cz\/n\/wp-content\/uploads\/2021\/04\/kuryr-podpis.png\" alt=\"\" width=\"84\" height=\"24\" \/><\/p>\n<p>&nbsp;<\/p>\n","protected":false},"excerpt":{"rendered":"<p>Rusk\u00e9 noviny Vzglyad ned\u00e1vno zve\u0159ejnily \u010dl\u00e1nek o tom, \u017ee sv\u011btov\u00fd \u0159\u00e1d naru\u0161uj\u00ed samotn\u00e9 z\u00e1padn\u00ed zem\u011b&#8230;.<\/p>\n","protected":false},"author":2,"featured_media":1592,"comment_status":"closed","ping_status":"closed","sticky":false,"template":"","format":"standard","meta":[],"categories":[7],"tags":[30,323,22],"_links":{"self":[{"href":"https:\/\/www.infokuryr.cz\/n\/wp-json\/wp\/v2\/posts\/1591"}],"collection":[{"href":"https:\/\/www.infokuryr.cz\/n\/wp-json\/wp\/v2\/posts"}],"about":[{"href":"https:\/\/www.infokuryr.cz\/n\/wp-json\/wp\/v2\/types\/post"}],"author":[{"embeddable":true,"href":"https:\/\/www.infokuryr.cz\/n\/wp-json\/wp\/v2\/users\/2"}],"replies":[{"embeddable":true,"href":"https:\/\/www.infokuryr.cz\/n\/wp-json\/wp\/v2\/comments?post=1591"}],"version-history":[{"count":0,"href":"https:\/\/www.infokuryr.cz\/n\/wp-json\/wp\/v2\/posts\/1591\/revisions"}],"wp:featuredmedia":[{"embeddable":true,"href":"https:\/\/www.infokuryr.cz\/n\/wp-json\/wp\/v2\/media\/1592"}],"wp:attachment":[{"href":"https:\/\/www.infokuryr.cz\/n\/wp-json\/wp\/v2\/media?parent=1591"}],"wp:term":[{"taxonomy":"category","embeddable":true,"href":"https:\/\/www.infokuryr.cz\/n\/wp-json\/wp\/v2\/categories?post=1591"},{"taxonomy":"post_tag","embeddable":true,"href":"https:\/\/www.infokuryr.cz\/n\/wp-json\/wp\/v2\/tags?post=1591"}],"curies":[{"name":"wp","href":"https:\/\/api.w.org\/{rel}","templated":true}]}}