{"id":15885,"date":"2022-09-29T09:45:56","date_gmt":"2022-09-29T07:45:56","guid":{"rendered":"http:\/\/www.infokuryr.cz\/n\/?p=15885"},"modified":"2022-09-29T09:47:21","modified_gmt":"2022-09-29T07:47:21","slug":"nevidany-skandal-v-nemecke-spionazni-sluzbe-nemecti-spioni-pomahaji-ukrajine","status":"publish","type":"post","link":"https:\/\/www.infokuryr.cz\/n\/2022\/09\/29\/nevidany-skandal-v-nemecke-spionazni-sluzbe-nemecti-spioni-pomahaji-ukrajine\/","title":{"rendered":"Nev\u00eddan\u00fd skand\u00e1l v n\u011bmeck\u00e9 \u0161pion\u00e1\u017en\u00ed slu\u017eb\u011b. N\u011bme\u010dt\u00ed \u0161pioni pom\u00e1haj\u00ed Ukrajin\u011b"},"content":{"rendered":"<div id=\"fb-root\"><\/div>\n<p><strong>N\u011bmeck\u00e1 zahrani\u010dn\u00ed zpravodajsk\u00e1 slu\u017eba BND p\u0159ed\u00e1vala do Kyjeva po cel\u00e9 m\u011bs\u00edce satelitn\u00ed sn\u00edmky, data z r\u00e1diov\u00fdch a telefonn\u00edch odposlech\u016f, \u010d\u00edm\u017e pom\u00e1hala ukrajinsk\u00e9mu v\u00e1le\u010dn\u00e9mu \u00fasil\u00ed, zat\u00edmco Berl\u00edn ofici\u00e1ln\u011b tvrdil, \u017ee nen\u00ed stranou konfliktu, uvedl ve st\u0159edu magaz\u00edn Zeit.\u00a0<\/strong><\/p>\n<p>Informace\u00a0<em>\u201emohou b\u00fdt za\u010dlen\u011bny do v\u00e1le\u010dn\u00e9ho pl\u00e1nov\u00e1n\u00ed a pomoci ukrajinsk\u00e9 arm\u00e1d\u011b vyhodnotit bojovou efektivitu a mor\u00e1lku rusk\u00fdch jednotek nebo prov\u011b\u0159it jejich pozice,\u201c\u00a0<\/em>\u00a0<a href=\"https:\/\/www.zeit.de\/2022\/40\/ukraine-russland-krieg-bnd-geheimdienstinformationen\">napsal Zeit<\/a>\u00a0a popsal to jako n\u011bmeck\u00fd p\u0159\u00edsp\u011bvek k\u00a0<em>\u201e\u00a0<a href=\"https:\/\/www.rt.com\/russia\/562738-ukraine-turning-point-kharkov\/\">bodu obratu<\/a>\u00a0\u201c<\/em>\u00a0na boji\u0161ti.<\/p>\n<p>Zeit tak\u00e9 odhalil, \u017ee n\u011bme\u010dt\u00ed \u0161pi\u00f3ni krmili USA n\u011bjakou zpravodajskou slu\u017ebou z Bagd\u00e1du b\u011bhem invaze do Ir\u00e1ku v roce 2003.\u00a0Berl\u00edn ofici\u00e1ln\u011b odm\u00edtl sd\u00edlet informace s Washingtonem b\u011bhem konflikt\u016f v Ir\u00e1ku a Afgh\u00e1nist\u00e1nu, \u00fadajn\u011b k frustraci BND.\u00a0Tentokr\u00e1t se v\u0161ak \u0161pi\u00f3ni jednomysln\u011b rozhodli, \u017ee\u00a0<strong><em>\u201emimo\u0159\u00e1dn\u00e1 historick\u00e1 situace\u201c<\/em><\/strong>\u00a0oprav\u0148uje Ukrajinc\u016fm pomoci.<\/p>\n<p>\u0160\u00e9f Bundesnachrichtendienst (BND) Bruno Kahl se setkal se sv\u00fdm ukrajinsk\u00fdm prot\u011bj\u0161kem na mnichovsk\u00e9 bezpe\u010dnostn\u00ed konferenci v \u00fanoru a byl v Kyjev\u011b, kdy\u017e za\u010dala rusk\u00e1\u00a0<em>\u201einvaze\u201c<\/em>\u00a0, uvedl \u010dasopis.<\/p>\n<p>N\u011bmeck\u00e1 vl\u00e1da m\u00e1 politiku nekomentovat zpravodajsk\u00e9 z\u00e1le\u017eitosti a kancl\u00e9\u0159 Olaf Scholz nad\u00e1le trv\u00e1 na tom, \u017ee Berl\u00edn nen\u00ed stranou konfliktu.\u00a0Jen pro jistotu si BND v kv\u011btnu nechala vypracovat pr\u00e1vn\u00ed anal\u00fdzu a jej\u00ed pr\u00e1vn\u00edci uvedli, \u017ee sd\u00edlen\u00ed zpravodajsk\u00fdch informac\u00ed neznamen\u00e1, \u017ee N\u011bmecko bylo podle mezin\u00e1rodn\u00edho pr\u00e1va stranou v\u00e1lky.<\/p>\n<p>Ot\u00e1zkou podle \u010dasopisu Zeita je, zda by se rusk\u00fd prezident Vladim\u00edr Putin staral o to, aby n\u011bme\u010dt\u00ed pr\u00e1vn\u00edci rozeb\u00edrali pr\u00e1vn\u00ed rozd\u00edly.\u00a0Zdroje \u010dasopisu tvrdily, \u017ee\u00a0<em>\u201ep\u0159e\u017eit\u00ed Ukrajiny je v s\u00e1zce\u201c<\/em>\u00a0a \u017ee\u00a0<em>\u201ePutin rozhoduje pouze na z\u00e1klad\u011b strategick\u00fdch \u00favah, kdy obvinit Z\u00e1pad\u201c.\u00a0<\/em><\/p>\n<p>Jin\u00e9 zem\u011b NATO, jako jsou USA a Velk\u00e1 Brit\u00e1nie, pom\u00e1haj\u00ed Ukrajin\u011b\u00a0<em>\u201emnohem ofenzivn\u011bji\u201c<\/em>\u00a0a poskytuj\u00ed\u00a0<em>\u201ezpravodajsk\u00e9 informace v re\u00e1ln\u00e9m \u010dase, kter\u00e9 lze pou\u017e\u00edt pro dynamick\u00e9 zam\u011b\u0159ov\u00e1n\u00ed\u201c.\u00a0<\/em>Zat\u00edmco se Ameri\u010dan\u00e9 zpo\u010d\u00e1tku zdr\u00e1hali poskytnout Ukrajin\u011b takov\u00e1\u00a0<em>\u201egranulovan\u00e1\u201c data, toto omezen\u00ed bylo p\u0159ed\u00a0\u201en\u011bkolika m\u011bs\u00edci\u201c<\/em>\u00a0zru\u0161eno\u00a0, napsal Zeit.<\/p>\n<p>V kv\u011btnu publikoval Washington Post\u00a0<a href=\"https:\/\/www.rt.com\/news\/555339-us-ukraine-intelligence-sharing-rules\/\">zpr\u00e1vu<\/a>\u00a0o americk\u00fdch\u00a0<em>\u201epravidlech\u201c<\/em>\u00a0pro sd\u00edlen\u00ed zpravodajsk\u00fdch informac\u00ed, vysv\u011btluj\u00edc\u00ed, jak by ameri\u010dt\u00ed \u0161pi\u00f3ni poskytovali Ukrajin\u011b informace, kter\u00e9 technicky zaost\u00e1valy za jejich definic\u00ed\u00a0<em>\u201ec\u00edlen\u00ed\u201c,<\/em>\u00a0\u010d\u00edm\u017e se ujistil, \u017ee USA nejsou zodpov\u011bdn\u00e9 za jak\u00e9koli ukrajinsk\u00e9 \u00fatoky v Rusku.<\/p>\n<p>Jak \u0159ekli n\u011bme\u010dt\u00ed \u0161pi\u00f3ni Zeitu, Kreml se rozhodl ned\u011blat rozruch kv\u016fli Ameri\u010dan\u016fm, kte\u0159\u00ed Ukrajin\u011b d\u00e1vali\u00a0<em>\u201emnohem p\u0159esn\u011bj\u0161\u00ed c\u00edlov\u00e9 sou\u0159adnice\u201c.\u00a0<\/em>Podle \u010dasopisu to byla americk\u00e1 rozv\u011bdka, kter\u00e1 umo\u017enila dubnov\u00e9 potopen\u00ed rusk\u00e9ho k\u0159i\u017en\u00edku Moskva a zabit\u00ed n\u011bkolika rusk\u00fdch gener\u00e1l\u016f, a\u010dkoli to B\u00edl\u00fd d\u016fm ofici\u00e1ln\u011b\u00a0<a href=\"https:\/\/www.rt.com\/news\/555062-moskva-us-intelligence-ukraine\/\">pop\u0159el<\/a>\u00a0.<\/p>\n<p><em>\u201ePutin v\u00ed, jak\u00e1 je role zpravodajsk\u00fdch slu\u017eeb.\u00a0Kancl\u00e9\u0159 a BND o tom prost\u011b necht\u011bj\u00ed ve\u0159ejn\u011b mluvit,\u201c<\/em>\u00a0napsal Zeit.\u00a0Nav\u00edc Rusko o tom v\u00ed\u00a0<em>\u201edlouho\u201c,<\/em>\u00a0proto\u017ee ukrajinsk\u00e1 arm\u00e1da je<strong>\u00a0<\/strong><em><strong>\u201epro\u0161pikov\u00e1na rusk\u00fdmi inform\u00e1tory\u201c<\/strong>,<\/em>\u00a0dodal n\u011bmeck\u00fd \u010dasopis.<\/p>\n<p><strong>Z\u00e1v\u011br na\u0161\u00ed redakce je:<\/strong> V \u010cesku se cvi\u010d\u00ed ukrajin\u0161t\u00ed terorist\u00e9 a v N\u011bmecku se p\u0159ed\u00e1vaj\u00ed informace. No co dodat dal\u0161\u00edho?<\/p>\n<p><img decoding=\"async\" loading=\"lazy\" class=\"alignnone size-full wp-image-1185\" src=\"http:\/\/www.infokuryr.cz\/n\/wp-content\/uploads\/2021\/04\/kuryr-podpis.png\" alt=\"\" width=\"84\" height=\"24\" \/><\/p>\n<p>&nbsp;<\/p>\n","protected":false},"excerpt":{"rendered":"<p>N\u011bmeck\u00e1 zahrani\u010dn\u00ed zpravodajsk\u00e1 slu\u017eba BND p\u0159ed\u00e1vala do Kyjeva po cel\u00e9 m\u011bs\u00edce satelitn\u00ed sn\u00edmky, data z&#8230;<\/p>\n","protected":false},"author":2,"featured_media":15886,"comment_status":"closed","ping_status":"closed","sticky":false,"template":"","format":"standard","meta":[],"categories":[7],"tags":[3447,1697,84,1104,3024,26],"_links":{"self":[{"href":"https:\/\/www.infokuryr.cz\/n\/wp-json\/wp\/v2\/posts\/15885"}],"collection":[{"href":"https:\/\/www.infokuryr.cz\/n\/wp-json\/wp\/v2\/posts"}],"about":[{"href":"https:\/\/www.infokuryr.cz\/n\/wp-json\/wp\/v2\/types\/post"}],"author":[{"embeddable":true,"href":"https:\/\/www.infokuryr.cz\/n\/wp-json\/wp\/v2\/users\/2"}],"replies":[{"embeddable":true,"href":"https:\/\/www.infokuryr.cz\/n\/wp-json\/wp\/v2\/comments?post=15885"}],"version-history":[{"count":1,"href":"https:\/\/www.infokuryr.cz\/n\/wp-json\/wp\/v2\/posts\/15885\/revisions"}],"predecessor-version":[{"id":15887,"href":"https:\/\/www.infokuryr.cz\/n\/wp-json\/wp\/v2\/posts\/15885\/revisions\/15887"}],"wp:featuredmedia":[{"embeddable":true,"href":"https:\/\/www.infokuryr.cz\/n\/wp-json\/wp\/v2\/media\/15886"}],"wp:attachment":[{"href":"https:\/\/www.infokuryr.cz\/n\/wp-json\/wp\/v2\/media?parent=15885"}],"wp:term":[{"taxonomy":"category","embeddable":true,"href":"https:\/\/www.infokuryr.cz\/n\/wp-json\/wp\/v2\/categories?post=15885"},{"taxonomy":"post_tag","embeddable":true,"href":"https:\/\/www.infokuryr.cz\/n\/wp-json\/wp\/v2\/tags?post=15885"}],"curies":[{"name":"wp","href":"https:\/\/api.w.org\/{rel}","templated":true}]}}