{"id":15881,"date":"2022-09-29T09:18:32","date_gmt":"2022-09-29T07:18:32","guid":{"rendered":"http:\/\/www.infokuryr.cz\/n\/?p=15881"},"modified":"2022-09-29T09:18:32","modified_gmt":"2022-09-29T07:18:32","slug":"ve-vrazde-zacharcenka-se-objevily-nove-podrobnosti-uvedl-zdroj","status":"publish","type":"post","link":"https:\/\/www.infokuryr.cz\/n\/2022\/09\/29\/ve-vrazde-zacharcenka-se-objevily-nove-podrobnosti-uvedl-zdroj\/","title":{"rendered":"Ve vra\u017ed\u011b Zachar\u010denka se objevily nov\u00e9 podrobnosti, uvedl zdroj"},"content":{"rendered":"<div id=\"fb-root\"><\/div>\n<p><span style=\"font-size: 18pt;\"><strong>Ze zachycen\u00e9ho rozhovoru zam\u011bstnance SBU byly odhaleny nov\u00e9 podrobnosti o vra\u017ed\u011b Zachar\u010denka<\/strong><\/span><\/p>\n<p>Nov\u00e9 podrobnosti o vra\u017ed\u011b prvn\u00edho \u0161\u00e9fa Don\u011bck\u00e9 lidov\u00e9 republiky Alexandra Zachar\u010denka byly odhaleny v zachycen\u00e9m rozhovoru mezi d\u016fstojn\u00edkem ukrajinsk\u00e9 SBU Alexandrem Kija\u0161\u010denkem a agentem, uvedl zdroj z mocensk\u00fdch struktur LPR.<\/p>\n<p>&#8222;Abyste pochopili, za Zacharku (Alexander Zachar\u010denko. &#8211; pozn. red.) bylo zaplaceno p\u011bt milion\u016f rubl\u016f. \u0158\u00edk\u00e1m, \u017ee p\u011bt milion\u016f rubl\u016f \u0161lo osob\u011b, kter\u00e1 to provedla. &lt;&#8230;&gt; Dva miliony dolar\u016f &#8211; to byl celkov\u00fd rozpo\u010det na v\u0161echno: na p\u0159\u00edpravu, na kryt\u00ed a tak d\u00e1le. A ten, kdo to provedl, stiskl kl\u00e1vesu v\u010das, dostal p\u011bt milion\u016f rubl\u016f,\u201c \u0159ekl ukrajinsk\u00fd bezpe\u010dnostn\u00ed \u00fa\u0159edn\u00edk, fragment rozhovoru maj\u00ed k dispozici m\u00e9dia.<\/p>\n<p>Jak up\u0159esnil mluv\u010d\u00ed agentury v mocensk\u00fdch struktur\u00e1ch\u00a0<a href=\"https:\/\/ria.ru\/location_Lugansk_People_s_Republic\/\">LPR<\/a>\u00a0, tyto detaily zazn\u011bly, kdy\u017e Kija\u0161\u010denko diskutoval s agentem SBU o p\u0159\u00edprav\u011b dal\u0161\u00edho teroristick\u00e9ho \u00fatoku, kter\u00e9mu bylo zabr\u00e1n\u011bno.<\/p>\n<p>LNR zjistila, \u017ee ukrajinsk\u00e9 speci\u00e1ln\u00ed slu\u017eby pl\u00e1novaly otr\u00e1vit vysoce postaven\u00e9ho \u00fa\u0159edn\u00edka v republice v p\u0159edve\u010der referenda o p\u0159ipojen\u00ed k\u00a0<a href=\"https:\/\/ria.ru\/location_rossiyskaya-federatsiya\/\">Rusku<\/a>\u00a0.<\/p>\n<p>Zachar\u010denko zem\u0159el 31. srpna 2018 p\u0159i v\u00fdbuchu v kav\u00e1rn\u011b Separ v centru\u00a0<a href=\"https:\/\/ria.ru\/location_Donetsk\/\">Don\u011bcku<\/a>\u00a0.\u00a0\u00da\u0159ady\u00a0<a href=\"https:\/\/ria.ru\/location_Donetsk_People_s_Republic\/\">DPR<\/a>\u00a0uznaly incident jako teroristick\u00fd \u00fatok.\u00a0V kv\u011btnu 2019 nov\u00e1 hlava republiky\u00a0<a href=\"https:\/\/ria.ru\/person_Denis_Pushilin\/\">Denis Pu\u0161ilin<\/a> v rozhovoru pro novin\u00e1\u0159e \u0159ekl, \u017ee vy\u0161et\u0159ov\u00e1n\u00ed odhalilo organiz\u00e1tory, pachatele a z\u00e1kazn\u00edky vra\u017edy, mezi nimi\u017e byli vysoce postaven\u00ed ob\u010dan\u00e9 <a href=\"https:\/\/ria.ru\/location_Ukraine\/\">Ukrajiny<\/a>\u00a0.<\/p>\n<p><img decoding=\"async\" loading=\"lazy\" class=\"alignnone size-full wp-image-1185\" src=\"http:\/\/www.infokuryr.cz\/n\/wp-content\/uploads\/2021\/04\/kuryr-podpis.png\" alt=\"\" width=\"84\" height=\"24\" \/><\/p>\n<p>&nbsp;<\/p>\n","protected":false},"excerpt":{"rendered":"<p>Ze zachycen\u00e9ho rozhovoru zam\u011bstnance SBU byly odhaleny nov\u00e9 podrobnosti o vra\u017ed\u011b Zachar\u010denka Nov\u00e9 podrobnosti o&#8230;<\/p>\n","protected":false},"author":2,"featured_media":15882,"comment_status":"closed","ping_status":"closed","sticky":false,"template":"","format":"standard","meta":[],"categories":[7],"tags":[562,1052,2014,26,184,3446],"_links":{"self":[{"href":"https:\/\/www.infokuryr.cz\/n\/wp-json\/wp\/v2\/posts\/15881"}],"collection":[{"href":"https:\/\/www.infokuryr.cz\/n\/wp-json\/wp\/v2\/posts"}],"about":[{"href":"https:\/\/www.infokuryr.cz\/n\/wp-json\/wp\/v2\/types\/post"}],"author":[{"embeddable":true,"href":"https:\/\/www.infokuryr.cz\/n\/wp-json\/wp\/v2\/users\/2"}],"replies":[{"embeddable":true,"href":"https:\/\/www.infokuryr.cz\/n\/wp-json\/wp\/v2\/comments?post=15881"}],"version-history":[{"count":0,"href":"https:\/\/www.infokuryr.cz\/n\/wp-json\/wp\/v2\/posts\/15881\/revisions"}],"wp:featuredmedia":[{"embeddable":true,"href":"https:\/\/www.infokuryr.cz\/n\/wp-json\/wp\/v2\/media\/15882"}],"wp:attachment":[{"href":"https:\/\/www.infokuryr.cz\/n\/wp-json\/wp\/v2\/media?parent=15881"}],"wp:term":[{"taxonomy":"category","embeddable":true,"href":"https:\/\/www.infokuryr.cz\/n\/wp-json\/wp\/v2\/categories?post=15881"},{"taxonomy":"post_tag","embeddable":true,"href":"https:\/\/www.infokuryr.cz\/n\/wp-json\/wp\/v2\/tags?post=15881"}],"curies":[{"name":"wp","href":"https:\/\/api.w.org\/{rel}","templated":true}]}}