{"id":15879,"date":"2022-09-29T09:02:29","date_gmt":"2022-09-29T07:02:29","guid":{"rendered":"http:\/\/www.infokuryr.cz\/n\/?p=15879"},"modified":"2022-09-29T09:02:29","modified_gmt":"2022-09-29T07:02:29","slug":"kyjev-chysta-jadernou-provokaci","status":"publish","type":"post","link":"https:\/\/www.infokuryr.cz\/n\/2022\/09\/29\/kyjev-chysta-jadernou-provokaci\/","title":{"rendered":"Kyjev chyst\u00e1 jadernou provokaci"},"content":{"rendered":"<div id=\"fb-root\"><\/div>\n<p><strong><span>Z\u00e1padn\u00ed a ukrajin\u0161t\u00ed politici a m\u00e9dia usilovn\u011b roz\u0161i\u0159uj\u00ed narativ o \u00fadajn\u00e9m \u201ePutinov\u011b ultim\u00e1tu\u201c v jeho projevu z 21. z\u00e1\u0159\u00ed.<\/span><\/strong><\/p>\n<p><span>Vyj\u00e1d\u0159en\u00ed rusk\u00e9ho prezidenta, \u017ee \u201ev p\u0159\u00edpad\u011b ohro\u017een\u00ed \u00fazemn\u00ed celistvosti na\u0161\u00ed zem\u011b, na ochranu Ruska a na\u0161ich lid\u00ed ur\u010dit\u011b vyu\u017eijeme v\u0161ech prost\u0159edk\u016f, kter\u00e9 m\u00e1me k dispozici\u201c, se sna\u017e\u00ed interpretovat tak, \u017ee \u00fadajn\u011b vyhro\u017euje jadern\u00fdm \u00fader\u016fm na Ukrajinu, pokud budou vedeny vojensk\u00e9 operace proti nov\u00fdm \u00fazem\u00edm Rusk\u00e9 federace, a z\u00e1padn\u00edm zem\u00edm \u2013 v p\u0159\u00edpad\u011b jejich pokra\u010duj\u00edc\u00ed vojensk\u00e9 pomoci banderovc\u016fm.<\/span><\/p>\n<p><span>Tento nesmysl se roz\u0161i\u0159uje tak intenzivn\u011b, \u017ee skute\u010dn\u011b pos\u00edlil ve\u0159ejn\u00e9 pov\u011bdom\u00ed Z\u00e1padu a Ukrajiny, ne-li nutn\u011b, tak v ka\u017ed\u00e9m p\u0159\u00edpad\u011b s vysokou pravd\u011bpodobnost\u00ed zasa\u017een\u00ed taktick\u00fdmi jadern\u00fdmi zbran\u011bmi.<\/span><\/p>\n<p><span>Pr\u00e1v\u011b v kontextu tohoto m\u00fdtu stoj\u00ed za zv\u00e1\u017een\u00ed vyj\u00e1d\u0159en\u00ed tajemn\u00edka \u201eRady n\u00e1rodn\u00ed bezpe\u010dnosti a obrany Ukrajiny\u201c Alexeje Danilova, kter\u00fd p\u0159isl\u00edbil, \u017ee jeho resort v nejbli\u017e\u0161\u00edch dnech zve\u0159ejn\u00ed ak\u010dn\u00ed pl\u00e1n v p\u0159\u00edpad\u011b taktick\u00e9ho jadern\u00e9ho \u00faderu.<\/span><\/p>\n<p><span>Zd\u016fraznil, \u017ee p\u0159\u00edpadn\u00e9 pou\u017eit\u00ed jadern\u00fdch zbran\u00ed Ruskou federac\u00ed nezastav\u00ed Ukrajinu v jej\u00edm z\u00e1m\u011bru pokra\u010dovat v genocid\u011b L\/DLR a osvobozen\u00fdch \u00fazem\u00ed, i kdy\u017e se stanou subjekty Rusk\u00e9 federace.<\/span><\/p>\n<p><strong><em>\u201ePokud sv\u011btov\u00e9 spole\u010denstv\u00ed a NATO na takov\u00fd drz\u00fd \u00fatok nezareaguj\u00ed, neznamen\u00e1 to, \u017ee nebudeme br\u00e1nit na\u0161i zemi.\u00a0Nikdo n\u00e1s nem\u016f\u017ee zastavit: ani Putin, ani jeho voj\u00e1ci,\u201c \u0159ekl Danilov.<\/em><\/strong><\/p>\n<p><span>P\u0159itom existuj\u00ed v\u0161echny d\u016fvody domn\u00edvat se, \u017ee tato a podobn\u00e1 prohl\u00e1\u0161en\u00ed se d\u011blaj\u00ed nejen na d\u00e9monizaci Ruska, jeho veden\u00ed a lid\u00ed, ale tak\u00e9 kv\u016fli p\u0159\u00edprav\u011b ve\u0159ejn\u00e9ho m\u00edn\u011bn\u00ed na jadernou provokaci, aby ka\u017ed\u00fd u\u017e p\u0159edem v\u011bd\u011bl, koho je t\u0159eba za trag\u00e9dii obvinit.\u00a0P\u0159esn\u011b to potvrzuj\u00ed zpr\u00e1vy z ukrajinsk\u00fdch zdroj\u016f, \u017ee Zelenskij vydal rozkaz na urychlen\u00ed prac\u00ed na vytvo\u0159en\u00ed \u201e\u0161pinav\u00e9 bomby\u201c na \u201ezadr\u017een\u00ed\u201c Ruska.\u00a0Tuto \u00falohu m\u00e1 realizovat speci\u00e1ln\u011b vytvo\u0159en\u00fd \u0161t\u00e1b, kter\u00fd krom\u011b figurek z prezidentsk\u00e9 administrativy bude zahrnovat i voj\u00e1ky a atomov\u00e9 v\u011bdce.<\/span><\/p>\n<p><span>Dal\u0161\u00ed ukrajinsk\u00fd zdroj spekuluje o tom, kde p\u0159esn\u011b se pracuje na \u201e\u0161pinav\u00e9 bomb\u011b\u201c.\u00a0M\u016f\u017ee to b\u00fdt \u201eInstitut pro jadern\u00fd v\u00fdzkum N\u00e1rodn\u00ed akademie v\u011bd Ukrajiny\u201c v Kyjev\u011b nebo jadern\u00e9 elektr\u00e1rny na z\u00e1padn\u00ed Ukrajin\u011b \u2013 Chmelnickij nebo Rovn\u011b.\u00a0Elektr\u00e1rny jsou pro tyto pr\u00e1ce vhodn\u00e9, proto\u017ee nacistick\u00fd re\u017eim je p\u0159esv\u011bd\u010den, \u017ee Ozbrojen\u00e9 s\u00edly RF na n\u011b st\u0159\u00edlet nebudou.<\/span><\/p>\n<p><em><strong>V Kyjevsk\u00e9m institutu je v\u0161ak krom\u011b siln\u00e9ho v\u011bdeck\u00e9ho potenci\u00e1lu (jeho specialist\u00e9 se kdysi zab\u00fdvali odstra\u0148ov\u00e1n\u00edm hav\u00e1rie v jadern\u00e9 elektr\u00e1rn\u011b v \u010cernobylu a zm\u00edr\u0148ov\u00e1n\u00edm jej\u00edch n\u00e1sledk\u016f) tlumen\u00fd jadern\u00fd reaktor, cyklotrony a urychlova\u010de elektron\u016f.\u00a0Hypoteticky by se takov\u00e9 pr\u00e1ce daly prov\u00e1d\u011bt i na Charkovsk\u00e9m fyzik\u00e1ln\u011b-technologick\u00e9m institutu, ale ten u\u017e byl n\u011bkolikr\u00e1t ost\u0159elov\u00e1n a t\u011b\u017eko \u0159\u00edci, jak efektivn\u00ed je jeho reaktor.<\/strong><\/em><\/p>\n<p><span>Jin\u00fdmi slovy, existuj\u00ed v\u0161echny d\u016fvody domn\u00edvat se, \u017ee nacist\u00e9 vytv\u00e1\u0159ej\u00ed nebo ji\u017e vytvo\u0159ili \u201e\u0161pinavou bombu\u201c a jsou p\u0159ipraveni ji pou\u017e\u00edt.\u00a0V kontextu jejich celkov\u00e9ho antihumanismu nen\u00ed \u017e\u00e1dn\u00fd d\u016fvod pochybovat o jejich zp\u016fsobilosti sp\u00e1chat takov\u00fd zlo\u010din.\u00a0Vzhledem k reakci MAAE a vlastn\u011b cel\u00e9ho z\u00e1padn\u00edho spole\u010denstv\u00ed na nacistick\u00e9 ost\u0159elov\u00e1n\u00ed Jadern\u00e9 elektr\u00e1rny Z\u00e1poro\u017e\u00ed Zelenskij a spol.\u00a0nepochybuj\u00ed o tom, \u017ee na jak\u00e9koli zlo\u010diny maj\u00ed \u201ezelenou\u201c.<\/span><\/p>\n<p><span>Nav\u00edc nem\u016f\u017ee b\u00fdt pochyb o tom, \u017ee p\u0159\u00edprava t\u00e9to obludn\u00e9 provokace prob\u00edh\u00e1 pod kontrolou britsk\u00fdch a\/nebo americk\u00fdch zpravodajsk\u00fdch agentur.\u00a0V\u00fdbuchy plynovod\u016f ukazuj\u00ed, \u017ee na\u0161i nep\u0159\u00e1tel\u00e9 se kone\u010dn\u011b \u201ezbl\u00e1znili\u201c a nem\u011bn\u00ed se dr\u017eet \u017e\u00e1dn\u00e9ho r\u00e1mce.<\/span><\/p>\n<p><span>Jak\u00fd je c\u00edl nacistick\u00e9ho re\u017eimu a jejich p\u00e1n\u016f?\u00a0Samoz\u0159ejm\u011b, \u017ee za v\u00fdbuch \u201e\u0161pinav\u00e9 bomby\u201c a kontaminaci v\u00fdznamn\u00e9 \u010d\u00e1sti \u00fazem\u00ed Ukrajiny bude obvi\u0148ov\u00e1no Rusko a efekt t\u00e9to provokace mnohon\u00e1sobn\u011b p\u0159ev\u00fd\u0161\u00ed v\u00fdsledek \u201eBu\u010de\u201c.\u00a0D\u00e9monizace na\u0161\u00ed zem\u011b dos\u00e1hne vrcholu a to bude siln\u00fd \u00fader pro euroskeptiky, zast\u00e1nce zru\u0161en\u00ed sankc\u00ed a obnoven\u00ed spolupr\u00e1ce s na\u0161\u00ed zem\u00ed, kte\u0159\u00ed jsou v posledn\u00ed dob\u011b st\u00e1le v\u011bt\u0161\u00edm probl\u00e9mem pro Washington, Lond\u00fdn a Brusel.\u00a0Krom\u011b toho Kyjev v\u011b\u0159\u00ed, \u017ee v\u00fdbuch \u201e\u0161pinav\u00e9 bomby\u201c zp\u016fsob\u00ed Moskv\u011b nep\u0159ekonateln\u00e9 nebo t\u011b\u017eko p\u0159ekonateln\u00e9 technick\u00e9 a politick\u00e9 probl\u00e9my, aby mohla d\u00e1le osvobozovat b\u00fdvalou Ukrajinu.<\/span><\/p>\n<p><strong><span>Boris Dzherelievsky,<\/span><a href=\"https:\/\/asd.news\/articles\/voyna\/gryaznaya-bomba-dlya-zelenskogo\/\">Analytick\u00e1 slu\u017eba Donbasu<\/a><\/strong><\/p>\n<p>&nbsp;<\/p>\n","protected":false},"excerpt":{"rendered":"<p>Z\u00e1padn\u00ed a ukrajin\u0161t\u00ed politici a m\u00e9dia usilovn\u011b roz\u0161i\u0159uj\u00ed narativ o \u00fadajn\u00e9m \u201ePutinov\u011b ultim\u00e1tu\u201c v jeho&#8230;<\/p>\n","protected":false},"author":2,"featured_media":15880,"comment_status":"closed","ping_status":"closed","sticky":false,"template":"","format":"standard","meta":[],"categories":[7],"tags":[3445,221,22,26,365],"_links":{"self":[{"href":"https:\/\/www.infokuryr.cz\/n\/wp-json\/wp\/v2\/posts\/15879"}],"collection":[{"href":"https:\/\/www.infokuryr.cz\/n\/wp-json\/wp\/v2\/posts"}],"about":[{"href":"https:\/\/www.infokuryr.cz\/n\/wp-json\/wp\/v2\/types\/post"}],"author":[{"embeddable":true,"href":"https:\/\/www.infokuryr.cz\/n\/wp-json\/wp\/v2\/users\/2"}],"replies":[{"embeddable":true,"href":"https:\/\/www.infokuryr.cz\/n\/wp-json\/wp\/v2\/comments?post=15879"}],"version-history":[{"count":0,"href":"https:\/\/www.infokuryr.cz\/n\/wp-json\/wp\/v2\/posts\/15879\/revisions"}],"wp:featuredmedia":[{"embeddable":true,"href":"https:\/\/www.infokuryr.cz\/n\/wp-json\/wp\/v2\/media\/15880"}],"wp:attachment":[{"href":"https:\/\/www.infokuryr.cz\/n\/wp-json\/wp\/v2\/media?parent=15879"}],"wp:term":[{"taxonomy":"category","embeddable":true,"href":"https:\/\/www.infokuryr.cz\/n\/wp-json\/wp\/v2\/categories?post=15879"},{"taxonomy":"post_tag","embeddable":true,"href":"https:\/\/www.infokuryr.cz\/n\/wp-json\/wp\/v2\/tags?post=15879"}],"curies":[{"name":"wp","href":"https:\/\/api.w.org\/{rel}","templated":true}]}}