{"id":15876,"date":"2022-09-29T08:58:05","date_gmt":"2022-09-29T06:58:05","guid":{"rendered":"http:\/\/www.infokuryr.cz\/n\/?p=15876"},"modified":"2022-09-29T08:58:51","modified_gmt":"2022-09-29T06:58:51","slug":"potvrzeno-plynovody-nord-stream-1-a-2-byly-sabotovany-v-dobe-kdy-hrozi-3-svetova-valka","status":"publish","type":"post","link":"https:\/\/www.infokuryr.cz\/n\/2022\/09\/29\/potvrzeno-plynovody-nord-stream-1-a-2-byly-sabotovany-v-dobe-kdy-hrozi-3-svetova-valka\/","title":{"rendered":"Potvrzeno: Plynovody Nord Stream 1 a 2 byly sabotov\u00e1ny v dob\u011b, kdy hroz\u00ed 3. Sv\u011btov\u00e1 v\u00e1lka!"},"content":{"rendered":"<div id=\"fb-root\"><\/div>\n<p>Z\u00e1chrann\u00e9 lano Evropy k rusk\u00e9 energii bylo ofici\u00e1ln\u011b p\u0159eru\u0161eno, \u010d\u00edm\u017e se urychlil tlak na vypuknut\u00ed 3. Sv\u011btov\u00e9 v\u00e1lky.<\/p>\n<p>Podle zpr\u00e1v plynovody Nord Stream 1 (NS1) a Nord Stream 2 (NS2) z Ruska do Evropy p\u0159es noc ztratily tlak a praskly, \u010d\u00edm\u017e se do vod Baltsk\u00e9ho mo\u0159e vypustily masivn\u00ed oblaka bublaj\u00edc\u00edho plynu.<\/p>\n<p>Existuj\u00ed d\u016fvodn\u00e9 podez\u0159en\u00ed ze sabot\u00e1\u017ee a mnoz\u00ed na soci\u00e1ln\u00edch s\u00edt\u00edch poukazuj\u00ed na nikoho jin\u00e9ho ne\u017e Joea Bidena, kter\u00fd p\u0159ed p\u00e1r m\u011bs\u00edci sl\u00edbil, \u017ee pokud Rusko napadne Ukrajinu, pak plynovod Nord Stream 2 \u201eu\u017e nebude, nebo bude ukon\u010den\u201c \u2013 sledujte video n\u00ed\u017ee (v angli\u010dtin\u011b ):<\/p>\n<div class=\"twitter-tweet twitter-tweet-rendered\"><iframe id=\"twitter-widget-0\" class=\"\" title=\"Twitter Tweet\" src=\"https:\/\/platform.twitter.com\/embed\/Tweet.html?dnt=false&amp;embedId=twitter-widget-0&amp;features=eyJ0ZndfdGltZWxpbmVfbGlzdCI6eyJidWNrZXQiOlsibGlua3RyLmVlIiwidHIuZWUiLCJ0ZXJyYS5jb20uYnIiLCJ3d3cubGlua3RyLmVlIiwid3d3LnRyLmVlIiwid3d3LnRlcnJhLmNvbS5iciJdLCJ2ZXJzaW9uIjpudWxsfSwidGZ3X2hvcml6b25fdGltZWxpbmVfMTIwMzQiOnsiYnVja2V0IjoidHJlYXRtZW50IiwidmVyc2lvbiI6bnVsbH0sInRmd190d2VldF9lZGl0X2JhY2tlbmQiOnsiYnVja2V0Ijoib24iLCJ2ZXJzaW9uIjpudWxsfSwidGZ3X3JlZnNyY19zZXNzaW9uIjp7ImJ1Y2tldCI6Im9uIiwidmVyc2lvbiI6bnVsbH0sInRmd19jaGluX3BpbGxzXzE0NzQxIjp7ImJ1Y2tldCI6ImNvbG9yX2ljb25zIiwidmVyc2lvbiI6bnVsbH0sInRmd190d2VldF9yZXN1bHRfbWlncmF0aW9uXzEzOTc5Ijp7ImJ1Y2tldCI6InR3ZWV0X3Jlc3VsdCIsInZlcnNpb24iOm51bGx9LCJ0Zndfc2Vuc2l0aXZlX21lZGlhX2ludGVyc3RpdGlhbF8xMzk2MyI6eyJidWNrZXQiOiJpbnRlcnN0aXRpYWwiLCJ2ZXJzaW9uIjpudWxsfSwidGZ3X2V4cGVyaW1lbnRzX2Nvb2tpZV9leHBpcmF0aW9uIjp7ImJ1Y2tldCI6MTIwOTYwMCwidmVyc2lvbiI6bnVsbH0sInRmd19kdXBsaWNhdGVfc2NyaWJlc190b19zZXR0aW5ncyI6eyJidWNrZXQiOiJvbiIsInZlcnNpb24iOm51bGx9LCJ0ZndfdHdlZXRfZWRpdF9mcm9udGVuZCI6eyJidWNrZXQiOiJvZmYiLCJ2ZXJzaW9uIjpudWxsfX0%3D&amp;frame=false&amp;hideCard=false&amp;hideThread=false&amp;id=1574773062096097282&amp;lang=cs&amp;origin=https%3A%2F%2Fwww.badatel.net%2Fpotvrdene-plynovody-nord-stream-1-a-2-boli-sabotovane-v-case-ked-hrozi-3-svetova-vojna%2F&amp;sessionId=9797e11ab6fa11efc534866351d4ac43d5e62cdf&amp;theme=light&amp;widgetsVersion=1c23387b1f70c%3A1664388199485&amp;width=550px\" frameborder=\"0\" scrolling=\"no\" allowfullscreen=\"allowfullscreen\" data-tweet-id=\"1574773062096097282\" data-mce-fragment=\"1\"><\/iframe><\/div>\n<p>&nbsp;<\/p>\n<p>Pokud byly NS1 a NS2 z\u00e1m\u011brn\u011b po\u0161kozeny, \u00fatok musely prov\u00e9st speci\u00e1ln\u00ed jednotky, jako jsou n\u00e1mo\u0159n\u00ed pot\u00e1p\u011b\u010di nebo ponorka.\u00a0(Souvisej\u00edc\u00ed: NS1 byl v dob\u011b \u00fatoku\u00a0<a href=\"https:\/\/naturalnews.com\/2022-09-07-natural-gas-prices-soar-russia-ns1-offline.html\" target=\"_blank\" rel=\"noopener\">ji\u017e offline<\/a>\u00a0bez odhadovan\u00e9ho \u010dasov\u00e9ho r\u00e1mce na restart.)<\/p>\n<p><em>\\&#8220;Neum\u00edme si p\u0159edstavit \u017e\u00e1dn\u00fd jin\u00fd sc\u00e9n\u00e1\u0159 ne\u017e c\u00edlen\u00fd \u00fatok,\\&#8220;<\/em>\u00a0uvedl \u010dlov\u011bk z n\u011bmeck\u00e9ho hospod\u00e1\u0159sk\u00e9ho \u00fa\u0159adu.<\/p>\n<p><em>\u201eV\u0161e nasv\u011bd\u010duje tomu, \u017ee to nebyla n\u00e1hoda.\u201c<\/em><\/p>\n<h2>Jedna v\u011bc je jist\u00e1: Zni\u010den\u00ed plynovod\u016f Nord Stream 1 a 2 nen\u00ed n\u00e1hoda<\/h2>\n<p>L\u00e9taj\u00ed mnoh\u00e1 obvin\u011bn\u00ed, proto\u017ee r\u016fzn\u00e9 strany v t\u00e9to hroz\u00edc\u00ed poty\u010dce odm\u00edtaj\u00ed p\u0159evz\u00edt jakoukoli zodpov\u011bdnost za \u00fatok.<\/p>\n<p>Z\u00e1padn\u00ed mocnosti obvi\u0148uj\u00ed Rusko, zat\u00edmco jin\u00ed poukazuj\u00ed p\u0159\u00edmo na americk\u00e9ho prezidenta Bidena a jeho ve\u0159ejn\u011b vysloven\u00e9 v\u00fdhr\u016f\u017eky.\u00a0Dokonce se spekuluje, \u017ee vin\u00edkem zodpov\u011bdn\u00fdm za \u00fatok by mohla b\u00fdt Ukrajina.<\/p>\n<p><em>\u201eS do\u010dasn\u00fdm odstaven\u00edm plynovod\u016f Nord Stream by dod\u00e1vky plynu z Ruska do N\u011bmecka a st\u0159edn\u00ed Evropy byly mo\u017en\u00e9 jen p\u0159es plynovod Jamal, kter\u00fd vede p\u0159es Polsko nebo p\u0159es ukrajinskou plynovodn\u00ed s\u00ed\u0165,\u201c<\/em>\u00a0vysv\u011btluje jedna zpr\u00e1va, kter\u00e1 nab\u00edz\u00ed mo\u017en\u00e9 vysv\u011btlen\u00ed motivu Ukrajiny.<\/p>\n<p>Ve skute\u010dnosti je v\u0161ak s nejv\u011bt\u0161\u00ed pravd\u011bpodobnost\u00ed za \u00fatok zodpov\u011bdn\u00e9 NATO.\u00a0V\u0161udyp\u0159\u00edtomn\u00e1 mocensk\u00e1 struktura toti\u017e u\u017e n\u011bjakou dobu trest\u00e1 Evropu t\u00edm, \u017ee ji nut\u00ed st\u00e1t za ochromuj\u00edc\u00edmi sankcemi, kter\u00e9 m\u00edsto ubl\u00ed\u017een\u00ed Rusku hroz\u00ed kolapsem N\u011bmecka a Evropsk\u00e9 unie.<\/p>\n<p>Dal\u0161\u00ed mo\u017enost\u00ed je, \u017ee Scholzova vl\u00e1da, kter\u00e1 pr\u00e1v\u011b nyn\u00ed vl\u00e1dne v N\u011bmecku, povolila nebo dokonce po\u017e\u00e1dala o zni\u010den\u00ed ropovod\u016f, aby se uvolnil politick\u00fd tlak na prvn\u00ed otev\u0159en\u00ed Nord Stream 2 a obnoven\u00ed pou\u017e\u00edv\u00e1n\u00ed Nord Stream 1.<\/p>\n<p><em>\u201eZelen\u00ed jsou zde ve vl\u00e1d\u011b a novin\u00e1\u0159i propojen\u00ed se Zelen\u00fdmi za\u0161li tak daleko, \u017ee po\u017eadovali demont\u00e1\u017e ropovod\u016f, aby ubl\u00ed\u017eili Putinovi.\u00a0Tak\u017ee ani tato mo\u017enost zdaleka nen\u00ed \u0161\u00edlenstv\u00ed,\u201c<\/em>\u00a0p\u00ed\u0161e \u201eeugyppius\u201c na sv\u00e9m Substacku.<\/p>\n<p>Existuje tak\u00e9 mo\u017enost, \u017ee Rusko zni\u010dilo ropovody samo v r\u00e1mci operace \u201epod fale\u0161nou vlajkou\u201c, aby \u201ezv\u00fd\u0161ilo cenu plynu\u201c.<\/p>\n<p>Americk\u00fd spisovatel a filma\u0159\u00a0<a href=\"https:\/\/www.badatel.net\/gonzalo-lira-kabalisticke-svaby-pozieraju-zapad-za-ziva\/\">Gonzalo Lira<\/a>\u00a0mezit\u00edm \u0159\u00edk\u00e1, \u017ee zni\u010den\u00ed ropovod\u016f je v\u00e1le\u010dn\u00fdm aktem Spojen\u00fdch st\u00e1t\u016f proti Evrop\u011b.<\/p>\n<p>Britsk\u00fd sociolog Noah Carl ob\u0161\u00edrn\u011b psal o tom, co nazval \u201eteorie Nord Stream 2\u201c, p\u0159i\u010dem\u017e tvrd\u00ed, \u017ee rusko-ukrajinsk\u00fd konflikt byl v\u017edy o sabot\u00e1\u017ei Nord Stream 2. Toto prezentoval jako z\u00e1kladn\u00ed argument:<\/p>\n<p><em>\u201eVe sv\u011bt\u011b, kde jsou N\u011bmecko a Rusko p\u0159\u00e1teli a obchodn\u00edmi partnery, nejsou zapot\u0159eb\u00ed americk\u00e9 vojensk\u00e9 z\u00e1kladny, nejsou zapot\u0159eb\u00ed drah\u00e9 zbran\u011b a raketov\u00e9 syst\u00e9my vyroben\u00e9 v USA a nen\u00ed zapot\u0159eb\u00ed NATO.<\/em><\/p>\n<p><em>Nen\u00ed tak\u00e9 t\u0159eba obchodovat s energiemi v americk\u00fdch dolarech nebo vytv\u00e1\u0159et z\u00e1soby americk\u00fdch st\u00e1tn\u00edch dluhopis\u016f pro vyrovn\u00e1v\u00e1n\u00ed \u00fa\u010dt\u016f platebn\u00ed bilance.\u00a0Transakce mezi obchodn\u00edmi partnery se mohou uskute\u010d\u0148ovat v jejich vlastn\u00edch m\u011bn\u00e1ch, co\u017e nevyhnuteln\u011b zp\u016fsob\u00ed prudk\u00fd pokles hodnoty dolaru a dramatick\u00fd posun v rozlo\u017een\u00ed ekonomick\u00fdch sil.\u201c<\/em><\/p>\n<p>Nem\u00e9n\u011b v\u00fdpov\u011bdn\u00edm d\u016fkazem o mo\u017en\u00e9m vin\u00edkovi je twitterov\u00fd status Radeka Sikorsk\u00e9ho, sou\u010dasn\u00e9ho polsk\u00e9ho europoslance a b\u00fdval\u00e9ho ministra zahrani\u010d\u00ed, ve kter\u00e9m d\u011bkuje USA za zni\u010den\u00ed plynovod\u016f:<\/p>\n<p><img decoding=\"async\" loading=\"lazy\" class=\"aligncenter size-full wp-image-64210\" src=\"https:\/\/www.badatel.net\/wp-content\/uploads\/2022\/09\/radek-sikorski.jpg\" sizes=\"(max-width: 640px) 100vw, 640px\" srcset=\"https:\/\/www.badatel.net\/wp-content\/uploads\/2022\/09\/radek-sikorski.jpg 640w, https:\/\/www.badatel.net\/wp-content\/uploads\/2022\/09\/radek-sikorski-300x269.jpg 300w\" alt=\"\" width=\"640\" height=\"574\" \/><\/p>\n<h2>Z\u00e1v\u011br<\/h2>\n<p>Co si mysl\u00edte o tomto nejnov\u011bj\u0161\u00edm v\u00fdvoji v prob\u00edhaj\u00edc\u00edm glob\u00e1ln\u00edm konfliktu?\u00a0Kdo je podle v\u00e1s zodpov\u011bdn\u00fd za zni\u010den\u00ed plynovod\u016f Nord Stream 1 a Nord Stream 2?<\/p>\n<p>Jak se sv\u011bt propad\u00e1 do dal\u0161\u00ed glob\u00e1ln\u00ed v\u00e1lky, podrobn\u011b informovan\u00ed o nejnov\u011bj\u0161\u00edm v\u00fdvoji m\u016f\u017eete b\u00fdt na str\u00e1nce\u00a0<a href=\"https:\/\/wwiii.news\/\" target=\"_blank\" rel=\"noopener\">WWIII.news<\/a> .<\/p>\n<p>Autor: Ethan Huff, Zdroj:\u00a0<a href=\"https:\/\/www.naturalnews.com\/2022-09-27-nord-stream-pipelines-sabotaged-third-world-war.html\" target=\"_blank\" rel=\"noopener\">naturalnews.com<\/a><\/p>\n<p>&nbsp;<\/p>\n","protected":false},"excerpt":{"rendered":"<p>Z\u00e1chrann\u00e9 lano Evropy k rusk\u00e9 energii bylo ofici\u00e1ln\u011b p\u0159eru\u0161eno, \u010d\u00edm\u017e se urychlil tlak na vypuknut\u00ed&#8230;<\/p>\n","protected":false},"author":2,"featured_media":15877,"comment_status":"closed","ping_status":"closed","sticky":false,"template":"","format":"standard","meta":[],"categories":[7],"tags":[371,415,1008,276,40],"_links":{"self":[{"href":"https:\/\/www.infokuryr.cz\/n\/wp-json\/wp\/v2\/posts\/15876"}],"collection":[{"href":"https:\/\/www.infokuryr.cz\/n\/wp-json\/wp\/v2\/posts"}],"about":[{"href":"https:\/\/www.infokuryr.cz\/n\/wp-json\/wp\/v2\/types\/post"}],"author":[{"embeddable":true,"href":"https:\/\/www.infokuryr.cz\/n\/wp-json\/wp\/v2\/users\/2"}],"replies":[{"embeddable":true,"href":"https:\/\/www.infokuryr.cz\/n\/wp-json\/wp\/v2\/comments?post=15876"}],"version-history":[{"count":1,"href":"https:\/\/www.infokuryr.cz\/n\/wp-json\/wp\/v2\/posts\/15876\/revisions"}],"predecessor-version":[{"id":15878,"href":"https:\/\/www.infokuryr.cz\/n\/wp-json\/wp\/v2\/posts\/15876\/revisions\/15878"}],"wp:featuredmedia":[{"embeddable":true,"href":"https:\/\/www.infokuryr.cz\/n\/wp-json\/wp\/v2\/media\/15877"}],"wp:attachment":[{"href":"https:\/\/www.infokuryr.cz\/n\/wp-json\/wp\/v2\/media?parent=15876"}],"wp:term":[{"taxonomy":"category","embeddable":true,"href":"https:\/\/www.infokuryr.cz\/n\/wp-json\/wp\/v2\/categories?post=15876"},{"taxonomy":"post_tag","embeddable":true,"href":"https:\/\/www.infokuryr.cz\/n\/wp-json\/wp\/v2\/tags?post=15876"}],"curies":[{"name":"wp","href":"https:\/\/api.w.org\/{rel}","templated":true}]}}