{"id":15855,"date":"2022-09-29T01:09:36","date_gmt":"2022-09-28T23:09:36","guid":{"rendered":"http:\/\/www.infokuryr.cz\/n\/?p=15855"},"modified":"2022-09-28T17:48:27","modified_gmt":"2022-09-28T15:48:27","slug":"dansky-ministr-obrany-cia-nas-nevarovala-pred-sabotazi-na-nord-stream","status":"publish","type":"post","link":"https:\/\/www.infokuryr.cz\/n\/2022\/09\/29\/dansky-ministr-obrany-cia-nas-nevarovala-pred-sabotazi-na-nord-stream\/","title":{"rendered":"D\u00e1nsk\u00fd ministr obrany: CIA n\u00e1s nevarovala p\u0159ed sabot\u00e1\u017e\u00ed na Nord Stream"},"content":{"rendered":"<div id=\"fb-root\"><\/div>\n<p class=\"lead\"><span>Americk\u00e9 zpravodajsk\u00e9 slu\u017eby nevarovaly d\u00e1nsk\u00e9 \u00fa\u0159ady p\u0159ed mo\u017enou sabot\u00e1\u017e\u00ed na Nord Streamu.\u00a0Uvedl to ministr obrany zem\u011b.<\/span><\/p>\n<p><span>N\u011bmeck\u00e1 publikace Spiegel a americk\u00fd The New York Times s odvol\u00e1n\u00edm na zdroje uvedly, \u017ee americk\u00e9 zpravodajsk\u00e9 slu\u017eby na konci l\u00e9ta varovaly n\u011bkolik zem\u00ed EU p\u0159ed mo\u017enou sabot\u00e1\u017e\u00ed na Nord Stream.<\/span><\/p>\n<p><span>D\u00e1nsk\u00fd ministr obrany\u00a0<\/span><strong><span>Morten Bedskov<\/span><\/strong><span>\u00a0tyto zpr\u00e1vy pop\u0159el.\u00a0\u201eVl\u00e1da ani j\u00e1 jsme nebyli informov\u00e1ni.\u00a0Nemysl\u00edm si, \u017ee tyto exploze jsou n\u011bco, p\u0159ed \u010d\u00edm byste mohli b\u00fdt varov\u00e1ni,\u201c \u0159ekl \u0161\u00e9f d\u00e1nsk\u00e9 obrany st\u00e1tn\u00ed televizi TV2.<\/span><\/p>\n<p><span>Jak\u00a0<\/span><a href=\"https:\/\/eadaily.com\/\" target=\"_blank\" rel=\"noopener\"><strong><span>uvedl EADaily<\/span><\/strong><\/a><span>\u00a0, sabot\u00e1\u017e vedla k \u00faniku plynu v Nord Stream.\u00a0T\u00e9to verze se dr\u017e\u00ed v\u011bt\u0161ina evropsk\u00fdch politik\u016f.\u00a0Geologick\u00e1 slu\u017eba D\u00e1nska a Gr\u00f3nska (GEUS) nav\u00edc zaznamenala 26. z\u00e1\u0159\u00ed v oblasti plynovod\u016f v\u00fdkyvy o velikosti 2,3 a 2,1.<\/span><\/p>\n<p><span>\u201eSign\u00e1ly nejsou jako sign\u00e1ly ze zem\u011bt\u0159esen\u00ed.\u00a0Podobaj\u00ed se sign\u00e1l\u016fm obvykle zaznamenan\u00fdm p\u0159i exploz\u00edch, \u201c\u0159\u00edk\u00e1 zpr\u00e1va GEUS.\u00a0Slu\u017eba zaznamenala v\u00fdbuchy v oblasti Nord Stream 2 ve 2:03 a pobl\u00ed\u017e Nord Stream v 19:03.<\/span><\/p>\n<p><span>\u0160v\u00e9dsk\u00e1 policie zah\u00e1jila p\u0159edb\u011b\u017en\u00e9 vy\u0161et\u0159ov\u00e1n\u00ed sabot\u00e1\u017ee.<\/span><\/p>\n<p><span>&#8222;Ostr\u00fd pokles tlaku zaznamenan\u00fd\u00a0 v d\u016fsledku \u00faniku plynu na obou v\u011btv\u00edch plynovodu Nord Stream 1 n\u00e1m umo\u017e\u0148uje s jistotou p\u0159edpokl\u00e1dat, \u017ee \u00fanik plynovodu je zp\u016fsoben fyzick\u00fdm po\u0161kozen\u00edm,&#8220; uvedl provozovatel Nord Stream AG v ned\u00e1vn\u00e9 zpr\u00e1v\u011b. D\u0159\u00edve spole\u010dnost tvrdila bezprecedentn\u00ed \u0161kody a nemo\u017enost odhadnout dobu zprovozn\u011bn\u00ed.<\/span><\/p>\n<p><span>Nord Stream nefungoval, ale mohl obnovit dod\u00e1vky rusk\u00e9ho plynu do N\u011bmecka a dal\u0161\u00edch zem\u00ed EU.\u00a0Nouzov\u00fd stav tuto mo\u017enost poh\u0159bil.\u00a0N\u011bkdo se sna\u017e\u00ed naru\u0161it jakoukoli mo\u017enost obnoven\u00ed vazeb mezi EU a Ruskem, \u0159\u00edkaj\u00ed experti.<\/span><\/p>\n<p><img decoding=\"async\" loading=\"lazy\" class=\"alignnone size-full wp-image-1185\" src=\"http:\/\/www.infokuryr.cz\/n\/wp-content\/uploads\/2021\/04\/kuryr-podpis.png\" alt=\"\" width=\"84\" height=\"24\" \/><\/p>\n<p>&nbsp;<\/p>\n","protected":false},"excerpt":{"rendered":"<p>Americk\u00e9 zpravodajsk\u00e9 slu\u017eby nevarovaly d\u00e1nsk\u00e9 \u00fa\u0159ady p\u0159ed mo\u017enou sabot\u00e1\u017e\u00ed na Nord Streamu.\u00a0Uvedl to ministr obrany&#8230;<\/p>\n","protected":false},"author":2,"featured_media":15856,"comment_status":"closed","ping_status":"closed","sticky":false,"template":"","format":"standard","meta":[],"categories":[7],"tags":[109,500,458,415],"_links":{"self":[{"href":"https:\/\/www.infokuryr.cz\/n\/wp-json\/wp\/v2\/posts\/15855"}],"collection":[{"href":"https:\/\/www.infokuryr.cz\/n\/wp-json\/wp\/v2\/posts"}],"about":[{"href":"https:\/\/www.infokuryr.cz\/n\/wp-json\/wp\/v2\/types\/post"}],"author":[{"embeddable":true,"href":"https:\/\/www.infokuryr.cz\/n\/wp-json\/wp\/v2\/users\/2"}],"replies":[{"embeddable":true,"href":"https:\/\/www.infokuryr.cz\/n\/wp-json\/wp\/v2\/comments?post=15855"}],"version-history":[{"count":1,"href":"https:\/\/www.infokuryr.cz\/n\/wp-json\/wp\/v2\/posts\/15855\/revisions"}],"predecessor-version":[{"id":15857,"href":"https:\/\/www.infokuryr.cz\/n\/wp-json\/wp\/v2\/posts\/15855\/revisions\/15857"}],"wp:featuredmedia":[{"embeddable":true,"href":"https:\/\/www.infokuryr.cz\/n\/wp-json\/wp\/v2\/media\/15856"}],"wp:attachment":[{"href":"https:\/\/www.infokuryr.cz\/n\/wp-json\/wp\/v2\/media?parent=15855"}],"wp:term":[{"taxonomy":"category","embeddable":true,"href":"https:\/\/www.infokuryr.cz\/n\/wp-json\/wp\/v2\/categories?post=15855"},{"taxonomy":"post_tag","embeddable":true,"href":"https:\/\/www.infokuryr.cz\/n\/wp-json\/wp\/v2\/tags?post=15855"}],"curies":[{"name":"wp","href":"https:\/\/api.w.org\/{rel}","templated":true}]}}