{"id":15853,"date":"2022-09-29T01:08:40","date_gmt":"2022-09-28T23:08:40","guid":{"rendered":"http:\/\/www.infokuryr.cz\/n\/?p=15853"},"modified":"2022-09-28T17:39:41","modified_gmt":"2022-09-28T15:39:41","slug":"rusko-svola-radu-bezpecnosti-osn","status":"publish","type":"post","link":"https:\/\/www.infokuryr.cz\/n\/2022\/09\/29\/rusko-svola-radu-bezpecnosti-osn\/","title":{"rendered":"Rusko svol\u00e1 Radu bezpe\u010dnosti OSN"},"content":{"rendered":"<div id=\"fb-root\"><\/div>\n<p><span style=\"font-size: 18pt;\">Moskva po\u017e\u00e1d\u00e1 o sch\u016fzku kv\u016fli podez\u0159el\u00e9 \u201esabot\u00e1\u017ei\u201c plynovodu Nord Stream<\/span><\/p>\n<p>Moskva si p\u0159eje svolat mimo\u0159\u00e1dn\u00e9 zased\u00e1n\u00ed Rady bezpe\u010dnosti OSN kv\u016fli\u00a0<em>\u201eprovokac\u00edm\u201c<\/em>\u00a0na ropovodech Nord Stream 1 a 2, uvedla ve st\u0159edu v telegramu mluv\u010d\u00ed rusk\u00e9ho ministerstva zahrani\u010d\u00ed Maria Zacharovov\u00e1.\u00a0Oba ropovody byly za\u010d\u00e1tkem tohoto t\u00fddne v\u00e1\u017en\u011b po\u0161kozeny, co\u017e mnoz\u00ed podez\u0159\u00edvaj\u00ed z \u00famysln\u00e9ho \u00fatoku.<\/p>\n<p>D\u00e1nsk\u00e9 \u00fa\u0159ady potvrdily \u00faniky plynu z potrub\u00ed nedaleko ostrova Bornholm v Baltsk\u00e9m mo\u0159i v pond\u011bl\u00ed pot\u00e9, co provozovatel nahl\u00e1sil ztr\u00e1tu tlaku v Severn\u00edm proudu 1 a 2. \u0160v\u00e9dsk\u00e9 a d\u00e1nsk\u00e9 \u00fa\u0159ady pozd\u011bji potvrdily s\u00e9rii podmo\u0159sk\u00fdch v\u00fdbuch\u016f. zji\u0161t\u011bny d\u0159\u00edve, ne\u017e byly \u00faniky potvrzeny.<\/p>\n<p>Ru\u0161t\u00ed, ameri\u010dt\u00ed a \u0161v\u00e9d\u0161t\u00ed p\u0159edstavitel\u00e9 uvedli, \u017ee \u0161kody mohly b\u00fdt v\u00fdsledkem c\u00edlen\u00e9ho \u00fatoku na infrastrukturu potrub\u00ed.\u00a0\u017d\u00e1dn\u00ed podez\u0159el\u00ed za incidentem nebyli ofici\u00e1ln\u011b jmenov\u00e1ni, a\u010dkoli v tweetu b\u00fdval\u00fd polsk\u00fd ministr zahrani\u010d\u00ed Radoslaw Sikorski\u00a0<em>\u201epod\u011bkoval\u201c<\/em>\u00a0Washingtonu za zni\u010den\u00ed ropovodu.\u00a0Moskva, kter\u00e1 incident ozna\u010dila za\u00a0<em>\u201eteroristick\u00fd \u00fatok\u201c,<\/em>\u00a0tak\u00e9 ozna\u010dila USA za potenci\u00e1ln\u00edho podez\u0159el\u00e9ho.<\/p>\n<p>N\u011bkolik vysoce postaven\u00fdch n\u011bmeck\u00fdch poslanc\u016f uk\u00e1zalo prstem na Rusko a obvinilo ho z pokus\u016f\u00a0<em>\u201evyvolat nejistotu mezi evropskou populac\u00ed\u201c.<\/em><\/p>\n<p>Nebyla nouze o hrozby ze strany z\u00e1padn\u00edch zem\u00ed proti rusk\u00fdm podmo\u0159sk\u00fdm plynovod\u016fm, zejm\u00e9na Nord Stream 2, a to jak p\u0159ed koncem \u00fanora, tak po n\u011bm, kdy Moskva vyslala voj\u00e1ky na Ukrajinu.\u00a0Ta byla p\u0159ipravena k \u010derp\u00e1n\u00ed plynu od z\u00e1\u0159\u00ed lo\u0148sk\u00e9ho roku, ale nebyla uvedena do provozu kv\u016fli odm\u00edtnut\u00ed certifikace ze strany N\u011bmecka.<\/p>\n<p>Polsk\u00fd prezident Andrzej Duda minul\u00fd m\u011bs\u00edc po\u017eadoval, aby byl plynovod\u00a0<em>\u201e\u00fapln\u011b se\u0161rotov\u00e1n\u201c.\u00a0<\/em>Americk\u00fd prezident Joe Biden varoval po\u010d\u00e1tkem \u00fanora, p\u0159edt\u00edm, ne\u017e Rusko zah\u00e1jilo svou vojenskou operaci na Ukrajin\u011b, \u017ee pokud Moskva zas\u00e1hne proti Kyjevu,\u00a0<em>\u201eu\u017e nebude Nord Stream 2. Ud\u011bl\u00e1me tomu konec\u201c.\u00a0<\/em>Novin\u00e1\u0159 ho po\u017e\u00e1dal, aby objasnil, co p\u0159esn\u011b m\u00e1 na mysli, na co\u017e Biden odpov\u011bd\u011bl:\u00a0<em>&#8222;Slibuji v\u00e1m, \u017ee to zvl\u00e1dneme.&#8220;<\/em><\/p>\n<p><img decoding=\"async\" loading=\"lazy\" class=\"alignnone size-full wp-image-1185\" src=\"http:\/\/www.infokuryr.cz\/n\/wp-content\/uploads\/2021\/04\/kuryr-podpis.png\" alt=\"\" width=\"84\" height=\"24\" \/><\/p>\n<p>&nbsp;<\/p>\n","protected":false},"excerpt":{"rendered":"<p>Moskva po\u017e\u00e1d\u00e1 o sch\u016fzku kv\u016fli podez\u0159el\u00e9 \u201esabot\u00e1\u017ei\u201c plynovodu Nord Stream Moskva si p\u0159eje svolat mimo\u0159\u00e1dn\u00e9&#8230;<\/p>\n","protected":false},"author":2,"featured_media":5062,"comment_status":"closed","ping_status":"closed","sticky":false,"template":"","format":"standard","meta":[],"categories":[7],"tags":[415,186,1408,22],"_links":{"self":[{"href":"https:\/\/www.infokuryr.cz\/n\/wp-json\/wp\/v2\/posts\/15853"}],"collection":[{"href":"https:\/\/www.infokuryr.cz\/n\/wp-json\/wp\/v2\/posts"}],"about":[{"href":"https:\/\/www.infokuryr.cz\/n\/wp-json\/wp\/v2\/types\/post"}],"author":[{"embeddable":true,"href":"https:\/\/www.infokuryr.cz\/n\/wp-json\/wp\/v2\/users\/2"}],"replies":[{"embeddable":true,"href":"https:\/\/www.infokuryr.cz\/n\/wp-json\/wp\/v2\/comments?post=15853"}],"version-history":[{"count":1,"href":"https:\/\/www.infokuryr.cz\/n\/wp-json\/wp\/v2\/posts\/15853\/revisions"}],"predecessor-version":[{"id":15854,"href":"https:\/\/www.infokuryr.cz\/n\/wp-json\/wp\/v2\/posts\/15853\/revisions\/15854"}],"wp:featuredmedia":[{"embeddable":true,"href":"https:\/\/www.infokuryr.cz\/n\/wp-json\/wp\/v2\/media\/5062"}],"wp:attachment":[{"href":"https:\/\/www.infokuryr.cz\/n\/wp-json\/wp\/v2\/media?parent=15853"}],"wp:term":[{"taxonomy":"category","embeddable":true,"href":"https:\/\/www.infokuryr.cz\/n\/wp-json\/wp\/v2\/categories?post=15853"},{"taxonomy":"post_tag","embeddable":true,"href":"https:\/\/www.infokuryr.cz\/n\/wp-json\/wp\/v2\/tags?post=15853"}],"curies":[{"name":"wp","href":"https:\/\/api.w.org\/{rel}","templated":true}]}}