{"id":15851,"date":"2022-09-29T01:07:20","date_gmt":"2022-09-28T23:07:20","guid":{"rendered":"http:\/\/www.infokuryr.cz\/n\/?p=15851"},"modified":"2022-09-28T17:31:35","modified_gmt":"2022-09-28T15:31:35","slug":"po-referendech-osvobozena-uzemi-zadaji-putina-o-prijeti-do-ruske-federace","status":"publish","type":"post","link":"https:\/\/www.infokuryr.cz\/n\/2022\/09\/29\/po-referendech-osvobozena-uzemi-zadaji-putina-o-prijeti-do-ruske-federace\/","title":{"rendered":"Po referendech: Osvobozen\u00e1 \u00fazem\u00ed \u017e\u00e1daj\u00ed Putina o p\u0159ijet\u00ed do Rusk\u00e9 federace"},"content":{"rendered":"<div id=\"fb-root\"><\/div>\n<p><strong>\u0160\u00e9fov\u00e9 vojensko-civiln\u00edch spr\u00e1v v Chersonu, Z\u00e1poro\u017e\u00ed a Luhansk\u00e9 lidov\u00e9 republice po\u017e\u00e1dali Vladimira Putina o za\u010dlen\u011bn\u00ed region\u016f do Rusk\u00e9 federace.\u00a0Rozhodnut\u00ed bylo p\u0159ijato po referendech, ve kter\u00fdch v\u011bt\u0161ina hlasovala pro p\u0159ipojen\u00ed k Rusku.<\/strong><\/p>\n<p>Leonid Pase\u010dnik, \u0161\u00e9f Lugansk\u00e9 lidov\u00e9 republiky, Vladimir Saldo, \u0161\u00e9f vojensko-civiln\u00ed spr\u00e1vy v Chersonu, a Jevgenij Balitskij, \u0161\u00e9f vojensko-civiln\u00ed spr\u00e1vy v Z\u00e1poro\u017e\u00ed, se obr\u00e1tili na Vladimira Putina s \u017e\u00e1dost\u00ed o za\u0159azen\u00ed oblast\u00ed do Rusk\u00e1 Federace.<\/p>\n<p>Podle Passechnika ani jeden st\u00e1t nebo mezin\u00e1rodn\u00ed organizace neodsoudily akce Kyjeva na Donbasu za posledn\u00edch osm let.\u00a0Uvedl, \u017ee pouze Rusko \u201eposkytlo a nad\u00e1le poskytuje komplexn\u00ed pomoc obyvatel\u016fm Donbasu\u201c.\u00a0&#8222;V\u00edme, \u017ee Donbass pat\u0159\u00ed Rusku,&#8220; napsal na Telegramu.\u00a0Saldo u\u010dinil podobn\u00e9 prohl\u00e1\u0161en\u00ed:<\/p>\n<p><strong><em>&#8222;Na\u0161i obyvatel\u00e9 u\u010dinili svou historickou volbu.&#8220;<\/em><\/strong><\/p>\n<p>Referenda jsou podle n\u011bj pln\u011b v souladu s Chartou OSN o sebeur\u010den\u00ed n\u00e1rod\u016f, a jsou tedy leg\u00e1ln\u00ed.\u00a0Balizki napsal, \u017ee sd\u00edlej\u00ed historickou minulost a doufejme, \u017ee spolu \u0161\u0165astnou budoucnost.<\/p>\n<p>Jak uv\u00e1d\u00ed rusk\u00fd list\u00a0<em>Kommersant<\/em>\u00a0, \u0161\u00e9fov\u00e9 lidov\u00fdch republik Don\u011bck a Lugansk jsou na cest\u011b do Moskvy vy\u0159\u00eddit v\u0161echny formality.\u00a0V Kremlu jsou o\u010dek\u00e1v\u00e1ni i \u0161\u00e9fov\u00e9 dal\u0161\u00edch dvou region\u016f.<\/p>\n<p>Administrativy jmenovan\u00e9 Moskvou hovo\u0159\u00ed o velk\u00e9m souhlasu s p\u0159ipojen\u00edm k Rusku.\u00a0Referenda, kter\u00e1 se konala od minul\u00e9ho p\u00e1tku, v\u0161ak pravd\u011bpodobn\u011b nejsou celosv\u011btov\u011b uzn\u00e1v\u00e1na.\u00a0Ukrajinsk\u00fd prezident Vladimir Zelenskij varoval, \u017ee pokud Moskva tyto v\u00fdsledky p\u0159ijme, u\u017e nem\u00e1 s Vladimirem Putinem \u201eo \u010dem diskutovat\u201c.\u00a0Ozn\u00e1mil, \u017ee osvobod\u00ed okupovan\u00e1 \u00fazem\u00ed.<\/p>\n<p><img decoding=\"async\" loading=\"lazy\" class=\"alignnone size-full wp-image-1185\" src=\"http:\/\/www.infokuryr.cz\/n\/wp-content\/uploads\/2021\/04\/kuryr-podpis.png\" alt=\"\" width=\"84\" height=\"24\" \/><\/p>\n<p>&nbsp;<\/p>\n","protected":false},"excerpt":{"rendered":"<p>\u0160\u00e9fov\u00e9 vojensko-civiln\u00edch spr\u00e1v v Chersonu, Z\u00e1poro\u017e\u00ed a Luhansk\u00e9 lidov\u00e9 republice po\u017e\u00e1dali Vladimira Putina o za\u010dlen\u011bn\u00ed&#8230;<\/p>\n","protected":false},"author":2,"featured_media":15852,"comment_status":"closed","ping_status":"closed","sticky":false,"template":"","format":"standard","meta":[],"categories":[7],"tags":[64,246,885,22],"_links":{"self":[{"href":"https:\/\/www.infokuryr.cz\/n\/wp-json\/wp\/v2\/posts\/15851"}],"collection":[{"href":"https:\/\/www.infokuryr.cz\/n\/wp-json\/wp\/v2\/posts"}],"about":[{"href":"https:\/\/www.infokuryr.cz\/n\/wp-json\/wp\/v2\/types\/post"}],"author":[{"embeddable":true,"href":"https:\/\/www.infokuryr.cz\/n\/wp-json\/wp\/v2\/users\/2"}],"replies":[{"embeddable":true,"href":"https:\/\/www.infokuryr.cz\/n\/wp-json\/wp\/v2\/comments?post=15851"}],"version-history":[{"count":0,"href":"https:\/\/www.infokuryr.cz\/n\/wp-json\/wp\/v2\/posts\/15851\/revisions"}],"wp:featuredmedia":[{"embeddable":true,"href":"https:\/\/www.infokuryr.cz\/n\/wp-json\/wp\/v2\/media\/15852"}],"wp:attachment":[{"href":"https:\/\/www.infokuryr.cz\/n\/wp-json\/wp\/v2\/media?parent=15851"}],"wp:term":[{"taxonomy":"category","embeddable":true,"href":"https:\/\/www.infokuryr.cz\/n\/wp-json\/wp\/v2\/categories?post=15851"},{"taxonomy":"post_tag","embeddable":true,"href":"https:\/\/www.infokuryr.cz\/n\/wp-json\/wp\/v2\/tags?post=15851"}],"curies":[{"name":"wp","href":"https:\/\/api.w.org\/{rel}","templated":true}]}}