{"id":15848,"date":"2022-09-29T01:06:16","date_gmt":"2022-09-28T23:06:16","guid":{"rendered":"http:\/\/www.infokuryr.cz\/n\/?p=15848"},"modified":"2022-09-28T17:23:16","modified_gmt":"2022-09-28T15:23:16","slug":"americka-ambasada-vyzvala-americany-aby-okamzite-opustili-rusko","status":"publish","type":"post","link":"https:\/\/www.infokuryr.cz\/n\/2022\/09\/29\/americka-ambasada-vyzvala-americany-aby-okamzite-opustili-rusko\/","title":{"rendered":"Americk\u00e1 ambas\u00e1da vyzvala Ameri\u010dany, aby okam\u017eit\u011b opustili Rusko"},"content":{"rendered":"<div id=\"fb-root\"><\/div>\n<p><span style=\"font-size: 18pt;\"><strong>Americk\u00e1 ambas\u00e1da vyzvala Ameri\u010dany, aby okam\u017eit\u011b opustili Rusko nebo do n\u011bj necestovali<\/strong><\/span><\/p>\n<p>Velvyslanectv\u00ed USA vyzvalo americk\u00e9 ob\u010dany, aby se zdr\u017eeli cest do Ruska, a ty, kte\u0159\u00ed jsou ji\u017e v zemi, aby ji okam\u017eit\u011b opustili, uvedla v prohl\u00e1\u0161en\u00ed americk\u00e1 diplomatick\u00e1 mise v Moskv\u011b.<\/p>\n<p>Americk\u00e1 ambas\u00e1da vydala podobn\u00e9 varov\u00e1n\u00ed ji\u017e v \u00fanoru, po zah\u00e1jen\u00ed speci\u00e1ln\u00ed vojensk\u00e9 operace na\u00a0<a href=\"https:\/\/ria.ru\/location_Ukraine\/\">Ukrajin\u011b<\/a>\u00a0, a od t\u00e9 doby doporu\u010den\u00ed nezm\u011bnila.\u00a0Jako d\u016fvod varov\u00e1n\u00ed, kter\u00e9 bylo zve\u0159ejn\u011bno ve st\u0159edu, ambas\u00e1da uvedla mobilizaci, kter\u00e1 v Rusku za\u010dala.\u00a0Ve zpr\u00e1v\u011b diplomatick\u00e9 mise se uv\u00e1d\u00ed, \u017ee Rusko \u201em\u016f\u017ee odm\u00edtnout p\u0159ijmout dvoj\u00ed rusko-americk\u00e9 ob\u010danstv\u00ed a povolat ty, kte\u0159\u00ed je maj\u00ed, do vojensk\u00e9 slu\u017eby\u201c.<\/p>\n<p>&#8222;Ob\u010dan\u00e9 USA by nem\u011bli cestovat do Ruska a ti, kte\u0159\u00ed pob\u00fdvaj\u00ed nebo cestuj\u00ed, by m\u011bli Rusko okam\u017eit\u011b opustit, dokud jsou k dispozici mo\u017enosti,&#8220; uvedl web velvyslanectv\u00ed v prohl\u00e1\u0161en\u00ed.<\/p>\n<p>&#8222;Komer\u010dn\u00ed lety jsou v sou\u010dasnosti omezen\u00e9 a \u010dasto v kr\u00e1tk\u00e9 dob\u011b nedostupn\u00e9. Pozemn\u00ed v\u00fdstupn\u00ed trasy autem nebo autobusy jsou k dispozici. Pokud chcete opustit Rusko, mus\u00edte si vhodn\u00e9 trasy zarezervovat sami,&#8220; uvedla americk\u00e1 diplomatick\u00e1 mise.<\/p>\n<p><img decoding=\"async\" loading=\"lazy\" class=\"alignnone size-full wp-image-1185\" src=\"http:\/\/www.infokuryr.cz\/n\/wp-content\/uploads\/2021\/04\/kuryr-podpis.png\" alt=\"\" width=\"84\" height=\"24\" \/><\/p>\n<p>&nbsp;<\/p>\n","protected":false},"excerpt":{"rendered":"<p>Americk\u00e1 ambas\u00e1da vyzvala Ameri\u010dany, aby okam\u017eit\u011b opustili Rusko nebo do n\u011bj necestovali Velvyslanectv\u00ed USA vyzvalo&#8230;<\/p>\n","protected":false},"author":2,"featured_media":15849,"comment_status":"closed","ping_status":"closed","sticky":false,"template":"","format":"standard","meta":[],"categories":[7],"tags":[898,22,37,1731,538],"_links":{"self":[{"href":"https:\/\/www.infokuryr.cz\/n\/wp-json\/wp\/v2\/posts\/15848"}],"collection":[{"href":"https:\/\/www.infokuryr.cz\/n\/wp-json\/wp\/v2\/posts"}],"about":[{"href":"https:\/\/www.infokuryr.cz\/n\/wp-json\/wp\/v2\/types\/post"}],"author":[{"embeddable":true,"href":"https:\/\/www.infokuryr.cz\/n\/wp-json\/wp\/v2\/users\/2"}],"replies":[{"embeddable":true,"href":"https:\/\/www.infokuryr.cz\/n\/wp-json\/wp\/v2\/comments?post=15848"}],"version-history":[{"count":1,"href":"https:\/\/www.infokuryr.cz\/n\/wp-json\/wp\/v2\/posts\/15848\/revisions"}],"predecessor-version":[{"id":15850,"href":"https:\/\/www.infokuryr.cz\/n\/wp-json\/wp\/v2\/posts\/15848\/revisions\/15850"}],"wp:featuredmedia":[{"embeddable":true,"href":"https:\/\/www.infokuryr.cz\/n\/wp-json\/wp\/v2\/media\/15849"}],"wp:attachment":[{"href":"https:\/\/www.infokuryr.cz\/n\/wp-json\/wp\/v2\/media?parent=15848"}],"wp:term":[{"taxonomy":"category","embeddable":true,"href":"https:\/\/www.infokuryr.cz\/n\/wp-json\/wp\/v2\/categories?post=15848"},{"taxonomy":"post_tag","embeddable":true,"href":"https:\/\/www.infokuryr.cz\/n\/wp-json\/wp\/v2\/tags?post=15848"}],"curies":[{"name":"wp","href":"https:\/\/api.w.org\/{rel}","templated":true}]}}