{"id":1584,"date":"2021-05-11T18:03:00","date_gmt":"2021-05-11T16:03:00","guid":{"rendered":"http:\/\/www.infokuryr.cz\/n\/?p=1584"},"modified":"2021-05-11T18:03:00","modified_gmt":"2021-05-11T16:03:00","slug":"osm-lidi-zahynulo-pri-strelbe-ve-skole-v-kazani","status":"publish","type":"post","link":"https:\/\/www.infokuryr.cz\/n\/2021\/05\/11\/osm-lidi-zahynulo-pri-strelbe-ve-skole-v-kazani\/","title":{"rendered":"Osm lid\u00ed zahynulo p\u0159i st\u0159elb\u011b ve \u0161kole v Kazani"},"content":{"rendered":"<div id=\"fb-root\"><\/div>\n<h2><span style=\"font-size: 14pt;\">R\u00e1no 11. kv\u011btna do\u0161lo ke st\u0159elb\u011b ve \u0161kole v ulici Jaudata Faizi v Kazani.<\/span><\/h2>\n<p><span>M\u00e9dia p\u016fvodn\u011b informovala o dvou \u00fato\u010dn\u00edc\u00edch.\u00a0Jeden byl zadr\u017een, druh\u00fd byl \u00fadajn\u011b zablokov\u00e1n ve \u010dtvrt\u00e9m pat\u0159e \u0161koly a pozd\u011bji zlikvidov\u00e1n.<\/span><\/p>\n<p><strong>Tiskov\u00e1 slu\u017eba N\u00e1rodn\u00edho protiteroristick\u00e9ho v\u00fdboru v\u0161ak ozn\u00e1mila jednoho zlo\u010dince.<\/strong><\/p>\n<p><span>Dnes, p\u0159ibli\u017en\u011b v 9:30 v Kazani, zah\u00e1jil ozbrojen\u00fd zlo\u010dinec palbu v t\u011blocvi\u010dn\u011b \u0161koly v ulici Jaudat Faizi &#8230; \u00dato\u010dn\u00edka zadr\u017eeli policist\u00e9, &#8211; cituje zpr\u00e1vu agentura RIA Novosti.<\/span><\/p>\n<p><span>Podle p\u0159edb\u011b\u017en\u00fdch \u00fadaj\u016f byl st\u0159elcem 19let\u00fd mlad\u00fd mu\u017e.\u00a0Podle TASS absolvoval \u0161kolu p\u0159ed \u010dty\u0159mi lety.\u00a0M\u00e9dia uv\u00e1d\u011bj\u00ed, \u017ee se jmenuje Ilnaz Galyaviev. P\u0159ed n\u011bkolika dny si otev\u0159el v Telegramu profil, ve kter\u00e9m si \u0159\u00edkal \u201eB\u016fh\u201c, a r\u00e1no p\u0159ed st\u0159elbou \u0159ekl, \u017ee \u201ezabije obrovsk\u00e9 mno\u017estv\u00ed biomasy\u201c a pot\u00e9 sp\u00e1ch\u00e1 sebevra\u017edu.<\/span><\/p>\n<p>Podle o\u010dit\u00fdch sv\u011bdk\u016f se ozvala b\u011bhem \u00fatoku exploze a pot\u00e9 za\u010dala st\u0159elba. N\u011bkolik d\u011bt\u00ed vysko\u010dilo z okna \u0161koly ve t\u0159et\u00edm pat\u0159e. Po p\u00e1du se zranili dva \u0161kol\u00e1ci.<\/p>\n<p><span>Budova \u0161koly je ohrazena. Na m\u00edsto bylo vysl\u00e1no v\u00edce ne\u017e 20 z\u00e1chrann\u00fdch t\u00fdm\u016f.\u00a0Krom\u011b toho tam p\u0159ijel prezident Tatarst\u00e1nu\u00a0<\/span><b><span>Rustam Minnikhanov<\/span><\/b><span>\u00a0.\u00a0Zadr\u017een\u00e9ho ozna\u010dil za teroristu a uvedl, \u017ee byl zat\u010den 19let\u00fd mlad\u00edk. Krom\u011b toho m\u011bl leg\u00e1ln\u011b zaregistrovanou zbra\u0148.<\/span><\/p>\n<p><span>V d\u016fsledku toho zem\u0159elo 8 lid\u00ed.\u00a0Minnikhanov hl\u00e1sil sedm \u00famrt\u00ed &#8211; \u010dty\u0159i chlapci a t\u0159i d\u00edvky. <\/span><span>&#8222;Zem\u0159eli tady, ve t\u0159et\u00edm pat\u0159e,&#8220; \u0159ekl Minnikhanov v rozhovoru pro Rossii 24.<\/span><\/p>\n<p><span>Tiskov\u00e1 slu\u017eba \u0161\u00e9fa Tatarst\u00e1nu objasnila, \u017ee osmou ob\u011bt\u00ed byl u\u010ditel.\u00a0Krom\u011b toho bylo zran\u011bno 21 lid\u00ed &#8211; 18 d\u011bt\u00ed a t\u0159i dosp\u011bl\u00ed, p\u00ed\u0161e TASS.<\/span><\/p>\n<p><span>D\u011bti\u00a0 byly ze \u0161koly evakuov\u00e1ny. Spolupracuj\u00ed s nimi psychologov\u00e9 a policist\u00e9.\u00a0Tak\u00e9 se zde organizuje j\u00eddlo, p\u00ed\u0161e Interfax s odkazem na starostovu kancel\u00e1\u0159 v Kazani.<\/span><\/p>\n<p><span>Policist\u00e9 nad\u00e1le ve \u0161kole prov\u00e1d\u011bj\u00ed operativn\u00ed akce.\u00a0Vy\u0161et\u0159ovatel\u00e9 IC jsou nav\u00edc na m\u00edst\u011b v\u00fdjime\u010dn\u00e9ho stavu.\u00a0Bylo zah\u00e1jeno trestn\u00ed \u0159\u00edzen\u00ed. <\/span><span>Po st\u0159elb\u011b byla ve v\u0161ech kazansk\u00fdch vzd\u011bl\u00e1vac\u00edch instituc\u00edch pos\u00edlena bezpe\u010dnostn\u00ed opat\u0159en\u00ed.\u00a0Vstupy do budovy jsou omezen\u00e9.<\/span><\/p>\n<p><img decoding=\"async\" loading=\"lazy\" class=\"alignnone size-full wp-image-1185\" src=\"http:\/\/www.infokuryr.cz\/n\/wp-content\/uploads\/2021\/04\/kuryr-podpis.png\" alt=\"\" width=\"84\" height=\"24\" \/><\/p>\n<p>&nbsp;<\/p>\n<p>&nbsp;<\/p>\n<div class=\"viqeo-slot\" data-video_id=\"5ddeb919237e60589516\"><\/div>\n<p>&nbsp;<\/p>\n","protected":false},"excerpt":{"rendered":"<p>R\u00e1no 11. kv\u011btna do\u0161lo ke st\u0159elb\u011b ve \u0161kole v ulici Jaudata Faizi v Kazani. M\u00e9dia&#8230;<\/p>\n","protected":false},"author":2,"featured_media":1585,"comment_status":"closed","ping_status":"closed","sticky":false,"template":"","format":"standard","meta":[],"categories":[7],"tags":[245,319,22,320,82],"_links":{"self":[{"href":"https:\/\/www.infokuryr.cz\/n\/wp-json\/wp\/v2\/posts\/1584"}],"collection":[{"href":"https:\/\/www.infokuryr.cz\/n\/wp-json\/wp\/v2\/posts"}],"about":[{"href":"https:\/\/www.infokuryr.cz\/n\/wp-json\/wp\/v2\/types\/post"}],"author":[{"embeddable":true,"href":"https:\/\/www.infokuryr.cz\/n\/wp-json\/wp\/v2\/users\/2"}],"replies":[{"embeddable":true,"href":"https:\/\/www.infokuryr.cz\/n\/wp-json\/wp\/v2\/comments?post=1584"}],"version-history":[{"count":0,"href":"https:\/\/www.infokuryr.cz\/n\/wp-json\/wp\/v2\/posts\/1584\/revisions"}],"wp:featuredmedia":[{"embeddable":true,"href":"https:\/\/www.infokuryr.cz\/n\/wp-json\/wp\/v2\/media\/1585"}],"wp:attachment":[{"href":"https:\/\/www.infokuryr.cz\/n\/wp-json\/wp\/v2\/media?parent=1584"}],"wp:term":[{"taxonomy":"category","embeddable":true,"href":"https:\/\/www.infokuryr.cz\/n\/wp-json\/wp\/v2\/categories?post=1584"},{"taxonomy":"post_tag","embeddable":true,"href":"https:\/\/www.infokuryr.cz\/n\/wp-json\/wp\/v2\/tags?post=1584"}],"curies":[{"name":"wp","href":"https:\/\/api.w.org\/{rel}","templated":true}]}}