{"id":15836,"date":"2022-09-28T15:52:54","date_gmt":"2022-09-28T13:52:54","guid":{"rendered":"http:\/\/www.infokuryr.cz\/n\/?p=15836"},"modified":"2022-09-28T15:52:54","modified_gmt":"2022-09-28T13:52:54","slug":"soucasna-vlna-kriminality-se-nepodoba-zadne-kterou-amerika-kdy-videla","status":"publish","type":"post","link":"https:\/\/www.infokuryr.cz\/n\/2022\/09\/28\/soucasna-vlna-kriminality-se-nepodoba-zadne-kterou-amerika-kdy-videla\/","title":{"rendered":"Sou\u010dasn\u00e1 vlna kriminality se nepodob\u00e1 \u017e\u00e1dn\u00e9, kterou Amerika kdy vid\u011bla"},"content":{"rendered":"<div id=\"fb-root\"><\/div>\n<div class=\"elementor-element elementor-element-1fb4c2c elementor-widget elementor-widget-theme-post-content\" data-id=\"1fb4c2c\" data-element_type=\"widget\" data-widget_type=\"theme-post-content.default\">\n<div class=\"elementor-widget-container\">\n<p><span>V minul\u00e9m t\u00fddnu z\u00edskalo New Orleans titul nejnebezpe\u010dn\u011bj\u0161\u00edho m\u011bsta Ameriky po 141% n\u00e1r\u016fstu po\u010dtu vra\u017ed za posledn\u00edch n\u011bkolik let.\u00a0V New Orleans je po\u010det vra\u017ed ohromuj\u00edc\u00edch 52 na 100 000 lid\u00ed.\u00a0Pro srovn\u00e1n\u00ed, m\u00edra vra\u017ed v New Orleansu je 6,9 \u200b\u200bna 100 000, co\u017e je nejv\u00edce za \u010dtvrt stolet\u00ed, a Venezuela, nejnebezpe\u010dn\u011bj\u0161\u00ed zem\u011b sv\u011bta, je na 50 na 100 000.<\/span><\/p>\n<p><span>Pokud by New Orleans bylo odlehl\u00e9, byla by to \u0161koda;\u00a0to, \u017ee tomu tak nen\u00ed, je trag\u00e9die.\u00a0M\u00edsto toho do tohoto klubu pat\u0159\u00ed New York, Chicago, Portland, LA, San Francisco, Philadelphia a dal\u0161\u00ed americk\u00e1 m\u011bsta.\u00a0Kriminalita v Americe za posledn\u00ed dva roky vzrostla, ve v\u011bt\u0161in\u011b p\u0159\u00edpad\u016f dramaticky.<\/span><\/p>\n<p><span>Zlo\u010din v Americe v\u017edy existoval \u2013 to je cena svobody \u2013 ale to, \u010deho jsme sv\u011bdky dnes, je n\u011bco \u00fapln\u011b jin\u00e9ho.\u00a0Nen\u00ed to jen o kriminalit\u011b.\u00a0Amerika m\u016f\u017ee b\u00fdt ob\u010das nebezpe\u010dn\u00e9 m\u00edsto.\u00a0Ka\u017ed\u00fd v\u00ed, \u017ee p\u016flno\u010dn\u00ed sm\u011bna v obchod\u011b s potravinami je riskantn\u011bj\u0161\u00ed ne\u017e denn\u00ed sm\u011bna v m\u00edstn\u00ed knihovn\u011b, a zdrav\u00fd rozum v\u00e1m \u0159\u00edk\u00e1, \u017ee je mnohem pravd\u011bpodobn\u011bj\u0161\u00ed, \u017ee se v sobotu ve\u010der poh\u00e1d\u00e1te v baru ne\u017e v kostele. Ned\u011bln\u00ed r\u00e1no.<\/span><\/p>\n<p><span>A aby bylo jasno, nejde o n\u00e1siln\u00edky z Antify a kultisty BLM vypaluj\u00edc\u00ed m\u011bsta.\u00a0Protest, dokonce i n\u00e1siln\u00fd protest, je sou\u010d\u00e1st\u00ed americk\u00e9 historie od jej\u00edho po\u010d\u00e1tku a je v\u011bt\u0161inou \u0159\u00edzen ud\u00e1lostmi, jako je Shay&#8217;s Rebellion, protesty ve Vietnamu, nepokoje po atent\u00e1tu na MLK nebo zpro\u0161t\u011bn\u00ed viny pro policii ve videu Rodneyho Kinga.<\/span><\/p>\n<p><span>Ne, to je jin\u00e9.\u00a0Jedna v\u011bc je vztekat se proti ma\u0161in\u00e9rii;\u00a0jin\u00e9 je p\u00e1chat n\u00e1sil\u00ed na ob\u010danech, zvl\u00e1\u0161t\u011b kdy\u017e jsou to nic netu\u0161\u00edc\u00ed nevinn\u00ed nebo poslu\u0161n\u00ed ob\u011bti.\u00a0To je dne\u0161n\u00ed probl\u00e9m, kter\u00fd se odehr\u00e1v\u00e1 po cel\u00e9 zemi, od m\u011bstsk\u00fdch d\u017eungl\u00ed, jako je New York City, po st\u0159edoz\u00e1padn\u00ed komunity, jako je Salt Lake City.<\/span><\/p>\n<p><span>To, \u010deho je dnes Amerika sv\u011bdkem, je exponenci\u00e1ln\u011b hor\u0161\u00ed ne\u017e typick\u00fd zlo\u010din, na kter\u00fd je Amerika zvykl\u00e1 \u2013 a pravdou je, \u017ee v\u011bt\u0161inu, ne-li v\u016fbec v\u0161echny, p\u00e1chaj\u00ed mlad\u00ed \u010dern\u00ed mu\u017ei a st\u00e1le \u010dast\u011bji mlad\u00e9 \u010derno\u0161ky.<\/span><\/p>\n<p><span>N\u00e1sil\u00ed se dost\u00e1v\u00e1 na novou \u00farove\u0148 nejen co do frekvence, ale i co do nastaven\u00ed.\u00a0U\u017e se neomezuje jen na temn\u00e1 z\u00e1kout\u00ed nebo opu\u0161t\u011bn\u00e1 parkovi\u0161t\u011b.\u00a0Nyn\u00ed se odehr\u00e1v\u00e1 uprost\u0159ed shonu ka\u017edodenn\u00edho \u017eivota Ameri\u010dan\u016f.\u00a0Odehr\u00e1vaj\u00ed se za b\u00edl\u00e9ho dne, p\u0159ed videokamerami \u2013 a \u010dasto p\u0159ed ostatn\u00edmi, kte\u0159\u00ed masakr nat\u00e1\u010d\u00ed, aby je mohli sd\u00edlet na soci\u00e1ln\u00edch s\u00edt\u00edch.\u00a0K n\u00e1siln\u00fdm trestn\u00fdm \u010din\u016fm doch\u00e1z\u00ed na americk\u00e9 Main Street, ve \u0161kol\u00e1ch, drogeri\u00edch, restaurac\u00edch rychl\u00e9ho ob\u010derstven\u00ed, stanic\u00edch metra, luxusn\u00edch obchodech a samoz\u0159ejm\u011b doma.<\/span><\/p>\n<p><span>Vid\u00edme velk\u00e9 skupiny mlad\u00fdch lid\u00ed, jak se \u0159\u00edt\u00ed do obchod\u016f, trhaj\u00ed zbo\u017e\u00ed z reg\u00e1l\u016f a ut\u00edkaj\u00ed s \u00fasm\u011bvem na tv\u00e1\u0159i.\u00a0Vid\u00edme, jak \u201ezlod\u011bji\u201c metodicky vykl\u00edzej\u00ed reg\u00e1ly a jen vych\u00e1zej\u00ed ze dve\u0159\u00ed, ani\u017e by si byli v\u011bdomi toho, \u017ee by byli zastaveni nebo zat\u010deni, a \u010dasto p\u0159itom \u00fato\u010d\u00ed na zam\u011bstnance.<\/span><\/p>\n<p><span>Je zde tak\u00e9 prvek n\u00e1sil\u00ed, jeho\u017e rozsah se zd\u00e1 bezprecedentn\u00ed.\u00a0T\u00e9m\u011b\u0159 ka\u017ed\u00fd den vid\u00edme, jak jsou nevinn\u00ed lid\u00e9 strkani, kop\u00e1ni nebo biti v metru, na schodech nebo v restaurac\u00edch.\u00a0Vid\u00edme \u00fatoky na pracovn\u00edky rychl\u00e9ho ob\u010derstven\u00ed, kdy\u017e z\u00e1kazn\u00edci p\u0159ijdou k pultu nebo za n\u011bj a za\u010dnou d\u011blat nepo\u0159\u00e1dek.\u00a0Vid\u00edme napad\u00e1n\u00ed \u0159idi\u010d\u016f autobus\u016f, bit\u00ed obchodn\u00edk\u016f a pliv\u00e1n\u00ed na policisty.\u00a0Vid\u00edme bezpo\u010det p\u0159\u00edpad\u016f, kdy lupi\u010di bili nebo st\u0159\u00edleli sv\u00e9 ob\u011bti i pot\u00e9, co dobyli vyplen\u011bn\u00fd majetek.\u00a0Denn\u011b tak\u00e9 \u010dteme o nevinn\u00fdch v\u0161ech v\u011bkov\u00fdch kategori\u00edch, kte\u0159\u00ed byli zabiti v k\u0159\u00ed\u017eov\u00e9 palb\u011b, kdy\u017e spali ve sv\u00fdch postel\u00edch, st\u00e1li v baru nebo sed\u011bli v aut\u011b.<\/span><\/p>\n<p><span>Zd\u00e1 se, \u017ee v t\u00e9to nov\u00e9 vln\u011b zlo\u010dinu je tak\u00e9 rasistick\u00fd prvek, p\u0159i\u010dem\u017e \u010dern\u00ed pachatel\u00e9 se zam\u011b\u0159uj\u00ed na nep\u0159im\u011b\u0159en\u00fd po\u010det b\u00edl\u00fdch nebo asijsk\u00fdch ob\u011bt\u00ed.\u00a0Ale nenechte se m\u00fdlit.\u00a0Nejv\u011bt\u0161\u00ed skupinou ob\u011bt\u00ed t\u00e9to vlny zlo\u010dinu jsou st\u00e1le \u010dern\u00ed ob\u010dan\u00e9.<\/span><\/p>\n<p><span>Ot\u00e1zkou je, pro\u010d tomu tak je.\u00a0Co vedlo v\u00edce \u010dern\u00fdch Ameri\u010dan\u016f k p\u0159esv\u011bd\u010den\u00ed, \u017ee mohou beztrestn\u011b okr\u00e1dat, b\u00edt a dokonce zab\u00edjet sv\u00e9 spoluob\u010dany?<\/span><\/p>\n<p><span>Nepochybn\u011b k tomu p\u0159isp\u00edv\u00e1 nes\u010detn\u00e9 mno\u017estv\u00ed faktor\u016f, od chyb\u011bj\u00edc\u00edch otc\u016f p\u0159es selh\u00e1vaj\u00edc\u00ed \u0161koly a\u017e po soci\u00e1ln\u00ed m\u00e9dia, ale tyto probl\u00e9my (alespo\u0148 prvn\u00ed dva) existuj\u00ed ji\u017e n\u011bjakou dobu.\u00a0Ne, d\u016fvodem prudk\u00e9ho n\u00e1r\u016fstu n\u00e1siln\u00e9 kriminality a nevyv\u00e1\u017een\u00e9ho chov\u00e1n\u00ed velk\u00e9ho po\u010dtu p\u0159ev\u00e1\u017en\u011b mlad\u00fdch \u010dern\u00fdch Ameri\u010dan\u016f je teze demokrat\u016f, \u017ee v\u0161echno \u0161patn\u00e9, co se \u010dernoch\u016fm d\u011bje, je zp\u016fsobeno rasismem.\u00a0\u010cerno\u0161i proto nenesou odpov\u011bdnost za sv\u00e1 rozhodnut\u00ed.\u00a0Proto by tak\u00e9 nem\u011bli n\u00e9st odpov\u011bdnost za sv\u00e9 \u010diny.<\/span><\/p>\n<p><span>Ronald Reagan jednou \u0159ekl: &#8222;Pokud chcete n\u011b\u010deho v\u00edc, dotujte to.&#8220;\u00a0P\u0159esn\u011b to ud\u011blali demokrat\u00e9 s n\u00e1silnou kriminalitou.\u00a0Zat\u00edmco je\u0161t\u011b neplat\u00ed p\u0159\u00edmo zlo\u010dinc\u016fm, aby napadali sv\u00e9 spoluob\u010dany a okr\u00e1dali m\u00edstn\u00ed podniky, zlo\u010din dotuj\u00ed.<\/span><\/p>\n<p><span>Na jedn\u00e9 stran\u011b, od pob\u0159e\u017e\u00ed k pob\u0159e\u017e\u00ed, demokrati\u010dt\u00ed \u017ealobci podporovan\u00ed Georgem Sorosem demonstruj\u00ed svou pov\u011bst zast\u00e1nc\u016f zplnomocn\u011bn\u00ed trestn\u00e9 \u010dinnosti, odm\u00edtaj\u00ed \u017e\u00e1dat propu\u0161t\u011bn\u00ed na kauci pro v\u011bt\u0161inu zat\u010den\u00fdch, odm\u00edtaj\u00ed st\u00edhat nespo\u010det p\u0159estupk\u016f a z\u00e1rove\u0148 p\u00e1chaj\u00ed nespo\u010det n\u00e1siln\u00fdch trestn\u00fdch \u010din\u016f, podce\u0148uj\u00ed uveden\u00e9 spr\u00e1vn\u00ed delikty.\u00a0Existuj\u00ed i \u200b\u200bdemokrat\u00e9, kte\u0159\u00ed \u00fa\u010dinn\u011b dekriminalizuj\u00ed celou \u0159adu trestn\u00fdch \u010din\u016f nebo ru\u0161\u00ed kauce t\u00e9m\u011b\u0159 u v\u0161ech trestn\u00fdch \u010din\u016f.<\/span><\/p>\n<p><span>Nap\u0159\u00edklad \u0161\u00edlenci, kte\u0159\u00ed vl\u00e1dnou Illinois, pr\u00e1v\u011b schv\u00e1lili z\u00e1kon, kter\u00fd ru\u0161\u00ed kauci za prakticky jak\u00fdkoli trestn\u00fd \u010din ni\u017e\u0161\u00ed ne\u017e vra\u017eda prvn\u00edho stupn\u011b a zakazuje policii pron\u00e1sledovat vet\u0159elce p\u0159isti\u017een\u00e9 p\u0159i vloup\u00e1n\u00ed do domu nebo podniku, zatknout nebo odv\u00e9zt.\u00a0To znamen\u00e1, \u017ee kdy\u017e se n\u011bkdo vloupe do va\u0161eho domu uprost\u0159ed noci a vy zavol\u00e1te policii, m\u00e1te nejprve \u0161t\u011bst\u00ed, pokud policie zas\u00e1hne, dokud je naru\u0161itel, a zavol\u00e1te policii. za druh\u00e9, doslova ji\u017e nedovoluje policii, aby ho odstranila z va\u0161eho domova.<\/span><\/p>\n<p><span>To v\u0161e se d\u011bje pr\u00e1v\u011b tehdy, kdy\u017e americk\u00e9 kulturn\u00ed a politick\u00e9 elity \u0159\u00edkaj\u00ed mlad\u00fdm \u010dern\u00fdm Ameri\u010dan\u016fm, \u017ee syst\u00e9m je proti nim, \u017ee nejsou schopni usp\u011bt, pokud budou hr\u00e1t podle pravidel, \u017ee je v\u011bt\u0161ina b\u00edl\u00fdch lid\u00ed nen\u00e1vid\u00ed a \u017ee to nebude m\u00edt \u017e\u00e1dn\u00e9 n\u00e1sledky, pokud poru\u0161uj\u00ed z\u00e1kon.\u00a0To je doslova recept na kolaps spole\u010dnosti.<\/span><\/p>\n<p><span>Dnes, v Americe ovl\u00e1dan\u00e9 demokraty, z\u00e1le\u017e\u00ed pouze na pr\u00e1vech zlo\u010dinc\u016f, nikoli na pr\u00e1vech ob\u011bt\u00ed&#8230; a faktem je, \u017ee v\u011bt\u0161ina ob\u011bt\u00ed t\u00e9to americk\u00e9 renesance n\u00e1sil\u00ed jsou ve skute\u010dnosti \u010dern\u00ed Ameri\u010dan\u00e9.\u00a0To znamen\u00e1, \u017ee nov\u00e1 pravidla po\u0161kozuj\u00ed pr\u00e1v\u011b ty lidi, o kter\u00fdch demokrat\u00e9 tvrd\u00ed, \u017ee jim z\u00e1le\u017e\u00ed.<\/span><\/p>\n<p><span>Aby demokrat\u00e9 z\u00edskali moc, vytvo\u0159ili fikci \u201esyst\u00e9mov\u00e9ho rasismu\u201c a milion\u016f \u201eb\u011blo\u0161sk\u00fdch rasist\u016f\u201c a Ameri\u010dan\u00e9 v\u0161ech ras za to plat\u00ed.\u00a0Ale to je p\u0159esn\u011b to, co se stane, kdy\u017e politici prov\u00e1d\u011bj\u00ed politiku balkanizace a viktimizace a obrac\u00ed skupiny Ameri\u010dan\u016f proti sob\u011b o moc.\u00a0Demokrat\u00e9 a jejich podvodn\u00ed partne\u0159i prosperuj\u00ed, zat\u00edmco v\u0161ichni ameri\u010dt\u00ed ob\u010dan\u00e9 trp\u00ed.<\/span><\/p>\n<p><span>Amerika byla zalo\u017eena na principu, \u017ee v\u0161ichni lid\u00e9 byli stvo\u0159eni sob\u011b rovni p\u0159ed Bohem a p\u0159ed lidsk\u00fdmi z\u00e1kony.\u00a0I kdy\u017e je implementace t\u011bchto pravd od za\u010d\u00e1tku nedokonal\u00e1, za posledn\u00edch 200 let se neust\u00e1le zlep\u0161ovala a p\u0159inesla Ameri\u010dan\u016fm svobodu a prosperitu, kter\u00e1 nem\u00e1 v historii lidstva obdoby.\u00a0Mezi tyto v\u00fdhody pat\u0159\u00ed tak\u00e9 \u010dern\u00ed Ameri\u010dan\u00e9, kte\u0159\u00ed tvo\u0159\u00ed neuv\u011b\u0159iteln\u00fdch 8 % americk\u00fdch milion\u00e1\u0159\u016f.<\/span><\/p>\n<p><span>Demokrat\u00e9 za pouhou p\u016fl generaci od\u010dinili 200 let pokroku a podn\u00edtili zu\u0159iv\u00fd boj v kleci mezi komunitami ve ve\u0159ejn\u00e9 dom\u00e9n\u011b.\u00a0V\u00fdsledkem byla velk\u00e1 r\u00e1na pro ob\u010danskou spole\u010dnost, chaos ve m\u011bstech a krev na ulic\u00edch (v\u011bt\u0161ina z toho byla \u010dern\u00e1).\u00a0P\u0159esto z nezn\u00e1m\u00e9ho d\u016fvodu \u010dern\u00e1 Amerika nad\u00e1le vol\u00ed demokraty ve stalinistick\u00fdch po\u010dtech.\u00a0Mo\u017en\u00e1 by to m\u011bli p\u0159ehodnotit&#8230;<\/span><\/p>\n<\/div>\n<\/div>\n<div class=\"elementor-element elementor-element-8c57238 quelle dc-has-condition dc-condition-empty elementor-widget elementor-widget-heading\" data-id=\"8c57238\" data-element_type=\"widget\" data-widget_type=\"heading.default\">\n<div class=\"elementor-widget-container\">\n<h3 class=\"elementor-heading-title elementor-size-default\"><span style=\"font-size: 8pt;\"><a href=\"https:\/\/www.americanthinker.com\/articles\/2022\/09\/the_current_crime_wave_is_unlike_any_ever_experienced_in_america.html\" target=\"_blank\" rel=\"nofollow noopener\">ZDROJ<\/a><\/span><\/h3>\n<p>&nbsp;<\/p>\n<\/div>\n<\/div>\n","protected":false},"excerpt":{"rendered":"<p>V minul\u00e9m t\u00fddnu z\u00edskalo New Orleans titul nejnebezpe\u010dn\u011bj\u0161\u00edho m\u011bsta Ameriky po 141% n\u00e1r\u016fstu po\u010dtu vra\u017ed&#8230;<\/p>\n","protected":false},"author":2,"featured_media":15837,"comment_status":"closed","ping_status":"closed","sticky":false,"template":"","format":"standard","meta":[],"categories":[7],"tags":[1310,369,239,122,37],"_links":{"self":[{"href":"https:\/\/www.infokuryr.cz\/n\/wp-json\/wp\/v2\/posts\/15836"}],"collection":[{"href":"https:\/\/www.infokuryr.cz\/n\/wp-json\/wp\/v2\/posts"}],"about":[{"href":"https:\/\/www.infokuryr.cz\/n\/wp-json\/wp\/v2\/types\/post"}],"author":[{"embeddable":true,"href":"https:\/\/www.infokuryr.cz\/n\/wp-json\/wp\/v2\/users\/2"}],"replies":[{"embeddable":true,"href":"https:\/\/www.infokuryr.cz\/n\/wp-json\/wp\/v2\/comments?post=15836"}],"version-history":[{"count":0,"href":"https:\/\/www.infokuryr.cz\/n\/wp-json\/wp\/v2\/posts\/15836\/revisions"}],"wp:featuredmedia":[{"embeddable":true,"href":"https:\/\/www.infokuryr.cz\/n\/wp-json\/wp\/v2\/media\/15837"}],"wp:attachment":[{"href":"https:\/\/www.infokuryr.cz\/n\/wp-json\/wp\/v2\/media?parent=15836"}],"wp:term":[{"taxonomy":"category","embeddable":true,"href":"https:\/\/www.infokuryr.cz\/n\/wp-json\/wp\/v2\/categories?post=15836"},{"taxonomy":"post_tag","embeddable":true,"href":"https:\/\/www.infokuryr.cz\/n\/wp-json\/wp\/v2\/tags?post=15836"}],"curies":[{"name":"wp","href":"https:\/\/api.w.org\/{rel}","templated":true}]}}