{"id":15832,"date":"2022-09-28T15:17:40","date_gmt":"2022-09-28T13:17:40","guid":{"rendered":"http:\/\/www.infokuryr.cz\/n\/?p=15832"},"modified":"2022-09-28T15:29:31","modified_gmt":"2022-09-28T13:29:31","slug":"jiri-vyvadil-bod-ze-ktereho-neni-navratu","status":"publish","type":"post","link":"https:\/\/www.infokuryr.cz\/n\/2022\/09\/28\/jiri-vyvadil-bod-ze-ktereho-neni-navratu\/","title":{"rendered":"Ji\u0159\u00ed Vyvadil: Bod, ze kter\u00e9ho nen\u00ed n\u00e1vratu"},"content":{"rendered":"<div id=\"fb-root\"><\/div>\n<p><strong>Port\u00e1l Expert.ru je rusk\u00fd port\u00e1l zam\u011b\u0159en\u00fd na ekonomick\u00e9 ukazatele, vz\u00e1jemn\u00fd v\u00fdvoj kurs\u016f rublu, dolaru, \u010di eura\u2026 Pro milovn\u00edky realistick\u00fdch dat. R\u00e1d jej \u010dtu, tak jako \u010dtu n\u011bkter\u00e9 americk\u00e9 port\u00e1ly realistick\u00e9 \u0161koly navazuj\u00edc\u00ed nap\u0159. na velik\u00e1na Henry Kissingera.<\/strong><\/p>\n<p>Nu\u017ee uveden\u00ed p\u0159ev\u00e1\u017en\u011b ekonomi\u010dt\u00ed auto\u0159i t\u00e9to na vl\u00e1d\u011b nez\u00e1visl\u00e9 r\u00e1movali vlastn\u00ed politick\u00e9 d\u011bje v\u010detn\u011b Vladim\u00edra Putina sp\u00ed\u0161e jen v rozsahu v jak\u00e9m m\u011bli a maj\u00ed dopady na ekonomiku. A dlu\u017eno dodat, \u017ee jejich anal\u00fdzy byly p\u0159esv\u011bd\u010div\u00e9 u\u017e i t\u00edm, \u017ee Rusko zcela objektivn\u011b v\u00fdborn\u011b zvl\u00e1dlo sankce nastaven\u00e9 Z\u00e1padem.<\/p>\n<p>Snad vlastn\u011b poprv\u00e9 jsem zaznamenal na tomto port\u00e1le velmi jasn\u00e9 sv\u00fdm zp\u016fsobem geopolitickou \u00favahu, nikoliv v\u0161ak ve smyslu ideologicko vlasteneck\u00e9, ale brut\u00e1ln\u011b v\u011bcn\u011b neutr\u00e1ln\u00ed, nebo\u0165 jm\u00e9no Vladim\u00edr Putin se tam ani jednou neobjevilo, na t\u00e9ma jednak \u010d\u00e1ste\u010dn\u00e9 mobilizace a pr\u00e1v\u011b dokon\u010den\u00fdch referend v Don\u011bcku, Luhansku, Z\u00e1poro\u017e\u00ed a Chersonska.<\/p>\n<p>O to v\u00edce snad tato \u00favaha je nosn\u00e1 v obs\u00e1hl\u00e9m \u010dl\u00e1nkem komentuj\u00ed, \u017ee dlouh\u00e1 v\u00edcem\u00e9n\u011b vlekl\u00e1 zvl\u00e1\u0161tn\u00ed operace za celou dobu m\u011bla jedin\u00fd v\u00fdsledek, \u017ee Z\u00e1pad po\u017eadoval po Rusku m\u00edr, kter\u00fd v\u0161ak byl synonymem pro naprostou kapitulaci. Podle jejich n\u00e1zoru se zvl\u00e1\u0161tn\u00ed operace v\u00edcem\u00e9n\u011b fakticky p\u0159ekl\u00e1p\u00ed v jasn\u00fd sp\u00ed\u0161e v\u00e1le\u010dn\u00fd konflikt na Ukrajin\u011b s c\u00edlem donutit Z\u00e1pad k jedn\u00e1n\u00ed o m\u00edru za nov\u00fdch podm\u00ednek, kdy\u017e doposud s Ruskem jednal jakoby z pozice v\u00edt\u011bze. O\u010dek\u00e1vaj\u00ed racion\u00e1ln\u011b, \u017ee se jednak d\u0159\u00edve \u010di pozd\u011bji projev\u00ed n\u00e1r\u016fst mobilizovan\u00fdch sil a jednak, \u017ee fakt referend, \u010dili roz\u0161\u00ed\u0159en\u00ed Ruska o oblasti ji\u017e zm\u00edn\u011bn\u00fdch oblast\u00ed Luhanska, Don\u011bcka, Z\u00e1poro\u017e\u00ed a Chersonska, kter\u00e9 s nejv\u011bt\u0161\u00ed pravd\u011bpodobnost\u00ed budou k Rusku z\u00e1konem p\u0159ipojeny v kr\u00e1tk\u00e9 dob\u011b, zm\u011bn\u00ed pr\u00e1vn\u00ed realitu, proto\u017ee ochrana vlastn\u00edho \u00fazem\u00ed je pr\u00e1vn\u00ed povinnost\u00ed Rusk\u00e9 federace. A i do budoucna \u00fatoky na tyto oblasti budou zkr\u00e1tka a dob\u0159e otokem na \u00fazemn\u00ed celistvost Ruska.<\/p>\n<p>Auto\u0159i racion\u00e1ln\u011b ozna\u010duj\u00ed tuto situaci jako bod, ze kter\u00e9ho nen\u00ed pro Rusko n\u00e1vratu. A ve vztahu k Z\u00e1padu, o\u010dek\u00e1vaj\u00ed, \u017ee tento jednozna\u010dn\u00fd silov\u00fd moment, kter\u00fd u\u017e nebude zalo\u017een na nekone\u010dn\u00e9m jedn\u00e1n\u00ed a dohadov\u00e1n\u00ed, kter\u00e9 nevedlo 9 m\u011bs\u00edc\u016f k \u017e\u00e1dn\u00e9mu v\u00fdsledku a jeho\u017e dopady se budou prohlubovat d\u0159\u00edve \u010di pozd\u011bji donut\u00ed Z\u00e1pad k uzav\u0159en\u00ed m\u00edru za rusk\u00fdch podm\u00ednek.<\/p>\n<p>P\u0159id\u00e1me- li k tomu, v tomto racion\u00e1ln\u00edm duchu dopady z\u00e1padn\u00edho embarga na rusk\u00e9 zdroje energie, plynu, ropy nejen na masivn\u00ed n\u00e1r\u016fst cen energi\u00ed v cel\u00e9 Evropsk\u00e9 unii, ale zvl\u00e1\u0161t\u011b na p\u0159edpokl\u00e1dan\u00fd v\u00fdvoj b\u011bhem leto\u0161n\u00ed zimy, kter\u00e9 zvl\u00e1\u0161t\u011b v N\u011bmecku i neutr\u00e1ln\u00ed instituce jak Bundesbank hodnot\u00ed jako v\u00e1\u017en\u011b znepokojiv\u00e9 a p\u0159id\u00e1m-li k tomu i na vzr\u016fstaj\u00edc\u00ed odpor ve\u0159ejnosti, kter\u00fd je z\u0159ejm\u011b na pouh\u00e9m za\u010d\u00e1tku, lze s ur\u010ditou predikc\u00ed o\u010dek\u00e1vat, \u017ee po skon\u010den\u00ed zimy, se tak pomysln\u011b zjist\u00ed, ke komu se klon\u00ed v\u00edt\u011bzstv\u00ed a ke komu por\u00e1\u017eka.<\/p>\n<p>Velice racion\u00e1ln\u00ed z\u00e1v\u011br se jev\u00ed v tom, \u017ee pokud z\u00e1padn\u00ed p\u0159edstavitel\u00e9 nap\u0159\u00edklad i z tribuny Valn\u00e9ho shrom\u00e1\u017ed\u011bn\u00ed p\u0159istupovali k Rusku jako k jasn\u00e9mu nep\u0159\u00edteli, jde pomysln\u011b, ale i re\u00e1ln\u011b v r\u00e1mci euroatlantick\u00e9ho prostoru o ot\u00e1zku : Kdo z koho. Bu\u010f zv\u00edt\u011bz\u00ed Z\u00e1pad nebo zv\u00edt\u011bz\u00ed Rusko. Na kompromis to ji\u017e zjevn\u011b nevypad\u00e1.<\/p>\n<p><a href=\"http:\/\/vasevec.parlamentnilisty.cz\/blogy\/bod-ze-ktereho-neni-navratu\">Ji\u0159\u00ed Vyvadil<\/a><\/p>\n<p>&nbsp;<\/p>\n","protected":false},"excerpt":{"rendered":"<p>Port\u00e1l Expert.ru je rusk\u00fd port\u00e1l zam\u011b\u0159en\u00fd na ekonomick\u00e9 ukazatele, vz\u00e1jemn\u00fd v\u00fdvoj kurs\u016f rublu, dolaru, \u010di&#8230;<\/p>\n","protected":false},"author":2,"featured_media":672,"comment_status":"closed","ping_status":"closed","sticky":false,"template":"","format":"standard","meta":[],"categories":[6],"tags":[59,45,29,22],"_links":{"self":[{"href":"https:\/\/www.infokuryr.cz\/n\/wp-json\/wp\/v2\/posts\/15832"}],"collection":[{"href":"https:\/\/www.infokuryr.cz\/n\/wp-json\/wp\/v2\/posts"}],"about":[{"href":"https:\/\/www.infokuryr.cz\/n\/wp-json\/wp\/v2\/types\/post"}],"author":[{"embeddable":true,"href":"https:\/\/www.infokuryr.cz\/n\/wp-json\/wp\/v2\/users\/2"}],"replies":[{"embeddable":true,"href":"https:\/\/www.infokuryr.cz\/n\/wp-json\/wp\/v2\/comments?post=15832"}],"version-history":[{"count":0,"href":"https:\/\/www.infokuryr.cz\/n\/wp-json\/wp\/v2\/posts\/15832\/revisions"}],"wp:featuredmedia":[{"embeddable":true,"href":"https:\/\/www.infokuryr.cz\/n\/wp-json\/wp\/v2\/media\/672"}],"wp:attachment":[{"href":"https:\/\/www.infokuryr.cz\/n\/wp-json\/wp\/v2\/media?parent=15832"}],"wp:term":[{"taxonomy":"category","embeddable":true,"href":"https:\/\/www.infokuryr.cz\/n\/wp-json\/wp\/v2\/categories?post=15832"},{"taxonomy":"post_tag","embeddable":true,"href":"https:\/\/www.infokuryr.cz\/n\/wp-json\/wp\/v2\/tags?post=15832"}],"curies":[{"name":"wp","href":"https:\/\/api.w.org\/{rel}","templated":true}]}}