{"id":15831,"date":"2022-09-28T15:27:07","date_gmt":"2022-09-28T13:27:07","guid":{"rendered":"http:\/\/www.infokuryr.cz\/n\/?p=15831"},"modified":"2022-09-28T15:27:07","modified_gmt":"2022-09-28T13:27:07","slug":"jindrich-kulhavy-28-zari-2022-statni-svatek-kdy-je-treba-demonstrovat-svou-silu","status":"publish","type":"post","link":"https:\/\/www.infokuryr.cz\/n\/2022\/09\/28\/jindrich-kulhavy-28-zari-2022-statni-svatek-kdy-je-treba-demonstrovat-svou-silu\/","title":{"rendered":"Jind\u0159ich Kulhav\u00fd: 28.z\u00e1\u0159\u00ed 2022 \u2013 st\u00e1tn\u00ed sv\u00e1tek, kdy je t\u0159eba demonstrovat svou s\u00edlu"},"content":{"rendered":"<div id=\"fb-root\"><\/div>\n<p><span class=\"anotation\">Pr\u00e1v\u011b prob\u00edhaj\u00edc\u00ed pracovn\u00ed t\u00fdden je p\u0159eru\u0161en st\u00e1tn\u00edm sv\u00e1tkem odkazuj\u00edc\u00edm n\u00e1s na vzpom\u00ednku na sv.V\u00e1clava. P\u0159\u00edb\u011bhu, v\u00a0n\u011bm\u017e byl tento velmo\u017e a P\u0159emyslovec hlavn\u00ed postavou, se v\u011bnujeme jinde, v\u00a0na\u0161ich D\u011bjin\u00e1ch n\u00e1roda \u010desk\u00e9ho. Dne\u0161ek je v\u0161ak z\u00e1rove\u0148 d\u016fle\u017eit\u00fdm dnem i z\u00a0jin\u00e9ho d\u016fvodu.<\/span><\/p>\n<div id=\"pagetext\">\n<p>\u00a0 Situace u n\u00e1s, pota\u017emo v\u00a0cel\u00e9 Evrop\u011b, je katastrof\u00e1ln\u00ed. Um\u011ble vyvolan\u00e1 energetick\u00e1 krize, zab\u00fdv\u00e1n\u00ed se neust\u00e1le Ukrajinou a Ruskem, z\u00a0\u010deho\u017e nik\u00fdm z\u00a0n\u00e1s nevolen\u00ed \u010dlenov\u00e9 Evropsk\u00e9 komise vyr\u00e1b\u00ed jednu pro n\u00e1s likvida\u010dn\u00ed sankci za druhou, a to i d\u00edky poslu\u0161nosti poslanc\u016f Evropsk\u00e9ho parlamentu a jednotliv\u00fdch n\u00e1rodn\u00edch vl\u00e1d s\u00a0v\u00fdjimkou Ma\u010farska a nov\u011b i Bulharska, to v\u0161e, a nejen to, drt\u00ed celou spole\u010dnost. Jej\u00ed rozklad se projevuje na v\u0161ech p\u0159edstaviteln\u00fdch \u00farovn\u00edch, tedy od ekonomick\u00e9, p\u0159es n\u00e1zorovou a\u017e po tu mor\u00e1ln\u00ed. Devastace v\u0161eho, co bylo dosud spojov\u00e1no s\u00a0vysp\u011blou kulturou Evropan\u016f, jejich solidn\u00edch standard\u016f a hodnot, je pod rou\u0161kou nen\u00e1visti k\u00a0Rusku, klimatick\u00fdch zm\u011bn a genderov\u00e9ho \u0161\u00edlenstv\u00ed a op\u011bt rozb\u011bhnuv\u0161\u00ed se migrace naprosto zjevn\u00e1. Sebedestruktivn\u00ed p\u0159\u00edstup zp\u016fsobuje mo\u017enost vl\u00e1dnout t\u011bm, kte\u0159\u00ed by se za norm\u00e1ln\u00edch okolnost\u00ed je\u0161t\u011b p\u0159ed p\u00e1r des\u00edtkami let museli se sv\u00fdmi n\u00e1zory schov\u00e1vat, p\u0159\u00edpadn\u011b by byli um\u00edst\u011bni v\u00a0bl\u00e1zinci. Z tv\u016frc\u016f Green Dealu a Great Resetu se stali \u010d\u00e1st\u00ed lid\u00ed obdivovan\u00ed vizion\u00e1\u0159i a filantropov\u00e9 vlastn\u00edc\u00ed obrovsk\u00e9 majetky. \u010c\u00edm v\u011bt\u0161\u00ed zlo\u010dinec, t\u00edm v\u011bt\u0161\u00ed ochrany a potlesku se mu dost\u00e1v\u00e1. Gates, Schwab, Soros, ale i Leynov\u00e1, Timmermans, slou\u017e\u00ed v\u00a0z\u00e1jmu star\u00fdch vl\u00e1dc\u016f sv\u011bta, z\u00a0nich\u017e je t\u0159eba jmenovat p\u0159edev\u0161\u00edm rodiny Rothschild\u016f, Rockefeller\u016f, Winsdor\u016f a p\u00e1r dal\u0161\u00edch, jejich\u017e jm\u00e9na v\u011bt\u0161in\u011b lid\u00ed ani moc ne\u0159eknou. Jejich pokrevn\u00ed linie zasahuj\u00ed a\u017e do st\u0159edov\u011bk\u00fdch Ben\u00e1tek. Existuje \u0159ada teori\u00ed s\u00a0r\u016fznou m\u00edrou konspirace, nicm\u00e9n\u011b v\u00fdsledkem je nyn\u011bj\u0161\u00ed tristn\u00ed situace, v\u00a0n\u00ed\u017e se nach\u00e1z\u00edme.<\/p>\n<p>Evropa se velmi rychle \u0159\u00edt\u00ed do propasti. Nepochopiteln\u00e1 a um\u011ble vyvolan\u00e1 ekonomick\u00e1 a energetick\u00e1 krize postupuje do dal\u0161\u00edho kola. Systemati\u010dnost likvidace na\u0161\u00ed civilizace je d\u011bsiv\u00e1. Mo\u017enost ukon\u010dit ji postupnou dohodou s\u00a0Ruskem a n\u00e1vratem k\u00a0prosperit\u011b v\u00a0p\u00e1tek zlikvidoval trojn\u00e1sobn\u00fd \u00fatok na plynovou tepnu Evropy, by\u0165 moment\u00e1ln\u011b nevyu\u017e\u00edvanou. P\u0159esto\u017ee existuje n\u011bkolik teori\u00ed, kdo za atakem znamenaj\u00edc\u00edm p\u0159eru\u0161en\u00ed plynovod\u016f Nord Stream 1 a 2 st\u00e1l, velmi logicky m\u016f\u017eeme prstem uk\u00e1zat na Spojen\u00e9 st\u00e1ty americk\u00e9. V\u00a0dob\u011b \u00faniku plynu se v\u00a0bl\u00edzkosti pohybovali jejich lod\u011b, technicky jsou na podobnou akci p\u0159ipraven\u00e9, nav\u00edc maj\u00ed mnoho d\u016fvod\u016f Rus\u016fm a Evropsk\u00e9 unii znemo\u017enit jakoukoliv dohodu. Z\u00a0na\u0161eho pohledu druhou mo\u017enost\u00ed sabot\u00e1\u017ee je naru\u0161en\u00ed plynovod\u016f ze strany eko\u0161\u00edlenc\u016f, pro kter\u00e9 jsou v\u0161ech norm\u00e1ln\u00ed zdroje energi\u00ed, tepla a mo\u017enosti cokoliv sp\u00e1lit doslova rud\u00fdm hadrem a takov\u00fdm \u010dinem by znemo\u017enili plyn pou\u017e\u00edvat. P\u0159esto se jednozna\u010dn\u011b p\u0159ikl\u00e1n\u00edme k\u00a0n\u00e1zoru, \u017ee za hr\u016fzn\u00fdm \u010dinem stoj\u00ed pr\u00e1v\u011b USA. A pokud ano, jde o dal\u0161\u00ed agresi sv\u011btov\u00e9ho v\u00fdznamu \u0159\u00edzenou z\u00a0Washingtonu. Rusov\u00e9 k\u00a0podobn\u00e9mu \u010dinu absolutn\u011b \u017e\u00e1dn\u00fd d\u016fvod nemaj\u00ed, sami toti\u017e dr\u017e\u00ed v\u00a0ruce ve\u0161ker\u00e9 kohouty od plynov\u00fdch trubek. \u010casem se jist\u011b dozv\u00edme, kdo za t\u00edmto podl\u00fdm \u010dinem st\u00e1l, v\u00a0dob\u011b satelit\u016f je nepravd\u011bpodobn\u00e9, \u017ee by ne\u0161lo v\u00a0m\u00edst\u011b katastrofy identifikovat p\u0159\u00edtomn\u00e1 plavidla, z\u00a0nich\u017e byla sabot\u00e1\u017e provedena. Tedy pokud ne\u0161lo o ponorky, co\u017e by pot\u00e9 op\u011bt z\u00fa\u017eilo v\u00fdb\u011br mo\u017en\u00fdch kandid\u00e1t\u016f.<\/p>\n<p>Je evidentn\u00ed, \u017ee jsme se t\u00edmto objevili jaksi n\u011bkde, kde b\u00fdt nechceme. U\u017e nyn\u00ed, kdy k\u00a0n\u00e1m je\u0161t\u011b n\u011bjak\u00fd plyn proudil, jsou patrn\u00e9 dopady na ekonomiku st\u00e1tu. Nejde jen o rekordn\u00ed inflaci. N\u011bkte\u0159\u00ed pr\u016fmyslov\u00ed velik\u00e1ni ji\u017e zva\u017euj\u00ed opu\u0161t\u011bn\u00ed \u010cesk\u00e9 republiky, jin\u00ed ji\u017e za\u010dali s\u00a0p\u0159\u00edpravami. Nejv\u00fdrazn\u011bji by takov\u00e1 operace zas\u00e1hla Mladoboleslavsko, tedy pokud by n\u011bmeck\u00fd majitel \u0160kody ukon\u010dil v\u00fdrobu automobil\u016f. Na ni je toti\u017e nav\u00e1z\u00e1no cel\u00e9 odv\u011btv\u00ed automobilov\u00e9ho pr\u016fmyslu a mno\u017estv\u00ed pracovn\u00edch m\u00edst. N\u011bmci n\u00e1s maj\u00ed celkov\u011b v\u00a0hrsti, o tom nen\u00ed pochyb, ov\u0161em pr\u00e1v\u011b nyn\u00ed se to za\u010d\u00edn\u00e1 extr\u00e9mn\u011b projevovat. D\u00edky politik\u016fm jsme jejich koloni\u00ed, k\u00a0\u010demu\u017e sta\u010dilo pouh\u00fdch 30 let ub\u011bhl\u00fdch od tzv. Sametov\u00e9 revoluce. N\u011bmci se vr\u00e1tili tam, odkud byli v\u00a0roku 1945 d\u00edky Sov\u011bt\u016fm vyhn\u00e1ni. Jen\u017ee tentokr\u00e1t jsme jim otev\u0159eli dve\u0159e sami, a naopak Rusy zatratili. M\u00e1me ji\u017e n\u011bkolik\u00e1tou proradnou vl\u00e1du v\u00a0po\u0159ad\u00ed, p\u0159i\u010dem\u017e ta posledn\u00ed v\u00a0kolaborantstv\u00ed doslova exceluje.<\/p>\n<p>Mo\u017en\u00e1 se v\u00e1m zd\u00e1, \u017ee v\u011bt\u0161inu p\u0159\u00ed\u010din sou\u010dasn\u00fdch ud\u00e1lost\u00ed nem\u016f\u017eete ovlivnit. Pravdou je, \u017ee se postupn\u011b Evropan\u00e9 probouz\u00ed a doch\u00e1z\u00ed k\u00a0projev\u016fm nespokojenosti. Je\u0161t\u011b d\u00e1le za\u0161li Bulha\u0159i a vym\u011bnili vl\u00e1du, stejn\u011b tak Italov\u00e9. Okam\u017eit\u011b se vyrojili pochyby o lidech vedouc\u00edch tyto zm\u011bny. Opravdu ani Meloniov\u00e1 nen\u00ed zrovna mor\u00e1ln\u00edm vzorem, podobn\u011b tak i nov\u00ed potencion\u00e1ln\u00ed l\u00edd\u0159i u n\u00e1s, ale moment\u00e1ln\u011b je d\u016fle\u017eit\u00e9 za\u010d\u00edt se zm\u011bnami. Pozd\u011bji m\u016f\u017eeme licitovat o tom, kdo jak je kvalitn\u00ed, jak\u00e9 touhy ho dovedly a\u017e na vrchol a budeme moci zvolit r\u016fzn\u00e9 mo\u017enosti. V\u00a0ka\u017ed\u00e9 spole\u010dnosti jsou kvalitn\u00ed lid\u00e9, kte\u0159\u00ed jsou jen p\u0159\u00edli\u0161 skryti. Nep\u0159em\u00fd\u0161lejme tedy, kdo jakou demonstraci organizuje, ale pe\u010dliv\u011b sledujme, kdo bude jednou schopen a ochoten lidi spojit. M\u00e9dia a sou\u010dasn\u00e1 vl\u00e1dn\u00ed a politick\u00e1 garnitura ud\u011bl\u00e1 v\u0161e proto, aby po\u0161kodila ka\u017ed\u00e9ho, kdo se j\u00ed vzp\u00edr\u00e1. Nejsme li schopni revoluce se v\u0161\u00edm v\u0161udy, je t\u0159eba vyslat l\u00eddry se siln\u00fdm mand\u00e1tem k\u00a0jedn\u00e1n\u00ed a a\u017e pot\u00e9 se vypo\u0159\u00e1dat s T\u011bmi, kte\u0159\u00ed zklamou. Co\u017e se v\u00a0p\u0159\u00edpadu Havla bohu\u017eel nestalo a jeho pohrobci do v\u0161eho nad\u00e1le zasahuj\u00ed. I proto jsou nyn\u00ed po\u0159\u00e1dan\u00e9 demonstrace a \u00fa\u010dast na nich d\u016fle\u017eit\u00e9. V\u010detn\u011b t\u00e9 po\u0159\u00e1dan\u00e9 28.z\u00e1\u0159\u00ed 2022. Nejde o \u0159e\u010dn\u00edky na p\u00f3diu, jde o to uk\u00e1zat, kolik n\u00e1s nespokojen\u00fdch je. P\u0159ij\u010fte tedy pros\u00edm.<\/p>\n<\/div>\n<p><a href=\"https:\/\/www.inadhled.live\/zajimavosti\/28-zari-2022-statni-svatek-kdy-je-treba-demonstrovat-svou-silu\/\">Jind\u0159ich Kulhav\u00fd<\/a><\/p>\n<p>&nbsp;<\/p>\n","protected":false},"excerpt":{"rendered":"<p>Pr\u00e1v\u011b prob\u00edhaj\u00edc\u00ed pracovn\u00ed t\u00fdden je p\u0159eru\u0161en st\u00e1tn\u00edm sv\u00e1tkem odkazuj\u00edc\u00edm n\u00e1s na vzpom\u00ednku na sv.V\u00e1clava. P\u0159\u00edb\u011bhu,&#8230;<\/p>\n","protected":false},"author":2,"featured_media":670,"comment_status":"closed","ping_status":"closed","sticky":false,"template":"","format":"standard","meta":[],"categories":[6],"tags":[76,29,830],"_links":{"self":[{"href":"https:\/\/www.infokuryr.cz\/n\/wp-json\/wp\/v2\/posts\/15831"}],"collection":[{"href":"https:\/\/www.infokuryr.cz\/n\/wp-json\/wp\/v2\/posts"}],"about":[{"href":"https:\/\/www.infokuryr.cz\/n\/wp-json\/wp\/v2\/types\/post"}],"author":[{"embeddable":true,"href":"https:\/\/www.infokuryr.cz\/n\/wp-json\/wp\/v2\/users\/2"}],"replies":[{"embeddable":true,"href":"https:\/\/www.infokuryr.cz\/n\/wp-json\/wp\/v2\/comments?post=15831"}],"version-history":[{"count":0,"href":"https:\/\/www.infokuryr.cz\/n\/wp-json\/wp\/v2\/posts\/15831\/revisions"}],"wp:featuredmedia":[{"embeddable":true,"href":"https:\/\/www.infokuryr.cz\/n\/wp-json\/wp\/v2\/media\/670"}],"wp:attachment":[{"href":"https:\/\/www.infokuryr.cz\/n\/wp-json\/wp\/v2\/media?parent=15831"}],"wp:term":[{"taxonomy":"category","embeddable":true,"href":"https:\/\/www.infokuryr.cz\/n\/wp-json\/wp\/v2\/categories?post=15831"},{"taxonomy":"post_tag","embeddable":true,"href":"https:\/\/www.infokuryr.cz\/n\/wp-json\/wp\/v2\/tags?post=15831"}],"curies":[{"name":"wp","href":"https:\/\/api.w.org\/{rel}","templated":true}]}}