{"id":15811,"date":"2022-09-28T06:15:17","date_gmt":"2022-09-28T04:15:17","guid":{"rendered":"http:\/\/www.infokuryr.cz\/n\/?p=15811"},"modified":"2022-09-28T06:15:17","modified_gmt":"2022-09-28T04:15:17","slug":"paleni-fialovych-slozenek","status":"publish","type":"post","link":"https:\/\/www.infokuryr.cz\/n\/2022\/09\/28\/paleni-fialovych-slozenek\/","title":{"rendered":"P\u00e1len\u00ed fialov\u00fdch slo\u017eenek"},"content":{"rendered":"<div id=\"fb-root\"><\/div>\n<p><span style=\"font-size: 18pt;\"><strong>1.10. P\u00e1len\u00ed fialov\u00fdch slo\u017eenek<\/strong><\/span><\/p>\n<p>1.10. od 14.00 hnut\u00ed \u010cesko, Nepla\u0165 !\u00a0 V\u00e1s zve na ob\u010dansk\u00e9 p\u00e1len\u00ed fialov\u00fdch slo\u017eenek p\u0159ed spole\u010dnosti PRE (Jungmannova 31, Praha 1).<\/p>\n<p><strong>Co t\u00edm chceme uk\u00e1zat?<\/strong><\/p>\n<p>Mnoz\u00ed z n\u00e1s ji\u017e obdr\u017eeli fialov\u00e9 ceny plynu a elekt\u0159iny. Mnoz\u00ed z n\u00e1s je teprve \u010dekaj\u00ed. Nyn\u00ed se ji\u017e jasn\u011b ukazuje, \u017ee tato vl\u00e1da ob\u011btovala na\u0161e \u00faspory, sprost\u011b okr\u00e1d\u00e1 a p\u0159iv\u00e1d\u00ed n\u00e1s do chudoby.<\/p>\n<p>A m\u00edsto toho, aby nab\u00eddla \u0159e\u0161en\u00ed energetick\u00e9 krize, n\u00e1s fialov\u00e1 vl\u00e1da u\u010d\u00ed, jak \u017e\u00e1dat o dotaci.<\/p>\n<p>V\u011b\u0159\u00edme, \u017ee pouze praktick\u00e9 kroky ob\u010dansk\u00e9ho nen\u00e1siln\u00e9ho odporu mohou p\u0159im\u011bt tuto vl\u00e1du k jasn\u00e9mu \u0159e\u0161en\u00ed tohoto \u00a0probl\u00e9m\u016f.<\/p>\n<p>Ob\u010dansk\u00e9 hnut\u00ed \u010cesko, Nepla\u0165 ! zahajuje s\u00e9rii ve\u0159ejn\u00fdch akc\u00ed, jejich\u017e c\u00edlem je upozornit na jasn\u00e9 kroky ob\u010dansk\u00e9 neposlu\u0161nosti.<\/p>\n<p>Na\u0161\u00edm c\u00edlem je donutit vl\u00e1du, aby vy\u0159e\u0161ila energetickou krizi, nebo odstoupila.<\/p>\n<p>Je to krize, kter\u00e9 nikdo z n\u00e1s neunikne. Dejme \u0161anci budoucnosti na\u0161ich d\u011bt\u00ed, \u00a0jednejme rozhodn\u011b!<\/p>\n<p>Kontaktn\u00ed informace: @ne_plat_cesko_bot<br \/>\nInformace o ob\u010dansk\u00e9m hnut\u00ed:\u00a0<a href=\"https:\/\/t.me\/ne_plat_cesko\/9\" target=\"_blank\" rel=\"noopener noreferrer\">https:\/\/t.me\/ne_plat_cesko\/9<\/a><\/p>\n<p><img decoding=\"async\" loading=\"lazy\" class=\"alignnone  wp-image-15812 aligncenter\" src=\"http:\/\/www.infokuryr.cz\/n\/wp-content\/uploads\/2022\/09\/Paleni-fialovych-SLOZENEK1-212x300.png\" alt=\"\" width=\"285\" height=\"404\" srcset=\"https:\/\/www.infokuryr.cz\/n\/wp-content\/uploads\/2022\/09\/Paleni-fialovych-SLOZENEK1-212x300.png 212w, https:\/\/www.infokuryr.cz\/n\/wp-content\/uploads\/2022\/09\/Paleni-fialovych-SLOZENEK1-724x1024.png 724w, https:\/\/www.infokuryr.cz\/n\/wp-content\/uploads\/2022\/09\/Paleni-fialovych-SLOZENEK1-768x1086.png 768w, https:\/\/www.infokuryr.cz\/n\/wp-content\/uploads\/2022\/09\/Paleni-fialovych-SLOZENEK1-1086x1536.png 1086w, https:\/\/www.infokuryr.cz\/n\/wp-content\/uploads\/2022\/09\/Paleni-fialovych-SLOZENEK1-1448x2048.png 1448w, https:\/\/www.infokuryr.cz\/n\/wp-content\/uploads\/2022\/09\/Paleni-fialovych-SLOZENEK1-1024x1449.png 1024w, https:\/\/www.infokuryr.cz\/n\/wp-content\/uploads\/2022\/09\/Paleni-fialovych-SLOZENEK1.png 1587w\" sizes=\"(max-width: 285px) 100vw, 285px\" \/><\/p>\n<p><img decoding=\"async\" loading=\"lazy\" class=\"alignnone size-full wp-image-1185\" src=\"http:\/\/www.infokuryr.cz\/n\/wp-content\/uploads\/2021\/04\/kuryr-podpis.png\" alt=\"\" width=\"84\" height=\"24\" \/><\/p>\n<p>&nbsp;<\/p>\n","protected":false},"excerpt":{"rendered":"<p>1.10. P\u00e1len\u00ed fialov\u00fdch slo\u017eenek 1.10. od 14.00 hnut\u00ed \u010cesko, Nepla\u0165 !\u00a0 V\u00e1s zve na ob\u010dansk\u00e9&#8230;<\/p>\n","protected":false},"author":2,"featured_media":15813,"comment_status":"closed","ping_status":"closed","sticky":false,"template":"","format":"standard","meta":[],"categories":[6],"tags":[3180,3020,815,3439],"_links":{"self":[{"href":"https:\/\/www.infokuryr.cz\/n\/wp-json\/wp\/v2\/posts\/15811"}],"collection":[{"href":"https:\/\/www.infokuryr.cz\/n\/wp-json\/wp\/v2\/posts"}],"about":[{"href":"https:\/\/www.infokuryr.cz\/n\/wp-json\/wp\/v2\/types\/post"}],"author":[{"embeddable":true,"href":"https:\/\/www.infokuryr.cz\/n\/wp-json\/wp\/v2\/users\/2"}],"replies":[{"embeddable":true,"href":"https:\/\/www.infokuryr.cz\/n\/wp-json\/wp\/v2\/comments?post=15811"}],"version-history":[{"count":0,"href":"https:\/\/www.infokuryr.cz\/n\/wp-json\/wp\/v2\/posts\/15811\/revisions"}],"wp:featuredmedia":[{"embeddable":true,"href":"https:\/\/www.infokuryr.cz\/n\/wp-json\/wp\/v2\/media\/15813"}],"wp:attachment":[{"href":"https:\/\/www.infokuryr.cz\/n\/wp-json\/wp\/v2\/media?parent=15811"}],"wp:term":[{"taxonomy":"category","embeddable":true,"href":"https:\/\/www.infokuryr.cz\/n\/wp-json\/wp\/v2\/categories?post=15811"},{"taxonomy":"post_tag","embeddable":true,"href":"https:\/\/www.infokuryr.cz\/n\/wp-json\/wp\/v2\/tags?post=15811"}],"curies":[{"name":"wp","href":"https:\/\/api.w.org\/{rel}","templated":true}]}}