{"id":15808,"date":"2022-09-28T05:50:54","date_gmt":"2022-09-28T03:50:54","guid":{"rendered":"http:\/\/www.infokuryr.cz\/n\/?p=15808"},"modified":"2022-09-28T05:50:54","modified_gmt":"2022-09-28T03:50:54","slug":"kuba-zustala-kvuli-hurikanu-bez-elektriny","status":"publish","type":"post","link":"https:\/\/www.infokuryr.cz\/n\/2022\/09\/28\/kuba-zustala-kvuli-hurikanu-bez-elektriny\/","title":{"rendered":"Kuba z\u016fstala kv\u016fli hurik\u00e1nu bez elekt\u0159iny"},"content":{"rendered":"<div id=\"fb-root\"><\/div>\n<p class=\"lead\"><span>Kub\u00e1nsk\u00fd syst\u00e9m v\u00fdroby elekt\u0159iny je po p\u0159echodu hurik\u00e1nu Ian zcela nefunk\u010dn\u00ed, uvedla kub\u00e1nsk\u00e1 Union Electrica.<\/span><\/p>\n<p><strong><em>\u201eV\u00fdroba v n\u00e1rodn\u00ed energetick\u00e9 soustav\u011b je nulov\u00e1 (zem\u011b bez energetick\u00e9 slu\u017eby), stav je zp\u016fsoben klimatick\u00fdmi podm\u00ednkami.\u00a0V\u00fdpadek spojen\u00ed na z\u00e1pad\u011b, v centr\u00e1ln\u00ed \u010d\u00e1sti a na v\u00fdchod\u011b.\u00a0Dod\u00e1vka bude postupn\u011b obnovena ve st\u0159edu ve\u010der nebo r\u00e1no,\u201c\u00a0<span class=\"after-quote-inline\">\u00a0uvedla Union Electrica na Twitteru.<\/span><\/em><\/strong><\/p>\n<p><span>Tropick\u00e1 bou\u0159e Ian vznikla v Karibiku 24. z\u00e1\u0159\u00ed.<\/span><\/p>\n<p><img decoding=\"async\" loading=\"lazy\" class=\"alignnone size-full wp-image-1185\" src=\"http:\/\/www.infokuryr.cz\/n\/wp-content\/uploads\/2021\/04\/kuryr-podpis.png\" alt=\"\" width=\"84\" height=\"24\" \/><\/p>\n<p>&nbsp;<\/p>\n","protected":false},"excerpt":{"rendered":"<p>Kub\u00e1nsk\u00fd syst\u00e9m v\u00fdroby elekt\u0159iny je po p\u0159echodu hurik\u00e1nu Ian zcela nefunk\u010dn\u00ed, uvedla kub\u00e1nsk\u00e1 Union Electrica&#8230;.<\/p>\n","protected":false},"author":2,"featured_media":15809,"comment_status":"closed","ping_status":"closed","sticky":false,"template":"","format":"standard","meta":[],"categories":[7],"tags":[1299,3438,135],"_links":{"self":[{"href":"https:\/\/www.infokuryr.cz\/n\/wp-json\/wp\/v2\/posts\/15808"}],"collection":[{"href":"https:\/\/www.infokuryr.cz\/n\/wp-json\/wp\/v2\/posts"}],"about":[{"href":"https:\/\/www.infokuryr.cz\/n\/wp-json\/wp\/v2\/types\/post"}],"author":[{"embeddable":true,"href":"https:\/\/www.infokuryr.cz\/n\/wp-json\/wp\/v2\/users\/2"}],"replies":[{"embeddable":true,"href":"https:\/\/www.infokuryr.cz\/n\/wp-json\/wp\/v2\/comments?post=15808"}],"version-history":[{"count":0,"href":"https:\/\/www.infokuryr.cz\/n\/wp-json\/wp\/v2\/posts\/15808\/revisions"}],"wp:featuredmedia":[{"embeddable":true,"href":"https:\/\/www.infokuryr.cz\/n\/wp-json\/wp\/v2\/media\/15809"}],"wp:attachment":[{"href":"https:\/\/www.infokuryr.cz\/n\/wp-json\/wp\/v2\/media?parent=15808"}],"wp:term":[{"taxonomy":"category","embeddable":true,"href":"https:\/\/www.infokuryr.cz\/n\/wp-json\/wp\/v2\/categories?post=15808"},{"taxonomy":"post_tag","embeddable":true,"href":"https:\/\/www.infokuryr.cz\/n\/wp-json\/wp\/v2\/tags?post=15808"}],"curies":[{"name":"wp","href":"https:\/\/api.w.org\/{rel}","templated":true}]}}