{"id":15775,"date":"2022-09-28T01:04:35","date_gmt":"2022-09-27T23:04:35","guid":{"rendered":"http:\/\/www.infokuryr.cz\/n\/?p=15775"},"modified":"2022-09-27T18:11:06","modified_gmt":"2022-09-27T16:11:06","slug":"pakistan-prednesl-jmenem-temer-70-zemi-spolecny-projev-v-rade-osn-pro-lidska-prava","status":"publish","type":"post","link":"https:\/\/www.infokuryr.cz\/n\/2022\/09\/28\/pakistan-prednesl-jmenem-temer-70-zemi-spolecny-projev-v-rade-osn-pro-lidska-prava\/","title":{"rendered":"P\u00e1kist\u00e1n p\u0159ednesl jm\u00e9nem t\u00e9m\u011b\u0159 70 zem\u00ed spole\u010dn\u00fd projev v Rad\u011b OSN pro lidsk\u00e1 pr\u00e1va"},"content":{"rendered":"<div id=\"fb-root\"><\/div>\n<p><span data-spm-anchor-id=\"C01140752918.PaZNIkA0prFD.0.i1\">P\u00e1kist\u00e1n p\u0159ednesl jm\u00e9nem t\u00e9m\u011b\u0159 70 zem\u00ed spole\u010dn\u00fd projev v\u00a0Rad\u011b OSN pro lidsk\u00e1 pr\u00e1va, aby se postavil proti vm\u011b\u0161ov\u00e1n\u00ed do vnit\u0159n\u00edch z\u00e1le\u017eitost\u00ed \u010c\u00edny pod z\u00e1minkou lidsk\u00fdch pr\u00e1v<\/span><\/p>\n<p>26. z\u00e1\u0159\u00ed na 51. zased\u00e1n\u00ed Rady OSN pro lidsk\u00e1 pr\u00e1va ve \u0161v\u00fdcarsk\u00e9 \u017denev\u011b vystoupil P\u00e1kist\u00e1n jm\u00e9nem t\u00e9m\u011b\u0159 70 zem\u00ed se spole\u010dn\u00fdm projevem, v n\u011bm\u017e zd\u016fraznil, \u017ee respektov\u00e1n\u00ed suverenity, nez\u00e1vislosti a \u00fazemn\u00ed celistvosti v\u0161ech zem\u00ed a nezasahov\u00e1n\u00ed do vnit\u0159n\u00edch z\u00e1le\u017eitost\u00ed suver\u00e9nn\u00edch zem\u00ed jsou z\u00e1kladn\u00ed normy mezin\u00e1rodn\u00edch vztah\u016f. Z\u00e1le\u017eitosti \u010d\u00ednsk\u00e9 Ujgursk\u00e9 autonomn\u00ed oblasti Xinjiang (Sin-\u0165iang), \u010d\u00ednsk\u00e9 zvl\u00e1\u0161tn\u00ed administrativn\u00ed oblasti Hongkong a \u010d\u00ednsk\u00e9 Tibetsk\u00e9 autonomn\u00ed oblasti Xizang (Si-cang) jsou vnit\u0159n\u00ed z\u00e1le\u017eitosti \u010c\u00edny. Stav\u00ed se proti politizaci a dvoj\u00edm standard\u016fm v ot\u00e1zk\u00e1ch lidsk\u00fdch pr\u00e1v a stav\u00ed se proti zasahov\u00e1n\u00ed do vnit\u0159n\u00edch z\u00e1le\u017eitost\u00ed \u010c\u00edny pod z\u00e1minkou lidsk\u00fdch pr\u00e1v.<\/p>\n<p>V\u00edce ne\u017e 20 zem\u00ed podpo\u0159ilo \u010c\u00ednu t\u00edm, \u017ee hovo\u0159ily individu\u00e1ln\u011b. T\u00e9m\u011b\u0159 sto zem\u00ed vyj\u00e1d\u0159ilo r\u016fzn\u00fdmi zp\u016fsoby sv\u00e9 pochopen\u00ed a podporu legitimn\u00edho postoje \u010c\u00edny.<\/p>\n<p>Z\u00e1stupce \u010c\u00edny hovo\u0159il v\u00a0Rad\u011b OSN pro lidsk\u00e1 pr\u00e1va proti zahrani\u010dn\u00edmu vm\u011b\u0161ov\u00e1n\u00ed do vnit\u0159n\u00edch z\u00e1le\u017eitost\u00ed Venezuely<\/p>\n<p>\u010c\u00ednsk\u00fd z\u00e1stupce 26. z\u00e1\u0159\u00ed vystoupil na sch\u016fzce dialogu vy\u0161et\u0159ovac\u00ed mise o Venezuele na 51. zased\u00e1n\u00ed Rady OSN pro lidsk\u00e1 pr\u00e1va, a uvedl, \u017ee \u010c\u00edna se stav\u00ed proti vm\u011b\u0161ov\u00e1n\u00ed vn\u011bj\u0161\u00edch sil do vnit\u0159n\u00edch z\u00e1le\u017eitost\u00ed Venezuely a vyzval Spojen\u00e9 st\u00e1ty, aby okam\u017eit\u011b zru\u0161ily jednostrann\u00e9 sankce proti Venezuele.<\/p>\n<p><span data-spm-anchor-id=\"C01140752918.PaZNIkA0prFD.0.i2\">Z\u00e1stupce \u010c\u00edny uvedl, \u017ee Spojen\u00e9 st\u00e1ty zavedly velk\u00e9 mno\u017estv\u00ed nez\u00e1konn\u00fdch jednostrann\u00fdch donucovac\u00edch opat\u0159en\u00ed v\u016f\u010di Venezuele, co\u017e je typick\u00fdm p\u0159\u00edkladem mocensk\u00e9 politiky a n\u00e1tlakov\u00e9 diplomacie, kter\u00e1 v\u00e1\u017en\u011b brzd\u00ed ekonomick\u00fd a soci\u00e1ln\u00ed rozvoj Venezuely a \u00fasil\u00ed o zlep\u0161en\u00ed ob\u017eivy lid\u00ed, a v\u00e1\u017en\u011b po\u0161kozuje pr\u00e1va venezuelsk\u00e9ho lidu na \u017eivobyt\u00ed, rozvoj a dal\u0161\u00ed z\u00e1kladn\u00ed lidsk\u00e1 pr\u00e1va.<\/span><\/p>\n<p><img decoding=\"async\" loading=\"lazy\" class=\"alignnone size-full wp-image-1185\" src=\"http:\/\/www.infokuryr.cz\/n\/wp-content\/uploads\/2021\/04\/kuryr-podpis.png\" alt=\"\" width=\"84\" height=\"24\" \/><\/p>\n<p>&nbsp;<\/p>\n","protected":false},"excerpt":{"rendered":"<p>P\u00e1kist\u00e1n p\u0159ednesl jm\u00e9nem t\u00e9m\u011b\u0159 70 zem\u00ed spole\u010dn\u00fd projev v\u00a0Rad\u011b OSN pro lidsk\u00e1 pr\u00e1va, aby se&#8230;<\/p>\n","protected":false},"author":2,"featured_media":9726,"comment_status":"closed","ping_status":"closed","sticky":false,"template":"","format":"standard","meta":[],"categories":[7],"tags":[144,186,129,1408],"_links":{"self":[{"href":"https:\/\/www.infokuryr.cz\/n\/wp-json\/wp\/v2\/posts\/15775"}],"collection":[{"href":"https:\/\/www.infokuryr.cz\/n\/wp-json\/wp\/v2\/posts"}],"about":[{"href":"https:\/\/www.infokuryr.cz\/n\/wp-json\/wp\/v2\/types\/post"}],"author":[{"embeddable":true,"href":"https:\/\/www.infokuryr.cz\/n\/wp-json\/wp\/v2\/users\/2"}],"replies":[{"embeddable":true,"href":"https:\/\/www.infokuryr.cz\/n\/wp-json\/wp\/v2\/comments?post=15775"}],"version-history":[{"count":1,"href":"https:\/\/www.infokuryr.cz\/n\/wp-json\/wp\/v2\/posts\/15775\/revisions"}],"predecessor-version":[{"id":15776,"href":"https:\/\/www.infokuryr.cz\/n\/wp-json\/wp\/v2\/posts\/15775\/revisions\/15776"}],"wp:featuredmedia":[{"embeddable":true,"href":"https:\/\/www.infokuryr.cz\/n\/wp-json\/wp\/v2\/media\/9726"}],"wp:attachment":[{"href":"https:\/\/www.infokuryr.cz\/n\/wp-json\/wp\/v2\/media?parent=15775"}],"wp:term":[{"taxonomy":"category","embeddable":true,"href":"https:\/\/www.infokuryr.cz\/n\/wp-json\/wp\/v2\/categories?post=15775"},{"taxonomy":"post_tag","embeddable":true,"href":"https:\/\/www.infokuryr.cz\/n\/wp-json\/wp\/v2\/tags?post=15775"}],"curies":[{"name":"wp","href":"https:\/\/api.w.org\/{rel}","templated":true}]}}