{"id":1577,"date":"2021-05-11T04:15:09","date_gmt":"2021-05-11T02:15:09","guid":{"rendered":"http:\/\/www.infokuryr.cz\/n\/?p=1577"},"modified":"2021-05-11T04:15:09","modified_gmt":"2021-05-11T02:15:09","slug":"feminizace-zapadnich-muzu","status":"publish","type":"post","link":"https:\/\/www.infokuryr.cz\/n\/2021\/05\/11\/feminizace-zapadnich-muzu\/","title":{"rendered":"Feminizace z\u00e1padn\u00edch mu\u017e\u016f"},"content":{"rendered":"<div id=\"fb-root\"><\/div>\n<section class=\"perex\">V pozoruhodn\u00e9m rozhovoru, zve\u0159ejn\u011bn\u00e9m na Russia Insider v b\u0159eznu 2019, vedla novin\u00e1\u0159ka Anissa Naouaiov\u00e1 z den\u00edku RT rozhovor s d\u00e1nskou novin\u00e1\u0159kou Iben Thranholmovou o zmizen\u00ed z\u00e1padn\u00edho mu\u017estv\u00ed:\u00a0<a href=\"https:\/\/russia-insider.com\/en\/dear-european-men-you-are-pathetic-pussies-iben-thranholm-video\/ri12471\" target=\"_blank\" rel=\"external noopener\">Dear European Men: You are Pathetic Pussies<\/a>. (<i>Mil\u00ed evrop\u0161t\u00ed mu\u017ei: jste \u017ealostn\u00e9 p\u00ed\u010de<\/i>) Toto je z\u00e1v\u011br d\u00e1nsk\u00e9 novin\u00e1\u0159ky.<\/p>\n<\/section>\n<section class=\"clanek-obsah\">Thranholmov\u00e1 \u0159\u00edk\u00e1, \u017ee z\u00e1padn\u00ed mu\u017ei byli feminizov\u00e1ni a z\u00e1padn\u00ed \u017eeny defeminizov\u00e1ny. Tvrd\u00ed, \u017ee feministky zni\u010dily mu\u017ee, kte\u0159\u00ed jsou nyn\u00ed vychov\u00e1v\u00e1ni tak, aby z\u00a0nich byli \u017eeny. V d\u016fsledku toho nen\u00ed nikdo, kdo by chr\u00e1nil b\u00edl\u00e9 \u017eeny p\u0159ed sexu\u00e1ln\u011b agresivn\u00edmi imigrantsk\u00fdmi \u00fato\u010dn\u00edky, kter\u00e9 do v\u0161ech evropsk\u00fdch zem\u00ed p\u0159ivedla protib\u011blo\u0161sk\u00e1 Evropsk\u00e1 unie, nep\u0159\u00edtel n\u00e1rodn\u00ed suverenity, kter\u00e1 chce zni\u010dit evropsk\u00e9 etnick\u00e9 n\u00e1rodnosti. Evropskou unii siln\u011b podporuje Washington a americk\u00e9 pen\u00edze.<\/p>\n<p>\u00dasudek Thranholmov\u00e9 se mnou rezonoval. Ji\u017e \u0159adu let si v\u0161\u00edm\u00e1m, \u017ee pokud nejsem mezi star\u0161\u00edmi mu\u017ei, \u010dasto sly\u0161\u00edm pouze mu\u017ee s \u017eensk\u00fdmi hlasy, mluv\u00edc\u00ed jako d\u00edvky, dokonce maj\u00ed stejnou intonaci a vol\u00ed stejn\u00e1 slova &#8211; \u201ejako\u201c, \u201eopravdu\u201c. Sly\u0161\u00edm mu\u017ee, kte\u0159\u00ed zn\u00ed jako Valley Girls (tj. stereotyp \u017eeny z\u00a080. let z\u00a0Los Angeles s\u00a0jedine\u010dn\u00fdm vok\u00e1ln\u00edm a kalifornsk\u00fdm dialektem, pozn. p\u0159ekl.). Kdy\u017e se na n\u011b pod\u00edv\u00e1te, nevid\u00edte mu\u017eskou s\u00edlu, a stejn\u011b tak to vid\u00ed i Camille Pagliaov\u00e1, kter\u00e1\u00a0<a href=\"https:\/\/www.lewrockwell.com\/2021\/05\/no_author\/lesson-from-history-transgender-mania-is-sign-of-cultural-collapse-camille-paglia\/\" target=\"_blank\" rel=\"external noopener\">\u0159\u00edk\u00e1<\/a>, \u017ee androgynie (pohlavn\u00ed obojetnost) je historicky zn\u00e1mkou kulturn\u00edho kolapsu. Kdy\u017e sly\u0161\u00edm ty idioty ve Washingtonu a v\u00a0hlavn\u00edch evropsk\u00fdch m\u011bstech, jak vyhro\u017euj\u00ed Rusku, zaj\u00edmalo by m\u011b, kde najdou mu\u017ee, kte\u0159\u00ed by byli schopn\u00ed bojovat s ruskou arm\u00e1dou.<\/p>\n<p>Iben Thranholmov\u00e1 \u0159\u00edk\u00e1, \u017ee feminismus p\u0159ipravil z\u00e1padn\u00ed mu\u017ee o s\u00edlu a sebev\u011bdom\u00ed. V cel\u00e9 Evrop\u011b jsou b\u00edl\u00e9 \u017eeny evropsk\u00e9ho etnick\u00e9ho p\u016fvodu, Francouzky, N\u011bmky, D\u00e1nky, \u0160v\u00e9dky, neskr\u00fdvan\u011b zn\u00e1sil\u0148ov\u00e1ny na ve\u0159ejnosti privilegovan\u00fdmi lidmi barevn\u00e9 pleti, kter\u00e9 zde s\u00a0radost\u00ed p\u0159iv\u00edtala takov\u00e1 spodina, jako je Merkelov\u00e1, zkorumpovan\u00e1 francouzsk\u00e1 vl\u00e1da, koupen\u00ed a zaplacen\u00ed Italov\u00e9, tup\u00ed Britov\u00e9, a b\u011blo\u0161i jen odvracej\u00ed zrak a nev\u0161\u00edmaj\u00ed si toho. Nejen\u017ee feminismus zbavil mu\u017ee jak\u00e9hokoli pocitu z\u00e1vazku v\u016f\u010di sv\u00fdm \u017een\u00e1m, ale jsou k smrti vyd\u011b\u0161en\u00ed, \u017ee kdy\u017e zas\u00e1hnou v\u00a0p\u0159\u00edpad\u011b zn\u00e1siln\u011bn\u00ed b\u00edl\u00e9 \u017eeny, budou zat\u010deni za ur\u00e1\u017eku osoby barevn\u00e9 pleti. Opravdu, ve Skandin\u00e1vii se \u017eeny nejen boj\u00ed opustit sv\u00e9 domovy, ale boj\u00ed se ozn\u00e1mit, \u017ee byly zn\u00e1siln\u011bny, proto\u017ee policie by je mohla obvinit z trestn\u00e9ho \u010dinu nen\u00e1visti, kdy\u017e budou tvrdit, \u017ee byly zn\u00e1siln\u011bny \u010dlov\u011bkem barevn\u00e9 pleti. Ve \u0160v\u00e9dsku neexistuje ochrana \u0161v\u00e9dsk\u00fdch \u017een, tak\u017ee pro osobu barevn\u00e9 pleti se st\u00e1v\u00e1 pr\u00e1vem zn\u00e1silnit \u0161v\u00e9dskou \u017eenu. Vlastizr\u00e1dn\u00e9 vl\u00e1dy, vlastizr\u00e1dn\u00e9 v\u016f\u010di sv\u00e9mu etnick\u00e9mu obyvatelstvu, nebudou muset \u010delit chyb\u011b, kter\u00e9 se dopustily t\u00edm, \u017ee nechaly sv\u016fj n\u00e1rod obsadit imigrantsk\u00fdmi \u00fato\u010dn\u00edky, kter\u00e9 odm\u00edtaj\u00ed hn\u00e1t k zodpov\u011bdnosti. Proto obvi\u0148uj\u00ed zn\u00e1siln\u011bn\u00e9 b\u00edl\u00e9 \u017eeny. A \u0160v\u00e9dov\u00e9 jsou takov\u00e9 ovce, \u017ee op\u011btovn\u011b vol\u00ed takov\u00e9 vl\u00e1dy, kter\u00e9 up\u0159ednost\u0148uj\u00ed imigrantsk\u00e9 \u00fato\u010dn\u00edky p\u0159ed etnick\u00fdmi \u0160v\u00e9dy. Dovede si n\u011bkdo p\u0159edstavit, \u017ee by \u0161v\u00e9dsk\u00e1 arm\u00e1da dok\u00e1zala \u010delit rusk\u00e9 arm\u00e1d\u011b? Byla by to p\u011btiminutov\u00e1 v\u00e1lka.<\/p>\n<p>To stejn\u00e9 plat\u00ed pro celou Evropu. Imigrant\u0161t\u00ed \u00fato\u010dn\u00edci p\u0159edvedli, \u017ee mohou proch\u00e1zet evropsk\u00fdmi \u00fa\u0159ady jako n\u016f\u017e m\u00e1slem. Nen\u00ed v tom nic jin\u00e9ho, ne\u017e pochybnosti o sob\u011b a nen\u00e1vist k sob\u011b. Evropa existuje pouze jako zem\u011bpisn\u00e1 poloha. Abyste porozum\u011bli Evrop\u011b a hrout\u00edc\u00edm se Spojen\u00fdm st\u00e1t\u016fm, p\u0159e\u010dt\u011bte si T\u00e1bor svat\u00fdch od Jeana Raspaila.<\/p>\n<p>Jak\u00e1 ironie. NATO m\u00e1 arm\u00e1du, a\u0165 u\u017e podle jm\u00e9na, kdy\u017e ne ve skute\u010dnosti, na ochranu p\u0159ed Ruskem, kter\u00e9 nep\u0159edstavuje \u017e\u00e1dnou hrozbu. P\u0159esto nelze ud\u011blat nic pro ochranu \u017een v Evrop\u011b p\u0159ed imigrantsk\u00fdmi \u00fato\u010dn\u00edky, kte\u0159\u00ed jsou zde v\u00edt\u00e1ni takov\u00fdmi exkrementy, je\u017e tvo\u0159\u00ed evropsk\u00e9 vl\u00e1dy. Zastupuje n\u011bkdo m\u00e9n\u011b n\u011bmeck\u00e9 etnikum, ne\u017e Merkelov\u00e1? Zastupuje n\u011bkdo m\u00e9n\u011b francouzsk\u00e9 etnikum, ne\u017e Macron? Kde jsou v evropsk\u00e9 politice n\u011bjak\u00e9 zn\u00e1mky obav o evropsk\u00e1 etnika?<\/p>\n<p>Iben Thranholmov\u00e1 \u0159\u00edk\u00e1, \u017ee zni\u010den\u00edm mu\u017estv\u00ed feministky vych\u00fdlily z rovnov\u00e1hy spole\u010dnost a samy se ocitly v nebezpe\u010d\u00ed. U\u017e nejsou \u017e\u00e1dn\u00ed mu\u017ei.<\/p>\n<p><a href=\"https:\/\/russia-insider.com\/en\/dear-european-men-you-are-pathetic-pussies-iben-thranholm-video\/ri12471\" target=\"_blank\" rel=\"external noopener\">Zde<\/a>\u00a0je uveden rozhovor. V\u0161ichni, zejm\u00e9na feministky, ud\u011blaj\u00ed dob\u0159e, kdy\u017e si to poslechnou. Tazatelka z RT nen\u00ed moc p\u0159esv\u011bd\u010div\u00e1, ale Iben Thranholmov\u00e1 v\u0161e jasn\u011b vysv\u011btluje.<\/p>\n<div class=\"karta\">\n<figure><iframe loading=\"lazy\" src=\"https:\/\/www.youtube-nocookie.com\/embed\/fYOORimbpUs\" width=\"560\" height=\"315\" frameborder=\"0\" allowfullscreen=\"allowfullscreen\" data-mce-fragment=\"1\"><\/iframe><\/figure>\n<\/div>\n<div class=\"podcarou\">\n<p>&nbsp;<\/p>\n<p>Paul Craig Roberts<\/p>\n<p><a href=\"http:\/\/thesaker.is\/the-feminization-of-western-men\/\" target=\"_blank\" rel=\"external noopener\">The Feminization of Western Men<\/a> vy\u0161el 5.5.2021 na thesaker.is. P\u0159eklad Zv\u011bdavec.<\/p>\n<\/div>\n<p><a href=\"http:\/\/www.zvedavec.org\/komentare\/2021\/05\/8710-feminizace-zapadnich-muzu.htm\">Zvedavec.org<\/a><\/p>\n<\/section>\n","protected":false},"excerpt":{"rendered":"<p>V pozoruhodn\u00e9m rozhovoru, zve\u0159ejn\u011bn\u00e9m na Russia Insider v b\u0159eznu 2019, vedla novin\u00e1\u0159ka Anissa Naouaiov\u00e1 z&#8230;<\/p>\n","protected":false},"author":2,"featured_media":810,"comment_status":"closed","ping_status":"closed","sticky":false,"template":"","format":"standard","meta":[],"categories":[7],"tags":[283,39,22],"_links":{"self":[{"href":"https:\/\/www.infokuryr.cz\/n\/wp-json\/wp\/v2\/posts\/1577"}],"collection":[{"href":"https:\/\/www.infokuryr.cz\/n\/wp-json\/wp\/v2\/posts"}],"about":[{"href":"https:\/\/www.infokuryr.cz\/n\/wp-json\/wp\/v2\/types\/post"}],"author":[{"embeddable":true,"href":"https:\/\/www.infokuryr.cz\/n\/wp-json\/wp\/v2\/users\/2"}],"replies":[{"embeddable":true,"href":"https:\/\/www.infokuryr.cz\/n\/wp-json\/wp\/v2\/comments?post=1577"}],"version-history":[{"count":0,"href":"https:\/\/www.infokuryr.cz\/n\/wp-json\/wp\/v2\/posts\/1577\/revisions"}],"wp:featuredmedia":[{"embeddable":true,"href":"https:\/\/www.infokuryr.cz\/n\/wp-json\/wp\/v2\/media\/810"}],"wp:attachment":[{"href":"https:\/\/www.infokuryr.cz\/n\/wp-json\/wp\/v2\/media?parent=1577"}],"wp:term":[{"taxonomy":"category","embeddable":true,"href":"https:\/\/www.infokuryr.cz\/n\/wp-json\/wp\/v2\/categories?post=1577"},{"taxonomy":"post_tag","embeddable":true,"href":"https:\/\/www.infokuryr.cz\/n\/wp-json\/wp\/v2\/tags?post=1577"}],"curies":[{"name":"wp","href":"https:\/\/api.w.org\/{rel}","templated":true}]}}