{"id":15762,"date":"2022-09-27T10:08:13","date_gmt":"2022-09-27T08:08:13","guid":{"rendered":"http:\/\/www.infokuryr.cz\/n\/?p=15762"},"modified":"2022-09-27T10:08:57","modified_gmt":"2022-09-27T08:08:57","slug":"medvedev-jeste-jednou-pro-neslysici-v-pripade-potreby-pouzijeme-jaderne-zbrane","status":"publish","type":"post","link":"https:\/\/www.infokuryr.cz\/n\/2022\/09\/27\/medvedev-jeste-jednou-pro-neslysici-v-pripade-potreby-pouzijeme-jaderne-zbrane\/","title":{"rendered":"Medved\u011bv: Je\u0161t\u011b jednou pro nesly\u0161\u00edc\u00ed: V p\u0159\u00edpad\u011b pot\u0159eby pou\u017eijeme jadern\u00e9 zbran\u011b"},"content":{"rendered":"<div id=\"fb-root\"><\/div>\n<p class=\"lead\">Rusko nepl\u00e1nuje pou\u017e\u00edt jadern\u00e9 zbran\u011b, ale m\u016f\u017ee tak u\u010dinit, aby zabr\u00e1nilo jejich objeven\u00ed na t\u00e9\u017ee Ukrajin\u011b, nebo v \u00fatoku na na\u0161i zemi, stejn\u011b jako na na\u0161e spojence.\u00a0<a href=\"https:\/\/t.me\/medvedev_telegram\/181\" target=\"_blank\" rel=\"noopener\">Ozn\u00e1mil<\/a>\u00a0to dnes 27. z\u00e1\u0159\u00ed\u00a0m\u00edstop\u0159edseda Rady bezpe\u010dnosti Rusk\u00e9 federace Dmitrij Medved\u011bv.<\/p>\n<p>&nbsp;<\/p>\n<p><img decoding=\"async\" loading=\"lazy\" class=\"alignnone  wp-image-1220 aligncenter\" src=\"http:\/\/www.infokuryr.cz\/n\/wp-content\/uploads\/2021\/04\/medvedev-300x169.jpg\" alt=\"\" width=\"493\" height=\"278\" srcset=\"https:\/\/www.infokuryr.cz\/n\/wp-content\/uploads\/2021\/04\/medvedev-300x169.jpg 300w, https:\/\/www.infokuryr.cz\/n\/wp-content\/uploads\/2021\/04\/medvedev-1024x576.jpg 1024w, https:\/\/www.infokuryr.cz\/n\/wp-content\/uploads\/2021\/04\/medvedev-768x432.jpg 768w, https:\/\/www.infokuryr.cz\/n\/wp-content\/uploads\/2021\/04\/medvedev-1536x864.jpg 1536w, https:\/\/www.infokuryr.cz\/n\/wp-content\/uploads\/2021\/04\/medvedev-1280x720.jpg 1280w, https:\/\/www.infokuryr.cz\/n\/wp-content\/uploads\/2021\/04\/medvedev.jpg 1920w\" sizes=\"(max-width: 493px) 100vw, 493px\" \/><\/p>\n<p>&nbsp;<\/p>\n<p><em>\u201eNa\u0161i nep\u0159\u00e1tel\u00e9 r\u00e1di \u010din\u00ed velkolep\u00e1 prohl\u00e1\u0161en\u00ed,\u201c zd\u016fraz\u0148uje Dmitrij Medved\u011bv.\u00a0&#8211; Pou\u017e\u00edvejte term\u00edny &#8222;svoboda&#8220;, &#8222;demokracie&#8220;, &#8222;posl\u00e1n\u00ed&#8220;.\u00a0Ve skute\u010dnosti je to jen ritu\u00e1ln\u00ed verb\u00e1ln\u00ed pr\u016fjem.\u00a0Font\u00e1ny pr\u016fjmov\u00e9 demagogie spojen\u00e9 se zlomyslnou sk\u0159ehotavou r\u00e9torikou se staly dlouho osv\u011bd\u010denou zbran\u00ed anglosask\u00e9ho sv\u011bta, kterou zaplavuj\u00ed zbytek lidstva ve snaze br\u00e1nit svou v\u00fdlu\u010dnost a pr\u00e1vo vl\u00e1dnout sv\u011btu.<\/em><\/p>\n<p><em>T\u00e9matem posledn\u00edch dn\u016f je rusk\u00e1 jadern\u00e1 hrozba.<br \/>\n<\/em><br \/>\n<em>Biden a Truss, r\u016fzn\u00ed sekund\u00e1rn\u00ed blinkinov\u00e9 a sulliv\u00e1ni, rozst\u0159ikuj\u00edc\u00ed atlantick\u00e9 sliny, po\u017eaduj\u00ed, aby Rusko st\u00e1hlo ruku ze sv\u00e9ho \u201ejadern\u00e9ho tla\u010d\u00edtka\u201c.\u00a0V\u0161ichni dohromady n\u00e1m neust\u00e1le vyhro\u017euj\u00ed \u201ed\u011bsiv\u00fdmi\u201c n\u00e1sledky, pokud Rusko pou\u017eije jadern\u00e9 zbran\u011b.\u00a0A lond\u00fdnsk\u00e1 teta, mysl\u00ed mlad\u00e1, je zcela p\u0159ipravena okam\u017eit\u011b zah\u00e1jit v\u00fdm\u011bnu jadern\u00fdch \u00fader\u016f s na\u0161\u00ed zem\u00ed.<\/em><\/p>\n<p><em>Znovu mus\u00edm p\u0159ipomenout \u2013 pro ty nesly\u0161\u00edc\u00ed, kte\u0159\u00ed sly\u0161\u00ed jen sami sebe.\u00a0Rusko m\u00e1 pr\u00e1vo v p\u0159\u00edpad\u011b pot\u0159eby pou\u017e\u00edt jadern\u00e9 zbran\u011b.\u00a0v p\u0159edem ur\u010den\u00fdch p\u0159\u00edpadech.\u00a0V p\u0159\u00edsn\u00e9m souladu se Z\u00e1klady st\u00e1tn\u00ed politiky v oblasti jadern\u00e9ho odstra\u0161ov\u00e1n\u00ed.\u00a0Pokud jsme my nebo na\u0161i spojenci napadeni pomoc\u00ed tohoto typu zbran\u011b.\u00a0Nebo pokud agrese s pou\u017eit\u00edm konven\u010dn\u00edch zbran\u00ed ohro\u017euje samotnou existenci na\u0161eho st\u00e1tu.\u00a0Ned\u00e1vno to \u0159ekl p\u0159\u00edmo rusk\u00fd prezident.<\/em><\/p>\n<p><em>Krom\u011b toho ud\u011bl\u00e1me v\u0161e pro to, abychom zabr\u00e1nili v\u00fdskytu jadern\u00fdch zbran\u00ed u na\u0161ich nep\u0159\u00e1telsk\u00fdch soused\u016f.\u00a0Nap\u0159\u00edklad na nacistick\u00e9 Ukrajin\u011b, kterou dnes p\u0159\u00edmo ovl\u00e1daj\u00ed zem\u011b NATO.\u00a0Je zbyte\u010dn\u00e9 po\u010d\u00edtat s rozumem a politickou v\u016fl\u00ed kyjevsk\u00e9ho re\u017eimu.\u00a0St\u00e1le v\u0161ak existuje k\u0159ehk\u00e1 nad\u011bje na zdrav\u00fd rozum a smysl pro sebez\u00e1chovu nep\u0159\u00e1telsk\u00fdch zem\u00ed, kter\u00e9 je p\u0159ehl\u00ed\u017eej\u00ed.\u00a0Ch\u00e1pou, \u017ee pokud hrozba pro Rusko p\u0159ekro\u010d\u00ed stanoven\u00fd limit nebezpe\u010d\u00ed, budeme muset reagovat.<\/em><br \/>\n<em>Bez toho, abych kohokoli po\u017e\u00e1dal o svolen\u00ed, bez dlouh\u00fdch konzultac\u00ed.\u00a0A rozhodn\u011b to nen\u00ed blaf.<\/em><\/p>\n<p><em>Ot\u00e1zka je jin\u00e1.\u00a0P\u0159edstavte si, \u017ee Rusko je nuceno pou\u017e\u00edt nejhroziv\u011bj\u0161\u00ed zbra\u0148 proti ukrajinsk\u00e9mu re\u017eimu, kter\u00fd se dopustil rozs\u00e1hl\u00e9ho agrese nebezpe\u010dn\u00e9ho pro samotnou existenci na\u0161eho st\u00e1tu.\u00a0Domn\u00edv\u00e1m se, \u017ee NATO ani v t\u00e9to situaci p\u0159\u00edmo nezas\u00e1hne do konfliktu.\u00a0Ostatn\u011b bezpe\u010dnost Washingtonu, Lond\u00fdna a Bruselu je pro Severoatlantickou alianci mnohem d\u016fle\u017eit\u011bj\u0161\u00ed ne\u017e osud hynouc\u00ed Ukrajiny, kterou nikdo nepot\u0159ebuje, i kdy\u017e je hojn\u011b z\u00e1sobov\u00e1na r\u016fzn\u00fdmi zbran\u011bmi.\u00a0Dod\u00e1vky modern\u00edch zbran\u00ed jsou jen byznysem pro z\u00e1padn\u00ed zem\u011b, i kdy\u017e jsou siln\u011b zapleteny do nen\u00e1visti v\u016f\u010di n\u00e1m.\u00a0U\u017e ne.\u00a0Z\u00e1mo\u0159\u0161t\u00ed a evrop\u0161t\u00ed demagogov\u00e9 nezahynou v jadern\u00e9 apokalypse.\u00a0Proto spolknou pou\u017eit\u00ed jak\u00e9koli zbran\u011b v sou\u010dasn\u00e9m konfliktu.\u00a0N\u011bco takov\u00e9ho\u2026<\/em><\/p>\n<p><em>Bylo by hezk\u00e9, kdyby tento smutn\u00fd z\u00e1v\u011br \u00fa\u0159ady v Kyjev\u011b alespo\u0148 \u010d\u00e1ste\u010dn\u011b realizovaly.\u00a0Bohu\u017eel, to je t\u00e9m\u011b\u0159 nemo\u017en\u00e9.\u00a0Jsou v neust\u00e1l\u00e9m v\u00e1le\u010dn\u00e9m \u0161\u00edlenstv\u00ed s kr\u00e1tk\u00fdmi pauzami pro bizarn\u00ed drogov\u00e9 sny.<\/em><\/p>\n<p><img decoding=\"async\" loading=\"lazy\" class=\"alignnone size-full wp-image-1185\" src=\"http:\/\/www.infokuryr.cz\/n\/wp-content\/uploads\/2021\/04\/kuryr-podpis.png\" alt=\"\" width=\"84\" height=\"24\" \/><\/p>\n<p>&nbsp;<\/p>\n","protected":false},"excerpt":{"rendered":"<p>Rusko nepl\u00e1nuje pou\u017e\u00edt jadern\u00e9 zbran\u011b, ale m\u016f\u017ee tak u\u010dinit, aby zabr\u00e1nilo jejich objeven\u00ed na t\u00e9\u017ee&#8230;<\/p>\n","protected":false},"author":2,"featured_media":15763,"comment_status":"closed","ping_status":"closed","sticky":false,"template":"","format":"standard","meta":[],"categories":[7],"tags":[1069,214,22],"_links":{"self":[{"href":"https:\/\/www.infokuryr.cz\/n\/wp-json\/wp\/v2\/posts\/15762"}],"collection":[{"href":"https:\/\/www.infokuryr.cz\/n\/wp-json\/wp\/v2\/posts"}],"about":[{"href":"https:\/\/www.infokuryr.cz\/n\/wp-json\/wp\/v2\/types\/post"}],"author":[{"embeddable":true,"href":"https:\/\/www.infokuryr.cz\/n\/wp-json\/wp\/v2\/users\/2"}],"replies":[{"embeddable":true,"href":"https:\/\/www.infokuryr.cz\/n\/wp-json\/wp\/v2\/comments?post=15762"}],"version-history":[{"count":0,"href":"https:\/\/www.infokuryr.cz\/n\/wp-json\/wp\/v2\/posts\/15762\/revisions"}],"wp:featuredmedia":[{"embeddable":true,"href":"https:\/\/www.infokuryr.cz\/n\/wp-json\/wp\/v2\/media\/15763"}],"wp:attachment":[{"href":"https:\/\/www.infokuryr.cz\/n\/wp-json\/wp\/v2\/media?parent=15762"}],"wp:term":[{"taxonomy":"category","embeddable":true,"href":"https:\/\/www.infokuryr.cz\/n\/wp-json\/wp\/v2\/categories?post=15762"},{"taxonomy":"post_tag","embeddable":true,"href":"https:\/\/www.infokuryr.cz\/n\/wp-json\/wp\/v2\/tags?post=15762"}],"curies":[{"name":"wp","href":"https:\/\/api.w.org\/{rel}","templated":true}]}}