{"id":15756,"date":"2022-09-27T09:07:13","date_gmt":"2022-09-27T07:07:13","guid":{"rendered":"http:\/\/www.infokuryr.cz\/n\/?p=15756"},"modified":"2022-09-27T09:07:13","modified_gmt":"2022-09-27T07:07:13","slug":"mzv-venezuely-varovalo-pred-nevyvazenosti-na-trhu-kvuli-zastropovani-cen-ropy","status":"publish","type":"post","link":"https:\/\/www.infokuryr.cz\/n\/2022\/09\/27\/mzv-venezuely-varovalo-pred-nevyvazenosti-na-trhu-kvuli-zastropovani-cen-ropy\/","title":{"rendered":"MZV Venezuely varovalo p\u0159ed nevyv\u00e1\u017eenost\u00ed na trhu kv\u016fli zastropov\u00e1n\u00ed cen ropy"},"content":{"rendered":"<div id=\"fb-root\"><\/div>\n<p><strong>Zastropov\u00e1n\u00ed cen rusk\u00e9 ropy ze strany zem\u00ed G7 zp\u016fsob\u00ed obrovskou nevyv\u00e1\u017eenost na palivov\u00e9m trhu, v d\u016fsledku \u010deho\u017e zas\u00e1hne jako bumerang ty, kdo ho zavede, \u0159ekl Sputniku venezuelsk\u00fd ministr zahrani\u010d\u00ed Carlos Faria.<\/strong><\/p>\n<p>\u201eNa z\u00e1klad\u011b m\u00edn\u011bn\u00ed odborn\u00edk\u016f jsem dosp\u011bl k n\u00e1zoru, \u017ee n\u00e1vrh na zastropov\u00e1n\u00ed cen pr\u00e1v\u011b rusk\u00e9 ropy vytvo\u0159\u00ed obrovskou nevyv\u00e1\u017eenost na ropn\u00e9m trhu. N\u00e1sledkem bude ztr\u00e1ta kontroly nad cenami,\u201d \u0159ekl Faria, kter\u00fd vykon\u00e1v\u00e1 n\u00e1v\u0161t\u011bvu v New Yorku kv\u016fli \u00fa\u010dasti na akc\u00edch t\u00fddne vysok\u00e9 \u00farovn\u011b Valn\u00e9ho shrom\u00e1\u017ed\u011bn\u00ed OSN.<\/p>\n<p>Ministr dodal, \u017ee ceny ropy jsou dnes kontrolov\u00e1ny d\u00edky dohod\u00e1m skupiny OPEC<a href=\"https:\/\/jppx.azurewebsites.net\/browse.php?u=https%3A%2F%2Fria.ru%2Forganization_Organizacija_stran_proizvoditelejj_i_ehksporterov_nefti%2F&amp;b=8\">+<\/a>, je\u017e maj\u00ed jak neu\u0161kodit jin\u00fdm zem\u00edm t\u011b\u017e\u00edc\u00edm ropu, tak zem\u00edm, je\u017e ropu dov\u00e1\u017eej\u00ed.<\/p>\n<p>\u201eM\u00e1m k tomuto n\u00e1vrhu negativn\u00ed vztah. Bude-li uplatn\u011bn, vr\u00e1t\u00ed se jako bumerang k t\u011bm, kdo byl jeho inici\u00e1torem, jak to bylo tak\u00e9 s tis\u00edci dal\u0161\u00edch restrikc\u00ed proti Rusku,\u201d je p\u0159esv\u011bd\u010den Faria.<\/p>\n<p>Prezident RF Vladimir Putin prohl\u00e1sil p\u0159edt\u00edm v koment\u00e1\u0159i k n\u00e1vrhu Z\u00e1padu ohledn\u011b omezen\u00ed cen rusk\u00fdch paliv, \u017ee Rusko nebude nic dod\u00e1vat do zahrani\u010d\u00ed, pokud to bude v rozporu s jeho vlastn\u00edmi z\u00e1jmy.<\/p>\n<p><img decoding=\"async\" loading=\"lazy\" class=\"alignnone size-full wp-image-1185\" src=\"http:\/\/www.infokuryr.cz\/n\/wp-content\/uploads\/2021\/04\/kuryr-podpis.png\" alt=\"\" width=\"84\" height=\"24\" \/><\/p>\n<p>&nbsp;<\/p>\n","protected":false},"excerpt":{"rendered":"<p>Zastropov\u00e1n\u00ed cen rusk\u00e9 ropy ze strany zem\u00ed G7 zp\u016fsob\u00ed obrovskou nevyv\u00e1\u017eenost na palivov\u00e9m trhu, v&#8230;<\/p>\n","protected":false},"author":2,"featured_media":11365,"comment_status":"closed","ping_status":"closed","sticky":false,"template":"","format":"standard","meta":[],"categories":[7],"tags":[1872,323,310,181,3432],"_links":{"self":[{"href":"https:\/\/www.infokuryr.cz\/n\/wp-json\/wp\/v2\/posts\/15756"}],"collection":[{"href":"https:\/\/www.infokuryr.cz\/n\/wp-json\/wp\/v2\/posts"}],"about":[{"href":"https:\/\/www.infokuryr.cz\/n\/wp-json\/wp\/v2\/types\/post"}],"author":[{"embeddable":true,"href":"https:\/\/www.infokuryr.cz\/n\/wp-json\/wp\/v2\/users\/2"}],"replies":[{"embeddable":true,"href":"https:\/\/www.infokuryr.cz\/n\/wp-json\/wp\/v2\/comments?post=15756"}],"version-history":[{"count":0,"href":"https:\/\/www.infokuryr.cz\/n\/wp-json\/wp\/v2\/posts\/15756\/revisions"}],"wp:featuredmedia":[{"embeddable":true,"href":"https:\/\/www.infokuryr.cz\/n\/wp-json\/wp\/v2\/media\/11365"}],"wp:attachment":[{"href":"https:\/\/www.infokuryr.cz\/n\/wp-json\/wp\/v2\/media?parent=15756"}],"wp:term":[{"taxonomy":"category","embeddable":true,"href":"https:\/\/www.infokuryr.cz\/n\/wp-json\/wp\/v2\/categories?post=15756"},{"taxonomy":"post_tag","embeddable":true,"href":"https:\/\/www.infokuryr.cz\/n\/wp-json\/wp\/v2\/tags?post=15756"}],"curies":[{"name":"wp","href":"https:\/\/api.w.org\/{rel}","templated":true}]}}