{"id":15754,"date":"2022-09-27T09:01:58","date_gmt":"2022-09-27T07:01:58","guid":{"rendered":"http:\/\/www.infokuryr.cz\/n\/?p=15754"},"modified":"2022-09-27T09:01:58","modified_gmt":"2022-09-27T07:01:58","slug":"nemecko-ma-podezreni-ze-pokles-tlaku-na-nord-stream-mohl-byt-zpusoben-sabotazi","status":"publish","type":"post","link":"https:\/\/www.infokuryr.cz\/n\/2022\/09\/27\/nemecko-ma-podezreni-ze-pokles-tlaku-na-nord-stream-mohl-byt-zpusoben-sabotazi\/","title":{"rendered":"N\u011bmecko m\u00e1 podez\u0159en\u00ed, \u017ee pokles tlaku na Nord Stream mohl b\u00fdt zp\u016fsoben sabot\u00e1\u017e\u00ed"},"content":{"rendered":"<div id=\"fb-root\"><\/div>\n<p><span>D\u016fvodem poklesu tlaku v plynovodu Nord Stream 2 a na obou lini\u00edch plynovodu Nord Stream by mohla b\u00fdt c\u00edlen\u00e1 sabot\u00e1\u017e.\u00a0Informuje o tom\u00a0<\/span><a href=\"https:\/\/tass.ru\/ekonomika\/15877993\"><span>agentura TASS<\/span><\/a><span>\u00a0s odvol\u00e1n\u00edm na zdroje den\u00edku Tagesspiegel.<\/span><\/p>\n<p><span>Podle listu bylo v obou p\u0159\u00edpadech zah\u00e1jeno vy\u0161et\u0159ov\u00e1n\u00ed p\u0159\u00ed\u010din incidentu, na kter\u00e9m se pod\u00edlej\u00ed n\u011bmeck\u00e9 spolkov\u00e9 bezpe\u010dnostn\u00ed agentury.\u00a0&#8222;Nedok\u00e1\u017eeme si p\u0159edstavit sc\u00e9n\u00e1\u0159, kter\u00fd nen\u00ed c\u00edlenou sabot\u00e1\u017e\u00ed. V\u0161echno mluv\u00ed proti n\u00e1hod\u011b,&#8220; citoval zdroj z publikace.<\/span><\/p>\n<p><span>Tento druh \u00fadajn\u00e9 sabot\u00e1\u017ee, \u0159\u00edkaj\u00ed zdroje, zdaleka nen\u00ed trivi\u00e1ln\u00ed a mus\u00ed b\u00fdt proveden pomoc\u00ed speci\u00e1ln\u00edch jednotek, jako jsou pot\u00e1p\u011b\u010di nebo ponorka.<\/span><\/p>\n<p><span>Den p\u0159edt\u00edm byl zaznamen\u00e1n pokles tlaku na obou z\u00e1vitech Nord Streamu.\u00a0Incident byl okam\u017eit\u011b nahl\u00e1\u0161en pob\u0159e\u017en\u00edm slu\u017eb\u00e1m N\u011bmecka, D\u00e1nska, \u0160v\u00e9dska, Finska a Ruska.<\/span><\/p>\n<p><span>Dod\u00e1vky rusk\u00e9ho plynu p\u0159es Nord Stream, hlavn\u00ed trasu pro v\u00fdvoz plynu z Ruska do Evropy, byly zcela zastaveny.<\/span><\/p>\n<p><img decoding=\"async\" loading=\"lazy\" class=\"alignnone size-full wp-image-1185\" src=\"http:\/\/www.infokuryr.cz\/n\/wp-content\/uploads\/2021\/04\/kuryr-podpis.png\" alt=\"\" width=\"84\" height=\"24\" \/><\/p>\n<p>&nbsp;<\/p>\n","protected":false},"excerpt":{"rendered":"<p>D\u016fvodem poklesu tlaku v plynovodu Nord Stream 2 a na obou lini\u00edch plynovodu Nord Stream&#8230;<\/p>\n","protected":false},"author":2,"featured_media":14512,"comment_status":"closed","ping_status":"closed","sticky":false,"template":"","format":"standard","meta":[],"categories":[7],"tags":[84,415,1008,1993,3431],"_links":{"self":[{"href":"https:\/\/www.infokuryr.cz\/n\/wp-json\/wp\/v2\/posts\/15754"}],"collection":[{"href":"https:\/\/www.infokuryr.cz\/n\/wp-json\/wp\/v2\/posts"}],"about":[{"href":"https:\/\/www.infokuryr.cz\/n\/wp-json\/wp\/v2\/types\/post"}],"author":[{"embeddable":true,"href":"https:\/\/www.infokuryr.cz\/n\/wp-json\/wp\/v2\/users\/2"}],"replies":[{"embeddable":true,"href":"https:\/\/www.infokuryr.cz\/n\/wp-json\/wp\/v2\/comments?post=15754"}],"version-history":[{"count":1,"href":"https:\/\/www.infokuryr.cz\/n\/wp-json\/wp\/v2\/posts\/15754\/revisions"}],"predecessor-version":[{"id":15755,"href":"https:\/\/www.infokuryr.cz\/n\/wp-json\/wp\/v2\/posts\/15754\/revisions\/15755"}],"wp:featuredmedia":[{"embeddable":true,"href":"https:\/\/www.infokuryr.cz\/n\/wp-json\/wp\/v2\/media\/14512"}],"wp:attachment":[{"href":"https:\/\/www.infokuryr.cz\/n\/wp-json\/wp\/v2\/media?parent=15754"}],"wp:term":[{"taxonomy":"category","embeddable":true,"href":"https:\/\/www.infokuryr.cz\/n\/wp-json\/wp\/v2\/categories?post=15754"},{"taxonomy":"post_tag","embeddable":true,"href":"https:\/\/www.infokuryr.cz\/n\/wp-json\/wp\/v2\/tags?post=15754"}],"curies":[{"name":"wp","href":"https:\/\/api.w.org\/{rel}","templated":true}]}}