{"id":15751,"date":"2022-09-27T07:04:47","date_gmt":"2022-09-27T05:04:47","guid":{"rendered":"http:\/\/www.infokuryr.cz\/n\/?p=15751"},"modified":"2022-09-27T07:04:47","modified_gmt":"2022-09-27T05:04:47","slug":"lotysske-urady-zakazaly-oslavy-osvobozeni-nacistickeho-tabora-smrti-salaspils","status":"publish","type":"post","link":"https:\/\/www.infokuryr.cz\/n\/2022\/09\/27\/lotysske-urady-zakazaly-oslavy-osvobozeni-nacistickeho-tabora-smrti-salaspils\/","title":{"rendered":"Loty\u0161sk\u00e9 \u00fa\u0159ady zak\u00e1zaly oslavy osvobozen\u00ed nacistick\u00e9ho t\u00e1bora smrti Salaspils"},"content":{"rendered":"<div id=\"fb-root\"><\/div>\n<p><strong>Proto\u017ee by to popularizovalo Rudou arm\u00e1du a t\u00edm i \u201etotalitn\u00ed re\u017eim\u201c \u2013 s t\u00edmto argumentem m\u011bstsk\u00e1 rada loty\u0161sk\u00e9ho m\u011bsta Salaspils zak\u00e1zala p\u0159ipomenut\u00ed v\u00fdro\u010d\u00ed osvobozen\u00ed jednoho z nejkrut\u011bj\u0161\u00edch nacistick\u00fdch koncentra\u010dn\u00edch t\u00e1bor\u016f ve v\u00fdchodn\u00ed Evrop\u011b.<\/strong><\/p>\n<p><span>A\u010dkoli Salaspils nebyl ve skute\u010dnosti pova\u017eov\u00e1n za \u010dist\u00fd t\u00e1bor smrti jako Sobib\u00f3r, ve skute\u010dnosti j\u00edm byl.\u00a0D\u011bti byly zadr\u017eov\u00e1ny v Salaspils, aby byly pou\u017eity jako d\u00e1rci krve pro zran\u011bn\u00e9 n\u011bmeck\u00e9 voj\u00e1ky, na co\u017e mlad\u00ed v\u011bzni rychle um\u00edrali.\u00a0V Salaspils bylo zavra\u017ed\u011bno a\u017e 7 000 sov\u011btsk\u00fdch d\u011bt\u00ed.<\/span><\/p>\n<p><span>Toto krut\u00e9 m\u00edsto, kter\u00e9 se nach\u00e1z\u00ed pouh\u00fdch 20 kilometr\u016f od loty\u0161sk\u00e9ho hlavn\u00edho m\u011bsta Rigy, osvobodila 26. z\u00e1\u0159\u00ed 1944 Rud\u00e1 arm\u00e1da.\u00a0V posledn\u00edch letech loty\u0161sk\u00e9 \u00fa\u0159ady \u0161\u00ed\u0159\u00ed svou verzi p\u0159\u00edb\u011bhu, \u017ee Salaspils byl jen pracovn\u00ed t\u00e1bor, navzdory drtiv\u00fdm d\u016fkaz\u016fm.\u00a0Loty\u0161sk\u00e9 \u00fa\u0159ady pova\u017euj\u00ed tvrzen\u00ed, \u017ee t\u00e1bor byl koncentra\u010dn\u00edm t\u00e1borem nebo t\u00e1borem smrti, za ruskou propagandu.<\/span><\/p>\n<p><span>P\u0159ed p\u00e1r lety byla v Salaspils zak\u00e1z\u00e1na v\u00fdstava o zlo\u010dinech nacist\u016f a jejich m\u00edstn\u00edch spolupracovn\u00edk\u016f.\u00a0Nyn\u00ed u\u017e se osvobozen\u00ed t\u00e1bora nesm\u00ed ve\u0159ejn\u011b p\u0159ipom\u00ednat.\u00a0Jak uv\u00e1d\u00ed m\u00e9dia<\/span><span>\u00a0s odvol\u00e1n\u00edm na Rusk\u00fd svaz Loty\u0161ska (RUL), m\u011bstsk\u00e1 rada zak\u00e1zala oslavu v\u00fdro\u010d\u00ed osvobozen\u00ed.<\/span><\/p>\n<p><span>Ji\u017e tradi\u010dn\u011b se koncem z\u00e1\u0159\u00ed konaj\u00ed v prostor\u00e1ch pam\u00e1tn\u00edku Salaspils akce p\u0159ipom\u00ednaj\u00edc\u00ed v\u011bzn\u011b koncentra\u010dn\u00edch t\u00e1bor\u016f.\u00a0Budou se shodovat s osvobozen\u00edm t\u00e1bora.\u00a0Letos jako obvykle loty\u0161sk\u00fd spolek v\u011bz\u0148\u016f \u201eVzpom\u00ednka na budoucnost\u201c ohl\u00e1sil akci na 25. z\u00e1\u0159\u00ed.<\/span><\/p>\n<p><span>V p\u00e1tek 23. z\u00e1\u0159\u00ed obdr\u017eeli organiz\u00e1to\u0159i zam\u00edtav\u00fd dopis podepsan\u00fd v\u00fdkonnou \u0159editelkou m\u011bstsk\u00e9 rady Salaspils Silvi\u00ed Purini.\u00a0V n\u011bm informuje, \u017ee akce je zak\u00e1z\u00e1na.<\/span><\/p>\n<p><span>Jak uv\u00e1d\u00ed RUL, d\u016fvodem odm\u00edtnut\u00ed je, \u017ee \u201ena\u010dasov\u00e1n\u00ed sch\u016fzky se shoduje s t\u00edm, co ideologie totalitn\u00edho komunistick\u00e9ho okupa\u010dn\u00edho re\u017eimu Sov\u011btsk\u00e9ho svazu b\u011bhem okupace Loty\u0161ska definovala jako okam\u017eik, kdy byl t\u00e1bor Salaspils \u00fadajn\u011b Rudou arm\u00e1dou osvobozen.\u201c Vypl\u00fdv\u00e1 to z publikac\u00ed a historiografie z doby sov\u011btsk\u00e9 okupace i ze sou\u010dasn\u00fdch m\u00e9di\u00ed sp\u0159\u00edzn\u011bn\u00fdch s Kremlem\u201c.<\/span><\/p>\n<p><span>Purini se odvol\u00e1v\u00e1 na loty\u0161sk\u00e9 v\u00fdzkumn\u00edky, jejich\u017e n\u00e1zor na okolnosti rozpu\u0161t\u011bn\u00ed t\u00e1bora Salaspils se li\u0161il od tvrzen\u00ed \u201esov\u011btsk\u00e9 okupace\u201c.<\/span><\/p>\n<p><span>V\u00fdkonn\u00fd \u0159editel odkazuje na \u010dl\u00e1nek 10 \u201eZ\u00e1kona o shrom\u00e1\u017ed\u011bn\u00edch, pochodech a vigili\u00edch\u201c, podle kter\u00e9ho je zak\u00e1z\u00e1no \u201epopularizovat a velebit ud\u00e1losti, kter\u00e9 obsahuj\u00ed nacistickou a komunistickou ideologii, v\u010detn\u011b [&#8230;] p\u0159ipom\u00edn\u00e1n\u00ed bitev a v\u00edt\u011bzstv\u00ed [ &#8230;], leda\u017ee \u00fa\u010delem akce nen\u00ed oslava totalitn\u00edho re\u017eimu nebo ospravedln\u011bn\u00ed sp\u00e1chan\u00fdch zlo\u010din\u016f\u201c.<\/span><\/p>\n<p><span>Ofici\u00e1ln\u00ed odpov\u011b\u010f m\u011bstsk\u00e9 rady \u0159\u00edk\u00e1, \u017ee ob\u011bti nacistick\u00e9ho koncentra\u010dn\u00edho t\u00e1bora v Salaspils nelze p\u0159ipom\u00ednat, proto\u017ee propaguj\u00ed Rudou arm\u00e1du, &#8222;sov\u011btsk\u00fd okupa\u010dn\u00ed re\u017eim&#8220; a komunistickou ideologii, poznamenali organiz\u00e1to\u0159i.<\/span><\/p>\n<div class=\"EmbedBlock-root EmbedBlock-all\">\n<div class=\"AllEmbed\"><iframe loading=\"lazy\" src=\"https:\/\/vk.com\/video_ext.php?oid=-134310637&amp;id=456253730&amp;hash=9e54fe16c83f3dae&amp;hd=2\" width=\"853\" height=\"480\" frameborder=\"0\" allowfullscreen=\"allowfullscreen\" data-mce-fragment=\"1\"><\/iframe><\/div>\n<\/div>\n<p><span>Rusk\u00e1 bezpe\u010dnostn\u00ed slu\u017eba FSB\u00a0<\/span><a href=\"https:\/\/archive.ph\/20120803064856\/www.fsb.ru\/fsb\/history\/author\/single.htm!id%3D10318166@fsbPublication.html#selection-629.0-637.417\" target=\"_blank\" rel=\"noopener noreferrer\"><span>zve\u0159ejnila<\/span><\/a><span>\u00a0\u010detn\u00e1 sv\u011bdectv\u00ed o zv\u011brstvech v Salaspils, kter\u00e1 sesb\u00edrali sov\u011bt\u0161t\u00ed vy\u0161et\u0159ovatel\u00e9 kr\u00e1tce po osvobozen\u00ed, v\u010detn\u011b v\u00fdpov\u011bdi sv\u011bdka KA Laugalaitise, b\u00fdval\u00e9ho v\u011bzn\u011b koncentra\u010dn\u00edho t\u00e1bora Salaspils (vysl\u00fdch\u00e1n 2. listopadu 1944 ):<\/span><\/p>\n<p><em><span>&#8222;Jen v b\u0159eznu 1943 bylo okam\u017eit\u011b p\u0159ivezeno 20 000 sov\u011btsk\u00fdch ob\u010dan\u016f i s d\u011btmi. Eses\u00e1ci okam\u017eit\u011b odebrali d\u011bti rodi\u010d\u016fm. Odehr\u00e1ly se hrozn\u00e9 sc\u00e9ny. Matky necht\u011bly sv\u00e9 d\u011bti vydat, n\u011bme\u010dt\u00ed a loty\u0161\u0161t\u00ed policist\u00e9 doslova vyrvali d\u011bti z jejich rukou&#8230; Miminka a d\u011bti do 5 let byli um\u00edst\u011bni v odd\u011blen\u00fdch bar\u00e1c\u00edch, kde hromadn\u011b um\u00edrali. Za pouh\u00fd rok takto zem\u0159elo p\u0159es t\u0159i tis\u00edce d\u011bt\u00ed.\u201c<\/span><\/em><\/p>\n<p><span>P\u0159ipom\u00ednka v\u00e1lky, nacistick\u00fdch zlo\u010din\u016f a osvobozen\u00ed Rudou arm\u00e1dou je nyn\u00ed v Loty\u0161sku i v ostatn\u00edch pobaltsk\u00fdch st\u00e1tech vehementn\u011b zakazov\u00e1na. V srpnu byl i p\u0159es urputn\u00fd\u00a0<\/span><a href=\"https:\/\/vk.com\/video\/@rt_de?q=riga\" target=\"_blank\" rel=\"noopener noreferrer\"><span>\u00a0odpor<\/span><\/a><span>\u00a0\u00a0rusk\u00e9 men\u0161iny a loty\u0161sk\u00fdch antifa\u0161ist\u016f nejv\u011bt\u0161\u00ed pam\u011btn\u00ed komplex v Rize na po\u010dest osvoboditel\u016f zni\u010den bagry a v\u00fdbu\u0161ninami.\u00a0Velkolep\u00e9 sn\u00edmky ni\u010den\u00ed byly vys\u00edl\u00e1ny \u017eiv\u011b v loty\u0161sk\u00e9 televizi jako akt dekolonizace.\u00a0V Rusku zp\u016fsobila demolice jako akt \u201est\u00e1tem podporovan\u00e9ho barbarstv\u00ed\u201c a \u201epronacistick\u00e9ho historick\u00e9ho revizionismu\u201c hr\u016fzu.<\/span><\/p>\n<p><img decoding=\"async\" loading=\"lazy\" class=\"alignnone size-full wp-image-1185\" src=\"http:\/\/www.infokuryr.cz\/n\/wp-content\/uploads\/2021\/04\/kuryr-podpis.png\" alt=\"\" width=\"84\" height=\"24\" \/><\/p>\n<p>&nbsp;<\/p>\n","protected":false},"excerpt":{"rendered":"<p>Proto\u017ee by to popularizovalo Rudou arm\u00e1du a t\u00edm i \u201etotalitn\u00ed re\u017eim\u201c \u2013 s t\u00edmto argumentem&#8230;<\/p>\n","protected":false},"author":2,"featured_media":15752,"comment_status":"closed","ping_status":"closed","sticky":false,"template":"","format":"standard","meta":[],"categories":[7],"tags":[245,999,210,664,230,1936,231],"_links":{"self":[{"href":"https:\/\/www.infokuryr.cz\/n\/wp-json\/wp\/v2\/posts\/15751"}],"collection":[{"href":"https:\/\/www.infokuryr.cz\/n\/wp-json\/wp\/v2\/posts"}],"about":[{"href":"https:\/\/www.infokuryr.cz\/n\/wp-json\/wp\/v2\/types\/post"}],"author":[{"embeddable":true,"href":"https:\/\/www.infokuryr.cz\/n\/wp-json\/wp\/v2\/users\/2"}],"replies":[{"embeddable":true,"href":"https:\/\/www.infokuryr.cz\/n\/wp-json\/wp\/v2\/comments?post=15751"}],"version-history":[{"count":0,"href":"https:\/\/www.infokuryr.cz\/n\/wp-json\/wp\/v2\/posts\/15751\/revisions"}],"wp:featuredmedia":[{"embeddable":true,"href":"https:\/\/www.infokuryr.cz\/n\/wp-json\/wp\/v2\/media\/15752"}],"wp:attachment":[{"href":"https:\/\/www.infokuryr.cz\/n\/wp-json\/wp\/v2\/media?parent=15751"}],"wp:term":[{"taxonomy":"category","embeddable":true,"href":"https:\/\/www.infokuryr.cz\/n\/wp-json\/wp\/v2\/categories?post=15751"},{"taxonomy":"post_tag","embeddable":true,"href":"https:\/\/www.infokuryr.cz\/n\/wp-json\/wp\/v2\/tags?post=15751"}],"curies":[{"name":"wp","href":"https:\/\/api.w.org\/{rel}","templated":true}]}}