{"id":15749,"date":"2022-09-27T06:51:02","date_gmt":"2022-09-27T04:51:02","guid":{"rendered":"http:\/\/www.infokuryr.cz\/n\/?p=15749"},"modified":"2022-09-27T06:51:02","modified_gmt":"2022-09-27T04:51:02","slug":"predpovedi-na-prichazejici-temnou-zimu-co-nas-zrejme-ceka-a-nemine","status":"publish","type":"post","link":"https:\/\/www.infokuryr.cz\/n\/2022\/09\/27\/predpovedi-na-prichazejici-temnou-zimu-co-nas-zrejme-ceka-a-nemine\/","title":{"rendered":"P\u0159edpov\u011bdi na p\u0159ich\u00e1zej\u00edc\u00ed temnou zimu: Co n\u00e1s z\u0159ejm\u011b \u010dek\u00e1 a nemine?"},"content":{"rendered":"<div id=\"fb-root\"><\/div>\n<p><span>Smrt britsk\u00e9 kr\u00e1lovny Al\u017eb\u011bty II.\u00a0poskytla zaprodan\u00fdm politik\u016fm a m\u00e9di\u00edm skv\u011blou p\u0159\u00edle\u017eitost jak odvr\u00e1tit pozornost ve\u0159ejnosti a poh\u0159b\u00edt \u0161patn\u00e9 zpr\u00e1vy.\u00a0To ov\u0161em neplat\u00ed pro n\u00e1s.<\/span><\/p>\n<p><span>V tomto \u010dl\u00e1nku v\u00e1m p\u0159in\u00e1\u0161\u00edme 12 p\u0159edpov\u011bd\u00ed ohledn\u011b toho, co n\u00e1s b\u011bhem n\u011bkolika m\u011bs\u00edc\u016f p\u0159ich\u00e1zej\u00edc\u00ed zimy s nejv\u011bt\u0161\u00ed pravd\u011bpodobnost\u00ed \u010dek\u00e1 a nemine.<\/span><\/p>\n<h2><span>P\u0159edpov\u011b\u010f \u010d.1<\/span><\/h2>\n<p><span>Vl\u00e1dy budou nad\u00e1le utr\u00e1cet pen\u00edze jako d\u011bti na jarmarku.\u00a0Vl\u00e1da Velk\u00e9 Brit\u00e1nie pl\u00e1nuje utratit n\u011bkolik stovek miliard liber na bezohledn\u00e9 energetick\u00e9 dotace a z\u00e1rove\u0148 sn\u00ed\u017eit dan\u011b.\u00a0Je to podobn\u00e9, jako kdy\u017e se mu\u017e vzd\u00e1 sv\u00e9 pr\u00e1ce, koup\u00ed si Rolls Royce a pot\u00e9 se odveze do ji\u017en\u00ed Francie koupit si vilu.<\/span><\/p>\n<p><span>Zvy\u0161ov\u00e1n\u00ed v\u00fddaj\u016f a z\u00e1rove\u0148 sni\u017eov\u00e1n\u00ed p\u0159\u00edjm\u016f povede p\u0159\u00edmo k masivn\u00edmu st\u00e1tn\u00edmu dluhu, vysok\u00fdm \u00farokov\u00fdm sazb\u00e1m, ni\u010div\u00fdm \u00farovn\u00edm zdan\u011bn\u00ed pozd\u011bji a hyperinflaci.\u00a0A k obrovsk\u00e9 m\u00ed\u0159e chudoby \u2013 dokonce i mezi st\u0159edn\u00edmi vrstvami.<\/span><\/p>\n<p><span>\u00darokov\u00e9 sazby hypot\u00e9k budou r\u016fst a ceny nemovitost\u00ed klesat.\u00a0Podniky zkrachuj\u00ed (p\u0159es v\u00edce vl\u00e1dn\u00edch rozd\u00e1v\u00e1n\u00ed) a nezam\u011bstnanost poroste (je u\u017e nyn\u00ed mnohem vy\u0161\u0161\u00ed, ne\u017e se p\u0159izn\u00e1v\u00e1, proto\u017ee studenti se nepo\u010d\u00edtaj\u00ed, ani jeden \u010di dva miliony trp\u00edc\u00edch imagin\u00e1rn\u00ed chorobou zn\u00e1mou jako \u201edlouh\u00fd covid\u201c).<\/span><\/p>\n<p><span>Libra se bude d\u00e1le posouvat sm\u011brem k parit\u011b s eurem a dokonce is americk\u00fdm dolarem.\u00a0T\u00edm se zv\u00fd\u0161\u00ed n\u00e1klady na dovoz (jako je ropa a potraviny) a inflace se je\u0161t\u011b zv\u00fd\u0161\u00ed.<\/span><\/p>\n<p><span>Zbytek EU, v\u010detn\u011b \u010ceska a Slovenska na tom budou velmi podobn\u011b.<\/span><\/p>\n<h2><span>P\u0159edpov\u011b\u010f \u010d.2<\/span><\/h2>\n<p><span>Bude hodn\u011b povodn\u00ed.\u00a0Vina bude kladena na glob\u00e1ln\u00ed oteplov\u00e1n\u00ed.\u00a0Nikdo nezm\u00edn\u00ed, \u017ee v z\u00e1plavov\u00fdch \u00fazem\u00edch byly postaveny domy a \u017ee \u0159eky byly z\u00e1m\u011brn\u011b ponech\u00e1ny zablokov\u00e1ny.<\/span><\/p>\n<p><span>Pravideln\u00e9 ka\u017edoro\u010dn\u00ed z\u00e1plavy jsou nezbytn\u00e9 a nemaj\u00ed nic spole\u010dn\u00e9ho s m\u00fdtick\u00fdm\u00a0<\/span><a href=\"https:\/\/www.badatel.net\/globalisti-chcu-blokovat-slnko-a-v-mene-boja-proti-zmene-klimyzmenit-zem-na-ladovu-gulu\/\"><span>glob\u00e1ln\u00edm oteplov\u00e1n\u00edm<\/span><\/a><span>\u00a0.<\/span><\/p>\n<h2><span>P\u0159edpov\u011b\u010f \u010d.3<\/span><\/h2>\n<p><span>\u0158e\u010d bude paradoxn\u011b io such\u00e1ch.\u00a0Po cel\u00e1 l\u00e9ta se nevybudovaly \u017e\u00e1dn\u00e9 nov\u00e9 vodn\u00ed n\u00e1dr\u017ee a p\u0159esto se populace v posledn\u00edch letech masivn\u011b rozrostly.<\/span><\/p>\n<p><span>Nedostatek vody je nezbytn\u00fd.\u00a0V Evrop\u011b a Velk\u00e9 Brit\u00e1nii po\u010det obyvatel rychle vzrostl v d\u016fsledku masivn\u00edho, podporovan\u00e9ho, \u200b\u200bleg\u00e1ln\u00edho a neleg\u00e1ln\u00edho p\u0159ist\u011bhovalectv\u00ed.<\/span><\/p>\n<h2><span>P\u0159edpov\u011b\u010f \u010d.4<\/span><\/h2>\n<p><span>Kanaliza\u010dn\u00ed syst\u00e9my si nebudou um\u011bt poradit.\u00a0Kanaliza\u010dn\u00ed syst\u00e9my byly z velk\u00e9 \u010d\u00e1sti postaveny v 19. stolet\u00ed.<\/span><\/p>\n<p><span>Je\u0161t\u011b jednou, kanaliza\u010dn\u00ed syst\u00e9my a kanalizace nebyly roz\u0161\u00ed\u0159eny, aby se vyrovnaly s n\u00e1r\u016fstem populace.\u00a0Nezpracovan\u00e1 odpadn\u00ed voda bude pravideln\u011b vypou\u0161t\u011bna do \u0159ek a mo\u0159\u00ed.<\/span><\/p>\n<h2><span>P\u0159edpov\u011b\u010f \u010d.5<\/span><\/h2>\n<p><span>Po\u010det um\u00edraj\u00edc\u00edch lid\u00ed bude v letech 2022\u20132023 mnohem vy\u0161\u0161\u00ed ne\u017e obvykle \u2013 a mnohem vy\u0161\u0161\u00ed ne\u017e v letech 2020 a 2021.<\/span><\/p>\n<p><span>Nadm\u011brn\u00e1 \u00famrt\u00ed budou p\u0159ipisov\u00e1na kovidu a jin\u00fdm infekc\u00edm, a\u010dkoli ka\u017ed\u00fd s alespo\u0148 minimem mozkov\u00e9 tk\u00e1n\u011b v\u00ed, \u017ee \u00famrt\u00ed jsou poz\u016fstatkem nesmysln\u00fdch a nebezpe\u010dn\u00fdch lockdown\u016f, sou\u010dasn\u00e9 energetick\u00e9 krize, selh\u00e1n\u00ed zdravotnictv\u00ed, nedostupnosti praktick\u00fdch l\u00e9ka\u0159\u016f a \u00famrt\u00ed zp\u016fsoben\u00fdch zbyte\u010dn\u00fdmi a toxick\u00fdmi.<\/span><\/p>\n<p><span>\u0160patn\u00e9 stravovac\u00ed n\u00e1vyky (vypl\u00fdvaj\u00edc\u00ed z chudoby) povedou k dlouhodob\u00fdm chorob\u00e1m a vy\u0161\u0161\u00edm \u00famrt\u00edm.\u00a0Roz\u0161\u00ed\u0159\u00ed se nov\u00e9 infekce a nov\u00e9 \u0161makul\u00e1dy.<\/span><\/p>\n<h2><span>P\u0159edpov\u011b\u010f \u010d.6<\/span><\/h2>\n<p><span>Bude mnoho demonstrac\u00ed a st\u00e1vek.\u00a0Pokud pracovn\u00edci dostanou v\u00fdrazn\u00e9 zv\u00fd\u0161en\u00ed plat\u016f, tyto je\u0161t\u011b v\u00edce zv\u00fd\u0161\u00ed \u00farove\u0148 inflace.\u00a0To zp\u016fsob\u00ed zv\u00fd\u0161en\u00ed m\u00edry chudoby mezi t\u011bmi, kte\u0159\u00ed nejsou \u010dleny mocn\u00fdch obor\u016f.<\/span><\/p>\n<p><span>Nejv\u00edce budou trp\u011bt chud\u00ed, nemocn\u00ed a sta\u0159\u00ed lid\u00e9.\u00a0Stoupaj\u00edc\u00ed inflace pom\u016f\u017ee vytvo\u0159it hlubokou ekonomickou recesi, kter\u00e1 bude trvat cel\u00e9 roky.\u00a0To je p\u0159esn\u011b to, co spiknut\u00ed zosnovali.<\/span><\/p>\n<h2><span>P\u0159edpov\u011b\u010f \u010d.7<\/span><\/h2>\n<p><span>V\u00e1noce nebudou slaveny m\u011bsty a obchody nijak honosn\u011b.<\/span><\/p>\n<p><span>Vina bude kladena na energetickou krize, ale ve skute\u010dnosti spiklenci u\u017e dlouho pl\u00e1nuj\u00ed skoncovat s V\u00e1nocemi, proto\u017ee tradi\u010dn\u00ed n\u00e1bo\u017eenstv\u00ed cht\u011bj\u00ed odstranit a m\u00edsto nich zav\u00e9st n\u00e1hradn\u00ed n\u00e1bo\u017eenstv\u00ed, jako je Chrislam (mix k\u0159es\u0165anstv\u00ed a isl\u00e1mu) \u2013 obl\u00edben\u00e9 n\u00e1bo\u017eenstv\u00ed v\u00e1le\u010dn\u00e9ho zlo\u010dince Tonyho.<\/span><\/p>\n<h2><span>P\u0159edpov\u011b\u010f \u010d.8<\/span><\/h2>\n<p><span>V\u00e1lka na Ukrajin\u011b bude i nad\u00e1le hlavn\u00ed p\u0159\u00ed\u010dinou hladov\u011bn\u00ed a smrti na cel\u00e9m sv\u011bt\u011b.\u00a0Mysl\u00edm si, \u017ee je pravd\u011bpodobn\u00e9, \u017ee tato globalisty vykonstruovan\u00e1 v\u00e1lka povede k 500 milion\u016fm \u00famrt\u00ed jen v Asii a Africe.<\/span><\/p>\n<p><span>Vl\u00e1dy kolektivn\u00edho Z\u00e1padu p\u0159isl\u00edbily utr\u00e1cet nekone\u010dn\u00e9 miliardy na udr\u017eov\u00e1n\u00ed v\u00e1lky.<\/span><\/p>\n<h2><span>P\u0159edpov\u011b\u010f \u010d.9<\/span><\/h2>\n<p><span>Ceny budou v\u0161ude r\u016fst a kvalita zbo\u017e\u00ed a slu\u017eeb bude klesat, jeliko\u017e spole\u010dnosti budou m\u00edt probl\u00e9m udr\u017eet se v podnik\u00e1n\u00ed.<\/span><\/p>\n<h2><span>P\u0159edpov\u011b\u010f \u010d.10<\/span><\/h2>\n<p><span>Zlo\u010dinnost a n\u00e1sil\u00ed budou masivn\u011b nar\u016fstat, proto\u017ee miliony lid\u00ed se budou sna\u017eit vyrovnat se s masivn\u00edm n\u00e1r\u016fstem \u017eivotn\u00edch n\u00e1klad\u016f.<\/span><\/p>\n<h2><span>P\u0159edpov\u011b\u010f \u010d.11<\/span><\/h2>\n<p><span>Dohled st\u00e1tu nad pou\u017e\u00edv\u00e1n\u00edm hotovosti bude nad\u00e1le nar\u016fstat.<\/span><\/p>\n<p><span>St\u00e1le v\u00edce obchod\u016f bude odm\u00edtat hotovost.\u00a0Banky sn\u00ed\u017e\u00ed po\u010det bankomat\u016f a budou kontrolovat distribuci a pou\u017e\u00edv\u00e1n\u00ed hotovosti.\u00a0Toto se pl\u00e1novalo roky.<\/span><\/p>\n<h2><span>P\u0159edpov\u011b\u010f \u010d.12<\/span><\/h2>\n<p><span>V\u011bt\u0161ina elekt\u0159iny v Evrop\u011b se vyr\u00e1b\u00ed pomoc\u00ed fosiln\u00edch paliv, jako je plyn.\u00a0Kv\u016fli absurdn\u00edm politik\u00e1m \u201ezelen\u00e9 agendy\u201c budou ceny plynu pokra\u010dovat v r\u016fstu as nimi i ceny elekt\u0159iny.<\/span><\/p>\n<p><span>Absurdn\u00ed finan\u010dn\u00ed sankce v\u016f\u010di Rusku vedly k poklesu dod\u00e1vek ropy a plynu do Evropy.\u00a0Ve\u0159ejn\u011b prosp\u011b\u0161n\u00e9 spole\u010dnosti zkrachuj\u00ed a budou pot\u0159ebovat vl\u00e1dn\u00ed dotace (co\u017e je\u0161t\u011b v\u00edce zv\u00fd\u0161\u00ed st\u00e1tn\u00ed dluh).<\/span><\/p>\n<h2><span>Z\u00e1v\u011br<\/span><\/h2>\n<p><span>Netvrdil jsem, \u017ee m\u00e9 p\u0159edpov\u011bdi budou vesel\u00e9 \u010dten\u00ed.\u00a0Ale v\u011b\u0159\u00edm, \u017ee tohle jsou v\u011bci, kter\u00e9 se stanou b\u011bhem n\u00e1sleduj\u00edc\u00edch zimn\u00edch m\u011bs\u00edc\u016f.<\/span><\/p>\n<p><span>Nic z toho nen\u00ed v\u00fdsledek nekompetentnosti a nic z toho nen\u00ed n\u00e1hodn\u00e9.\u00a0V\u0161echno se d\u011bje schv\u00e1ln\u011b.\u00a0V\u0161echno \u0161patn\u00e9, co ni\u010d\u00ed n\u00e1\u0161 sv\u011bt, je \u00famysln\u00e9.\u00a0Toto v\u0161e je sou\u010d\u00e1st\u00ed\u00a0<\/span><a href=\"https:\/\/www.badatel.net\/velky-reset-prichadza-rychlo-a-nic-uz-nebude-take-ako-predtym\/\"><span>Velk\u00e9ho resetu<\/span><\/a><span>\u00a0.\u00a0A nach\u00e1z\u00edme v jeho pokro\u010dil\u00e9m stadiu.<\/span><\/p>\n<p><span>Men\u0161\u00ed nebezpe\u010d\u00ed by n\u00e1m hrozilo, kdyby n\u00e1m vl\u00e1dla vl\u00e1da sest\u00e1vaj\u00edc\u00ed z ministr\u016f Hitlera, Stalina, Mussoliniho, Kadd\u00e1f\u00edho, Attily Huny, \u010cingisch\u00e1na a Idi Amina.\u00a0Rad\u011bji bych \u010delil tomuto vra\u017eedn\u00e9mu spolku jako glob\u00e1ln\u00edmu spiknut\u00ed, kter\u00e9 vymysleli a \u0159\u00edd\u00ed Schwab, Gates, Rothschildovi, v\u00e1le\u010dn\u00fd zlo\u010dinec Tony Blair a nejr\u016fzn\u011bj\u0161\u00ed Bilderbergov\u00e9.<\/span><\/p>\n<p><span>Jak st\u00e1le p\u0159ipom\u00edn\u00e1m \u2013 ned\u016fv\u011b\u0159ujte vl\u00e1d\u011b, vyh\u00fdbejte se m\u00e9di\u00edm a bojujte proti l\u017e\u00edm.<\/span><\/p>\n<p><span>A pamatujte, nejste v tom sami.<\/span><\/p>\n<p><span>Autor: Dr.\u00a0Vernon Coleman, Zdroj:\u00a0<\/span><a href=\"https:\/\/expose-news.com\/2022\/09\/24\/predictions-for-the-coming-winter\/\" target=\"_blank\" rel=\"noopener\"><span>expose-news.com<\/span><\/a><\/p>\n<p>&nbsp;<\/p>\n","protected":false},"excerpt":{"rendered":"<p>Smrt britsk\u00e9 kr\u00e1lovny Al\u017eb\u011bty II.\u00a0poskytla zaprodan\u00fdm politik\u016fm a m\u00e9di\u00edm skv\u011blou p\u0159\u00edle\u017eitost jak odvr\u00e1tit pozornost ve\u0159ejnosti&#8230;<\/p>\n","protected":false},"author":2,"featured_media":15750,"comment_status":"closed","ping_status":"closed","sticky":false,"template":"","format":"standard","meta":[],"categories":[7],"tags":[2118,285,1941,371,3430,3429,1101],"_links":{"self":[{"href":"https:\/\/www.infokuryr.cz\/n\/wp-json\/wp\/v2\/posts\/15749"}],"collection":[{"href":"https:\/\/www.infokuryr.cz\/n\/wp-json\/wp\/v2\/posts"}],"about":[{"href":"https:\/\/www.infokuryr.cz\/n\/wp-json\/wp\/v2\/types\/post"}],"author":[{"embeddable":true,"href":"https:\/\/www.infokuryr.cz\/n\/wp-json\/wp\/v2\/users\/2"}],"replies":[{"embeddable":true,"href":"https:\/\/www.infokuryr.cz\/n\/wp-json\/wp\/v2\/comments?post=15749"}],"version-history":[{"count":0,"href":"https:\/\/www.infokuryr.cz\/n\/wp-json\/wp\/v2\/posts\/15749\/revisions"}],"wp:featuredmedia":[{"embeddable":true,"href":"https:\/\/www.infokuryr.cz\/n\/wp-json\/wp\/v2\/media\/15750"}],"wp:attachment":[{"href":"https:\/\/www.infokuryr.cz\/n\/wp-json\/wp\/v2\/media?parent=15749"}],"wp:term":[{"taxonomy":"category","embeddable":true,"href":"https:\/\/www.infokuryr.cz\/n\/wp-json\/wp\/v2\/categories?post=15749"},{"taxonomy":"post_tag","embeddable":true,"href":"https:\/\/www.infokuryr.cz\/n\/wp-json\/wp\/v2\/tags?post=15749"}],"curies":[{"name":"wp","href":"https:\/\/api.w.org\/{rel}","templated":true}]}}