{"id":15747,"date":"2022-09-27T06:24:12","date_gmt":"2022-09-27T04:24:12","guid":{"rendered":"http:\/\/www.infokuryr.cz\/n\/?p=15747"},"modified":"2022-09-27T06:24:12","modified_gmt":"2022-09-27T04:24:12","slug":"kandidatka-do-senatu-od-babise-rekla-zvirtek-hamplove-na-volice-nemam-cas","status":"publish","type":"post","link":"https:\/\/www.infokuryr.cz\/n\/2022\/09\/27\/kandidatka-do-senatu-od-babise-rekla-zvirtek-hamplove-na-volice-nemam-cas\/","title":{"rendered":"Kandid\u00e1tka do Sen\u00e1tu od Babi\u0161e \u0159ekla Zvirtek Hamplov\u00e9: na voli\u010de nem\u00e1m \u010das!"},"content":{"rendered":"<div id=\"fb-root\"><\/div>\n<div class=\"introtext\">\n<div class=\"se22-candidate__party\"><span style=\"font-size: 18pt;\"><strong><span class=\"se22-candidate__partyAbbreviation\" tabindex=\"0\" role=\"button\">ANO<\/span><\/strong><\/span><\/div>\n<div class=\"se22-candidate__additionalInfo\"><span style=\"font-size: 18pt;\"><strong>41 let, jednatelka spole\u010dnosti<\/strong><\/span><\/div>\n<p>A je tu dal\u0161\u00ed skand\u00e1l: kandid\u00e1tka od Babi\u0161e Pluha\u0159ov\u00e1 nem\u00e1 na voli\u010de \u010das? A chce zastupovat ob\u010dany? Dal\u0161\u00ed Jourov\u00e1? To je \u0161p\u00edna!<\/p>\n<\/div>\n<div class=\"fulltext\">\n<p>Tak\u017ee ona je Key account manager a\u00a0 n\u011bjak\u00fd lidsk\u00fd odpad ji nezaj\u00edm\u00e1? Prost\u011b ji m\u00e1te zvolit a dr\u017eet hubu? Babi\u0161i, co je to za \u0161p\u00ednu? Pluha\u0159ov\u00e1 vystudovala management &#8211; angli\u010dtinu a s \u010cech\u00e1\u010dkov\u00e9 a j\u00ed mohou pol\u00edbit \u0161os?<\/p>\n<p>V\u00e1\u017en\u011b by si to n\u011bkdo v demokratick\u00e9m st\u00e1t\u011b mohl dovolit, aby m\u00edsto konfrontace ve fin\u00e1le ozn\u00e1mil, \u017ee si voli\u010di mohou pol\u00edbit \u0161os, proto\u017ee na n\u011b nem\u00e1 \u010das a hlavn\u011b pak mus\u00ed dost\u00e1vat sen\u00e1tn\u00ed plat?<\/p>\n<p>Jak je mo\u017en\u00e9, \u017ee na to Cable News Network\u00a0 (CNN) &#8211; americk\u00e1 kabelov\u00e1 televizn\u00ed spole\u010dnost p\u0159istoup\u00ed ?<\/p>\n<p>Norm\u00e1ln\u011b by m\u011bla p\u0159ij\u00edt vyzyvatelka do studia a pokud by tam druh\u00e1 kandid\u00e1tka nep\u0159i\u0161la, cel\u00fd prostor by m\u011bl z\u016fstat t\u00e9, kter\u00e1 o ob\u010dany m\u00fd skute\u010dn\u00fd z\u00e1jem!<\/p>\n<h4><span style=\"font-size: 18pt;\"><strong>Pouze \u00famrt\u00ed, \u010di n\u011bco podobn\u00e9ho kandid\u00e1ta do Sen\u00e1tu omlouv\u00e1!<\/strong><\/span><\/h4>\n<p>Neskute\u010dn\u011b skand\u00e1ln\u00ed, odporn\u00e9 a po pomoci \u010dlenovi ODS T\u00f6pferovi \u010deskou televiz\u00ed dal\u0161\u00ed volebn\u00ed zlo\u010din! Nebo pohrd\u00e1n\u00ed ob\u010dany. Co je hor\u0161\u00ed?<\/p>\n<p><a href=\"https:\/\/www.skrytapravda.cz\/z-domova\/805-kandidatka-do-senatu-od-babise-rekla-zvirtek-hamplove-na-volice-nemam-cas\">Petr Pokorn\u00fd<\/a><\/p>\n<p>&nbsp;<\/p>\n<\/div>\n","protected":false},"excerpt":{"rendered":"<p>ANO 41 let, jednatelka spole\u010dnosti A je tu dal\u0161\u00ed skand\u00e1l: kandid\u00e1tka od Babi\u0161e Pluha\u0159ov\u00e1 nem\u00e1&#8230;<\/p>\n","protected":false},"author":2,"featured_media":15748,"comment_status":"closed","ping_status":"closed","sticky":false,"template":"","format":"standard","meta":[],"categories":[6],"tags":[159,164,27],"_links":{"self":[{"href":"https:\/\/www.infokuryr.cz\/n\/wp-json\/wp\/v2\/posts\/15747"}],"collection":[{"href":"https:\/\/www.infokuryr.cz\/n\/wp-json\/wp\/v2\/posts"}],"about":[{"href":"https:\/\/www.infokuryr.cz\/n\/wp-json\/wp\/v2\/types\/post"}],"author":[{"embeddable":true,"href":"https:\/\/www.infokuryr.cz\/n\/wp-json\/wp\/v2\/users\/2"}],"replies":[{"embeddable":true,"href":"https:\/\/www.infokuryr.cz\/n\/wp-json\/wp\/v2\/comments?post=15747"}],"version-history":[{"count":0,"href":"https:\/\/www.infokuryr.cz\/n\/wp-json\/wp\/v2\/posts\/15747\/revisions"}],"wp:featuredmedia":[{"embeddable":true,"href":"https:\/\/www.infokuryr.cz\/n\/wp-json\/wp\/v2\/media\/15748"}],"wp:attachment":[{"href":"https:\/\/www.infokuryr.cz\/n\/wp-json\/wp\/v2\/media?parent=15747"}],"wp:term":[{"taxonomy":"category","embeddable":true,"href":"https:\/\/www.infokuryr.cz\/n\/wp-json\/wp\/v2\/categories?post=15747"},{"taxonomy":"post_tag","embeddable":true,"href":"https:\/\/www.infokuryr.cz\/n\/wp-json\/wp\/v2\/tags?post=15747"}],"curies":[{"name":"wp","href":"https:\/\/api.w.org\/{rel}","templated":true}]}}