{"id":15745,"date":"2022-09-27T06:21:45","date_gmt":"2022-09-27T04:21:45","guid":{"rendered":"http:\/\/www.infokuryr.cz\/n\/?p=15745"},"modified":"2022-09-27T06:21:45","modified_gmt":"2022-09-27T04:21:45","slug":"premysl-votava-strach-obchazi-strakovku","status":"publish","type":"post","link":"https:\/\/www.infokuryr.cz\/n\/2022\/09\/27\/premysl-votava-strach-obchazi-strakovku\/","title":{"rendered":"P\u0159emysl Votava: Strach obch\u00e1z\u00ed Strakovku"},"content":{"rendered":"<div id=\"fb-root\"><\/div>\n<p><strong>Doma jsme byli zvykl\u00ed \u0161et\u0159it, po\u010d\u00edtali jsme ka\u017edou korunu. Fialova vl\u00e1da to je jin\u00fd kabr\u0148\u00e1k, miliardy na ministerstvu obrany l\u00e9taj\u00ed sem, miliardy l\u00e9taj\u00ed tam. 90 miliard na n\u00e1kup 24 letadel F-35. Pro p\u0159ibl\u00ed\u017een\u00ed, cena je slo\u017een\u00e1 z 50miliard za n\u00e1kup letoun\u016f, z 30 mld na vybaven\u00ed a z dal\u0161\u00edch 10mld na samotn\u00fd ro\u010dn\u00ed provoz. Ka\u017ed\u00fd z n\u00e1s, v\u010detn\u011b nemluv\u0148at, vyt\u00e1hne z kapsy 9 tis\u00edc korun \u010desk\u00fdch, ta cena ale je\u0161t\u011b nen\u00ed kone\u010dn\u00e1. Ka\u017edoro\u010dn\u011b n\u00e1m budou za jejich provoz ub\u00fdvat dal\u0161\u00ed miliardy z kapes.<\/strong><\/p>\n<p>Fiala vol\u00e1 po \u00faspor\u00e1ch, ale s\u00e1m se tak nechov\u00e1, p\u0159\u00edkladem je pr\u00e1v\u011b arm\u00e1dn\u00ed rozpo\u010det, ten na rozd\u00edl od jin\u00fdch rozpo\u010dtov\u00fdch kapitol prudce roste. Vedle F-35, vl\u00e1da chce je\u0161t\u011b nakoupit tanky, d\u011bla, obrn\u011bnce, \u2026 v\u0161e \u00fadajn\u011b to nejlep\u0161\u00ed, tedy to nejdra\u017e\u0161\u00ed. Ministerstvo obrany v n\u00e1vrhu st\u00e1tn\u00edho rozpo\u010dtu na p\u0159\u00ed\u0161t\u00ed rok m\u00e1 nav\u00fd\u0161en\u00ed, z leto\u0161n\u00edch 89 mld. n\u00e1r\u016fst na 110 mld. V dob\u011b, kdy v na\u0161ich dom\u00e1cnostech osek\u00e1v\u00e1me ka\u017edou zbyte\u010dnou korunu, \u0161et\u0159\u00edme elekt\u0159inou, plynem, teplem\u2026 dokonce m\u00e1me doporu\u010deny na zimu dva svetry i dvoje podvl\u00e9ka\u010dky. Horn\u00ed paluba st\u00e1le tan\u010d\u00ed, ale desetitis\u00edce d\u011bt\u00ed nemaj\u00ed na \u0161koln\u00ed ob\u011bdy, na sportovn\u00ed aktivity, na krou\u017eky&#8230;<\/p>\n<p>Drt\u00ed n\u00e1s dvoucifern\u00e1 inflace, dokonce jedna z nejvy\u0161\u0161\u00edch v EU a s t\u00edm spojen\u00fd r\u016fst cen za energie, ten dopad\u00e1 na \u0161kolstv\u00ed, zdravotnictv\u00ed, ale i na sport, \u010di kulturu. Na\u0161i otcov\u00e9, d\u011bdov\u00e9 budovali energetick\u00e9 zdroje a my dnes nakupujeme elektrickou energii za nehor\u00e1zn\u00e9 ceny. Nedivme se ob\u010dan\u016fm, \u017ee s bl\u00ed\u017e\u00edc\u00ed se zimou a s pohledem na zcela pasivn\u00ed vl\u00e1du, rostou jejich obavy. Je zcela z\u0159ejm\u00e9, \u017ee vl\u00e1da Fialy zaspala probl\u00e9m s energiemi, ten je ji\u017e z lo\u0148sk\u00e9ho z\u00e1\u0159\u00ed, denn\u011b jsme sledovali fronty t\u011bch zoufal\u00fdch p\u0159ed kancel\u00e1\u0159emi prodejc\u016f energi\u00ed. K t\u011bm obav\u00e1m nep\u0159isp\u00edvaj\u00ed ur\u00e1\u017eliv\u00e9, \u010di komick\u00e9 v\u00fdroky pravicov\u00fdch politik\u016f, vhodn\u00e9 sp\u00ed\u0161e do Ha\u0161kov\u00fdch pov\u00eddek, nebo do divadla J\u00e1ry Cimrmana.<\/p>\n<p>Nen\u00ed to tak dlouho, co Fialova pravicov\u00e1 vl\u00e1da n\u00e1s zahlcovala sv\u00fdm velkolep\u00fdmi pl\u00e1ny, brilantn\u00edmi \u0159e\u0161en\u00edmi, sta\u010dilo v\u0161ak jen p\u00e1r m\u011bs\u00edc\u016f a v\u0161echno je jinak. Vl\u00e1da osek\u00e1v\u00e1 miliardy, nechlub\u00ed se t\u00edm, ob\u010das se n\u011bco \u201eproval\u00ed\u201c. P\u0159\u00edkladem m\u016f\u017ee b\u00fdt \u010dl\u00e1nek v jinak zcela provl\u00e1dn\u00edm t\u00fdden\u00edku Respekt: \u201eZk\u00e1za \u010desk\u00e9 kultury\u201c, z leto\u0161n\u00edho \u010dervna, kter\u00fd upozor\u0148uje na katastrof\u00e1ln\u00ed stav \u010desk\u00e9 kultury. Jako p\u0159\u00edklad je vedle dal\u0161\u00edch divadel, gal\u00e9ri\u00ed, uv\u00e1d\u011bno N\u00e1rodn\u00ed divadlo, kter\u00e9 nem\u00e1 na plnohodnotn\u00fd provoz. Ve v\u00fdpo\u010dtu t\u011bchto chmurn\u00fdch zpr\u00e1v bych mohl pokra\u010dovat, v\u011bt\u0161ina z n\u00e1s to ale poci\u0165uje denn\u011b. Jak pokra\u010duje inflace, r\u016fst cen, bude p\u0159ib\u00fdvat t\u011bch, co nemaj\u00ed na ob\u011bdy, na n\u00e1jem, na teplou vodu\u2026.<\/p>\n<p>Na rozd\u00edl od vl\u00e1dy i ta babi\u010dka v Podkrkono\u0161\u00ed se na zimu d\u016fkladn\u011b p\u0159ipravuje. Nakoup\u00ed v l\u00e9t\u011b uhl\u00ed, d\u0159\u00edv\u00ed, kdy\u017e je lacin\u011bj\u0161\u00ed. Ta babi\u010dka v\u00ed, \u017ee po podzimu p\u0159ijde zima.<\/p>\n<p><strong>P\u0159i pohledu na ty \u0161tudovan\u00e9, ale bezradn\u00e9 ministry m\u011b poj\u00edm\u00e1 hr\u016fza, co n\u00e1s je\u0161t\u011b \u010dek\u00e1. Fialova vl\u00e1da se st\u00e1v\u00e1 trapnou a to je to nehor\u0161\u00ed, co politika m\u016f\u017ee potkat. Snaha zamaskovat v\u010derej\u0161\u00ed volebn\u00ed ne\u00fasp\u011bch se nepovede, po \u017elut\u00e9 kart\u011b p\u0159ijde \u010derven\u00e1. Strakovku obch\u00e1z\u00ed strach z ob\u010dan\u016f.<\/strong><\/p>\n<div class=\"autor\"><strong>P\u0159emysl Votava<\/strong><\/div>\n<div class=\"motto\">M\u00edstop\u0159edseda strany N\u00e1rodn\u00ed socialist\u00e9.<\/div>\n<div><\/div>\n<div><\/div>\n<p>&nbsp;<\/p>\n","protected":false},"excerpt":{"rendered":"<p>Doma jsme byli zvykl\u00ed \u0161et\u0159it, po\u010d\u00edtali jsme ka\u017edou korunu. Fialova vl\u00e1da to je jin\u00fd kabr\u0148\u00e1k,&#8230;<\/p>\n","protected":false},"author":2,"featured_media":15746,"comment_status":"closed","ping_status":"closed","sticky":false,"template":"","format":"standard","meta":[],"categories":[6],"tags":[45,29,371,99],"_links":{"self":[{"href":"https:\/\/www.infokuryr.cz\/n\/wp-json\/wp\/v2\/posts\/15745"}],"collection":[{"href":"https:\/\/www.infokuryr.cz\/n\/wp-json\/wp\/v2\/posts"}],"about":[{"href":"https:\/\/www.infokuryr.cz\/n\/wp-json\/wp\/v2\/types\/post"}],"author":[{"embeddable":true,"href":"https:\/\/www.infokuryr.cz\/n\/wp-json\/wp\/v2\/users\/2"}],"replies":[{"embeddable":true,"href":"https:\/\/www.infokuryr.cz\/n\/wp-json\/wp\/v2\/comments?post=15745"}],"version-history":[{"count":0,"href":"https:\/\/www.infokuryr.cz\/n\/wp-json\/wp\/v2\/posts\/15745\/revisions"}],"wp:featuredmedia":[{"embeddable":true,"href":"https:\/\/www.infokuryr.cz\/n\/wp-json\/wp\/v2\/media\/15746"}],"wp:attachment":[{"href":"https:\/\/www.infokuryr.cz\/n\/wp-json\/wp\/v2\/media?parent=15745"}],"wp:term":[{"taxonomy":"category","embeddable":true,"href":"https:\/\/www.infokuryr.cz\/n\/wp-json\/wp\/v2\/categories?post=15745"},{"taxonomy":"post_tag","embeddable":true,"href":"https:\/\/www.infokuryr.cz\/n\/wp-json\/wp\/v2\/tags?post=15745"}],"curies":[{"name":"wp","href":"https:\/\/api.w.org\/{rel}","templated":true}]}}