{"id":15743,"date":"2022-09-27T06:13:45","date_gmt":"2022-09-27T04:13:45","guid":{"rendered":"http:\/\/www.infokuryr.cz\/n\/?p=15743"},"modified":"2022-09-27T06:13:45","modified_gmt":"2022-09-27T04:13:45","slug":"ukrajinska-vlada-p-fialy-radi-cechum-v-dobe-krize-kapr-na-modro-svickova-na-svicce-duchodci-do-gay-klubu","status":"publish","type":"post","link":"https:\/\/www.infokuryr.cz\/n\/2022\/09\/27\/ukrajinska-vlada-p-fialy-radi-cechum-v-dobe-krize-kapr-na-modro-svickova-na-svicce-duchodci-do-gay-klubu\/","title":{"rendered":"\u201eUkrajinsk\u00e1\u201c vl\u00e1da P. Fialy rad\u00ed \u010cech\u016fm v dob\u011b krize. Kapr na modro, sv\u00ed\u010dkov\u00e1 na sv\u00ed\u010dce, d\u016fchodci do gay klubu\u2026."},"content":{"rendered":"<div id=\"fb-root\"><\/div>\n<p><strong>Ukrajinsk\u00e1 vl\u00e1da P. Fialy se rozhodla \u010desk\u00e9 obyvatelstvo obla\u017eit dal\u0161\u00ed d\u00e1vkou dobr\u00fdch rad, jak se vypo\u0159\u00e1dat s existen\u010dn\u00ed ekonomickou kriz\u00ed. Podle souboru opat\u0159en\u00ed vl\u00e1dn\u00edch rad a pravidel je my\u0161leno opravdu na v\u0161echno.\u00a0<\/strong>Vyb\u00edr\u00e1me nejz\u00e1sadn\u011bj\u0161\u00ed opat\u0159en\u00ed:<\/p>\n<ol>\n<li><strong>Kapr na modro se upe\u010de tak, \u017ee se nabarv\u00ed modrou pastelkou a u\u0161et\u0159\u00ed se tak vz\u00e1cn\u00e9 energie<\/strong><\/li>\n<li><strong>Sv\u00ed\u010dkov\u00e1 se upe\u010de na sv\u00ed\u010dce<\/strong><\/li>\n<li><strong>V p\u0159\u00edpad\u011b \u00fapln\u00e9ho vypnut\u00ed plynu u\u017e nemus\u00edte nosit svetr, proto\u017ee bez plynu u\u017e Putina no\u0161en\u00edm svetru nepodporujete<\/strong><\/li>\n<li><strong>D\u016fchodci a chud\u00ed se budou o v\u00edkendu chodit zah\u0159\u00e1t do m\u00edstn\u00edho gay klubu zdarma <\/strong>(garantuje ministr ODS Baxa a J. Posp\u00ed\u0161il z TOP 09)<\/li>\n<\/ol>\n<p>Ob\u010dan\u00e9 jsou vyz\u00fdv\u00e1ni, aby sami navrhovali dal\u0161\u00ed \u00fasporn\u00e1 opat\u0159en\u00ed na \u00fa\u0159ad vl\u00e1dy!<\/p>\n<p><a href=\"https:\/\/ceskavec.com\/2022\/09\/ukrajinska-vlada-radi-cechum-v-dobe-krize-kapr-na-modro-svickova-na-svicce\">\u010cesk\u00e1 v\u011bc<\/a><\/p>\n<p>&nbsp;<\/p>\n","protected":false},"excerpt":{"rendered":"<p>Ukrajinsk\u00e1 vl\u00e1da P. Fialy se rozhodla \u010desk\u00e9 obyvatelstvo obla\u017eit dal\u0161\u00ed d\u00e1vkou dobr\u00fdch rad, jak se&#8230;<\/p>\n","protected":false},"author":2,"featured_media":15744,"comment_status":"closed","ping_status":"closed","sticky":false,"template":"","format":"standard","meta":[],"categories":[6],"tags":[285,29,99],"_links":{"self":[{"href":"https:\/\/www.infokuryr.cz\/n\/wp-json\/wp\/v2\/posts\/15743"}],"collection":[{"href":"https:\/\/www.infokuryr.cz\/n\/wp-json\/wp\/v2\/posts"}],"about":[{"href":"https:\/\/www.infokuryr.cz\/n\/wp-json\/wp\/v2\/types\/post"}],"author":[{"embeddable":true,"href":"https:\/\/www.infokuryr.cz\/n\/wp-json\/wp\/v2\/users\/2"}],"replies":[{"embeddable":true,"href":"https:\/\/www.infokuryr.cz\/n\/wp-json\/wp\/v2\/comments?post=15743"}],"version-history":[{"count":0,"href":"https:\/\/www.infokuryr.cz\/n\/wp-json\/wp\/v2\/posts\/15743\/revisions"}],"wp:featuredmedia":[{"embeddable":true,"href":"https:\/\/www.infokuryr.cz\/n\/wp-json\/wp\/v2\/media\/15744"}],"wp:attachment":[{"href":"https:\/\/www.infokuryr.cz\/n\/wp-json\/wp\/v2\/media?parent=15743"}],"wp:term":[{"taxonomy":"category","embeddable":true,"href":"https:\/\/www.infokuryr.cz\/n\/wp-json\/wp\/v2\/categories?post=15743"},{"taxonomy":"post_tag","embeddable":true,"href":"https:\/\/www.infokuryr.cz\/n\/wp-json\/wp\/v2\/tags?post=15743"}],"curies":[{"name":"wp","href":"https:\/\/api.w.org\/{rel}","templated":true}]}}