{"id":1574,"date":"2021-05-11T04:01:19","date_gmt":"2021-05-11T02:01:19","guid":{"rendered":"http:\/\/www.infokuryr.cz\/n\/?p=1574"},"modified":"2021-05-11T04:01:19","modified_gmt":"2021-05-11T02:01:19","slug":"generalni-reditel-vyrobce-korona-vakcin-pfizer-a-bourla-59-se-zatim-ockovat-nenecha","status":"publish","type":"post","link":"https:\/\/www.infokuryr.cz\/n\/2021\/05\/11\/generalni-reditel-vyrobce-korona-vakcin-pfizer-a-bourla-59-se-zatim-ockovat-nenecha\/","title":{"rendered":"Gener\u00e1ln\u00ed \u0159editel v\u00fdrobce korona vakc\u00edn Pfizer A. Bourla (59) se zat\u00edm o\u010dkovat nenech\u00e1!"},"content":{"rendered":"<div id=\"fb-root\"><\/div>\n<p>\u201cNa\u0161e vakc\u00edny proti koronaviru\u00a0<strong>sice nejsou testovan\u00e9 ani prov\u011b\u0159en\u00e9, ale v\u011b\u0159te n\u00e1m, jsou skv\u011bl\u00e9 a bezpe\u010dn\u00e9\u201d, tvrd\u00ed v\u00fdrobci nov\u00fdch experiment\u00e1ln\u00edch koronavirov\u00fdch vakc\u00edn<\/strong>. Propaguj\u00ed je politici \u201co\u010dkov\u00e1n\u00edm na ve\u0159ejnosti\u201d (jen nev\u00edme, \u010d\u00edm se nechali nao\u010dkovat), media (kdo je vlastn\u00ed?), \u201codborn\u00edci\u201d (v\u011bt\u0161ina z nich bere ob\u0159\u00ed \u00faplatky od z\u00e1padn\u00edch farmaceutick\u00fdch firem).<\/p>\n<p>Nejv\u00edce pozornosti je v\u011bnov\u00e1no<strong>\u00a0zcela nov\u00e9m typu vakc\u00edn od firmy Pfizer<\/strong>\u00a0(vyrobeno ve spolupr\u00e1ci s tureck\u00fdm man\u017eelsk\u00fdm p\u00e1rem vlastn\u00edc\u00edm firmu Biontech). tak pr\u00fd je nejlep\u0161\u00ed a nejbezpe\u010dn\u011bj\u0161\u00ed.<\/p>\n<p>Je proto s podivem, \u017ee\u00a0<strong>jej\u00ed gener\u00e1ln\u00ed \u0159editel dr. A. Bourla se s\u00e1m je\u0161t\u011b tou skv\u011blou a bezpe\u010dnou vakc\u00ednou o\u010dkovat nenechal! Jak prohl\u00e1sil v\u00a0<a href=\"https:\/\/ceskavec.com\/wp-admin\/post.php?post=10916&amp;action=edit\">on line rozhovoru<\/a>, pr\u00fd nechce \u201cp\u0159edb\u00edhat\u201d<\/strong>.\u00a0<a href=\"https:\/\/en.wikipedia.org\/wiki\/Albert_Bourla\">Dr. Bourla<\/a>\u00a0je\u00a0<strong>v\u016fbec zaj\u00edmav\u00e1 postava, na ve\u0159ejnosti je prezentov\u00e1n jeho titul Dr. jen se ne\u0159\u00edk\u00e1, \u017ee je to dr. veterin\u00e1\u0159e.\u00a0<\/strong>S\u00e1m je \u017eidovsk\u00e9ho p\u016fvodu a narodil se v \u0158ecku.<\/p>\n<p>Jin\u00fdmi slovy,\u00a0<strong>vakc\u00ednu Pfizer naivn\u00edmu vypla\u0161en\u00e9mu korona hysterikovi vyrob\u00ed a prod\u00e1 veterin\u00e1\u0159. Ono je to p\u0159\u00edzna\u010dn\u00e9, v\u017edy\u0165 vakc\u00edna nebyly p\u0159ed t\u00edm nijak laboratorn\u011b testov\u00e1na a testuje se na \u017eivo rovnou na lidech. S t\u00edm p\u0159ece maj\u00ed veterin\u00e1\u0159i sv\u00e9 zku\u0161enosti.<\/strong><\/p>\n<p><a href=\"https:\/\/ceskavec.com\/2021\/05\/generalni-reditel-vyrobce-korona-vakcin-pfizer-a-bourla-59-se-zatim-ockovat-nenecha\">v\u011bd\u00e1tor<\/a><\/p>\n<p>&nbsp;<\/p>\n","protected":false},"excerpt":{"rendered":"<p>\u201cNa\u0161e vakc\u00edny proti koronaviru\u00a0sice nejsou testovan\u00e9 ani prov\u011b\u0159en\u00e9, ale v\u011b\u0159te n\u00e1m, jsou skv\u011bl\u00e9 a bezpe\u010dn\u00e9\u201d,&#8230;<\/p>\n","protected":false},"author":2,"featured_media":361,"comment_status":"closed","ping_status":"closed","sticky":false,"template":"","format":"standard","meta":[],"categories":[7],"tags":[219,315,46,21],"_links":{"self":[{"href":"https:\/\/www.infokuryr.cz\/n\/wp-json\/wp\/v2\/posts\/1574"}],"collection":[{"href":"https:\/\/www.infokuryr.cz\/n\/wp-json\/wp\/v2\/posts"}],"about":[{"href":"https:\/\/www.infokuryr.cz\/n\/wp-json\/wp\/v2\/types\/post"}],"author":[{"embeddable":true,"href":"https:\/\/www.infokuryr.cz\/n\/wp-json\/wp\/v2\/users\/2"}],"replies":[{"embeddable":true,"href":"https:\/\/www.infokuryr.cz\/n\/wp-json\/wp\/v2\/comments?post=1574"}],"version-history":[{"count":0,"href":"https:\/\/www.infokuryr.cz\/n\/wp-json\/wp\/v2\/posts\/1574\/revisions"}],"wp:featuredmedia":[{"embeddable":true,"href":"https:\/\/www.infokuryr.cz\/n\/wp-json\/wp\/v2\/media\/361"}],"wp:attachment":[{"href":"https:\/\/www.infokuryr.cz\/n\/wp-json\/wp\/v2\/media?parent=1574"}],"wp:term":[{"taxonomy":"category","embeddable":true,"href":"https:\/\/www.infokuryr.cz\/n\/wp-json\/wp\/v2\/categories?post=1574"},{"taxonomy":"post_tag","embeddable":true,"href":"https:\/\/www.infokuryr.cz\/n\/wp-json\/wp\/v2\/tags?post=1574"}],"curies":[{"name":"wp","href":"https:\/\/api.w.org\/{rel}","templated":true}]}}