{"id":15738,"date":"2022-09-27T05:52:56","date_gmt":"2022-09-27T03:52:56","guid":{"rendered":"http:\/\/www.infokuryr.cz\/n\/?p=15738"},"modified":"2022-09-27T05:52:56","modified_gmt":"2022-09-27T03:52:56","slug":"autenticke-zabery-z-mobilu-zaku-na-skole-v-izevsku-zachycuji-paniku-behem-radeni-neonacistickeho-utocnika","status":"publish","type":"post","link":"https:\/\/www.infokuryr.cz\/n\/2022\/09\/27\/autenticke-zabery-z-mobilu-zaku-na-skole-v-izevsku-zachycuji-paniku-behem-radeni-neonacistickeho-utocnika\/","title":{"rendered":"Autentick\u00e9 z\u00e1b\u011bry z mobil\u016f \u017e\u00e1k\u016f na \u0161kole v I\u017eevsku zachycuj\u00ed paniku b\u011bhem \u0159\u00e1d\u011bn\u00ed neonacistick\u00e9ho \u00fato\u010dn\u00edka"},"content":{"rendered":"<div id=\"fb-root\"><\/div>\n<h4>Autentick\u00e9 z\u00e1b\u011bry z mobil\u016f \u017e\u00e1k\u016f na \u0161kole v I\u017eevsku zachycuj\u00ed paniku b\u011bhem \u0159\u00e1d\u011bn\u00ed neonacistick\u00e9ho \u00fato\u010dn\u00edka, kter\u00fd post\u0159\u00edlel nejm\u00e9n\u011b 15 lid\u00ed, z toho 7 d\u011bt\u00ed! \u00dato\u010dn\u00edkem byl podle informac\u00ed b\u00fdval\u00fd \u017e\u00e1k, kter\u00fd se p\u0159i\u0161el pomst\u00edt! Na rusk\u00fdch m\u00e9di\u00edch se u\u017e vyno\u0159uj\u00ed informace, \u017ee m\u011bl kr\u00e1tce p\u0159ed st\u0159elbou dostat povol\u00e1vac\u00ed rozkaz k mobilizaci! Rovn\u011b\u017e unikla zpr\u00e1va, \u017ee m\u011bl kontakty s ukrajinsk\u00fdmi neonacisty, kte\u0159\u00ed ho naverbovali k proveden\u00ed teroristick\u00e9ho \u010dinu v Rusku! Z\u00e1sobn\u00edky do zbran\u011b m\u011bl pomalovan\u00e9 n\u00e1pisem \u201cNen\u00e1vist\u201d a do \u0161koly nakr\u00e1\u010del s pistol\u00ed a s h\u00e1kov\u00fdm k\u0159\u00ed\u017eem na mikin\u011b!<\/h4>\n<p>Rusk\u00e1 gener\u00e1ln\u00ed prokuratura a jej\u00ed \u00dast\u0159edn\u00ed v\u00fdbor pro vy\u0161et\u0159ov\u00e1n\u00ed se za\u010dal zab\u00fdvat masakrem, ke kter\u00e9mu do\u0161lo v pond\u011bl\u00ed 26. 9. 2022 na \u0161kole \u010d. 88 v I\u017eevsku, kde ozbrojen\u00fd \u00fato\u010dn\u00edk podle posledn\u00edch informac\u00ed post\u0159\u00edlel 15 lid\u00ed, z toho 7 d\u011bt\u00ed a 6 dosp\u011bl\u00fdch\u00a0<strong>[<a href=\"https:\/\/href.li\/?https:\/\/www.rt.com\/russia\/563520-school-shooting-izhevsk-ural\/\" target=\"_blank\" rel=\"nofollow noopener\">1<\/a>]<\/strong>. \u00dato\u010dn\u00edk po sp\u00e1ch\u00e1n\u00ed \u010dinu sp\u00e1chal sebevra\u017edu, v\u011bt\u0161ina \u017e\u00e1k\u016f a u\u010ditel\u016f se schovala nebo p\u0159\u00edpadn\u011b ze \u0161koly utekla.<\/p>\n<p><strong>Podle unikl\u00fdch z\u00e1b\u011br\u016f z internetu m\u011bl st\u0159elec na sob\u011b \u010dern\u00e9 oble\u010den\u00ed, kuklu a na sob\u011b m\u011bl mikinu s \u010derven\u00fdm h\u00e1kov\u00fdm k\u0159\u00ed\u017eem, nakreslen\u00fdm ov\u0161em obr\u00e1cen\u011b<\/strong>\u00a0s konci ramen k\u0159\u00ed\u017ee zalomen\u00fdmi proti sm\u011bru hodinov\u00fdch ru\u010di\u010dek, co\u017e je indick\u00fd symbol \u0161t\u011bst\u00ed. Vyzbrojen byl pistol\u00ed. P\u0159esto\u017ee motiv st\u0159elce je\u0161t\u011b rusk\u00e1 m\u00e9dia nepotvrdila, na rusk\u00fdch soci\u00e1ln\u00edch s\u00edt\u00edch se u\u017e od lid\u00ed z I\u017eevska objevuj\u00ed prvn\u00ed mo\u017en\u00e9 re\u00e1ln\u00e9 obrysy motiv\u016f pachatele. Ji\u017e bylo potvrzeno, \u017ee \u0161lo o b\u00fdval\u00e9ho \u017e\u00e1ka t\u00e9to \u0161koly, ale pr\u016fb\u011bh st\u0159elby byl opravdu d\u011bsiv\u00fd.<\/p>\n<p>&nbsp;<\/p>\n<div id=\"rumble_v1izz15\">\n<div id=\"vid_v1izz15\" class=\"rumble_v1izz15-Rumble-cls\" tabindex=\"-1\">\n<div class=\"bigPlayUI ctp\">\n<div class=\"bigPlayUIInner ctp\"><div class='videoWrapper'>\r\n\t            <iframe src='https:\/\/rumble.com\/embed\/pj.v1izz15\/' frameborder='0' allowfullscreen><\/iframe>\r\n\t        <\/div><\/div>\n<\/div>\n<\/div>\n<\/div>\n<p>&nbsp;<\/p>\n<p>Ozbrojenec toti\u017e na m\u00edst\u011b zast\u0159elil oba bezpe\u010dnostn\u00ed str\u00e1\u017ece ve \u0161kole, kte\u0159\u00ed maj\u00ed \u0161kolu hl\u00eddat pr\u00e1v\u011b p\u0159ed takov\u00fdmi \u00fatoky. P\u0159esto\u017ee unikla ji\u017e informace, \u017ee jde o b\u00fdval\u00e9ho \u017e\u00e1ka \u0161koly, rusk\u00e1 ofici\u00e1ln\u00ed m\u00e9dia st\u00e1le toto\u017enost nepotvrdila, i kdy\u017e jm\u00e9no u\u017e uniklo. Podle zat\u00edm neofici\u00e1ln\u00edch zpr\u00e1v byl \u00fato\u010dn\u00edkem mu\u017e ve v\u011bku lehce p\u0159es 30 let, kter\u00e9ho \u00fa\u0159ady ozna\u010dily jako Ar\u0165oma Kazanceva.<\/p>\n<figure id=\"attachment_53321\" class=\"wp-caption aligncenter\" style=\"width: 480px;\"><a href=\"https:\/\/aeronet.news\/wp-content\/uploads\/IzevskNenavist.jpg\"><img decoding=\"async\" loading=\"lazy\" class=\"wp-image-53321 \" src=\"https:\/\/aeronet.news\/wp-content\/uploads\/IzevskNenavist-768x1024.jpg\" sizes=\"(max-width: 700px) 100vw, 700px\" srcset=\"https:\/\/aeronet.news\/wp-content\/uploads\/IzevskNenavist.jpg 768w, https:\/\/aeronet.news\/wp-content\/uploads\/IzevskNenavist-225x300.jpg 225w, https:\/\/aeronet.news\/wp-content\/uploads\/IzevskNenavist-700x933.jpg 700w, https:\/\/aeronet.news\/wp-content\/uploads\/IzevskNenavist-268x357.jpg 268w, https:\/\/aeronet.news\/wp-content\/uploads\/IzevskNenavist-362x483.jpg 362w\" alt=\"\" width=\"480\" height=\"640\" \/><\/a><figcaption class=\"wp-caption-text\">Z\u00e1sobn\u00edky st\u0159elce s n\u00e1pisy \u201cNen\u00e1vist\u201d<\/figcaption><\/figure>\n<p>Rusk\u00fd Vy\u0161et\u0159ovac\u00ed v\u00fdbor, kter\u00fd se zab\u00fdv\u00e1 z\u00e1va\u017en\u00fdmi trestn\u00fdmi \u010diny, uvedl, \u017ee se zab\u00fdv\u00e1 podez\u0159en\u00edm na pachatelovy vazby na neonacisty. \u201c<em>V sou\u010dasn\u00e9 dob\u011b vy\u0161et\u0159ovatel\u00e9 prov\u00e1d\u011bj\u00ed prohl\u00eddku jeho bydli\u0161t\u011b a zkoumaj\u00ed osobnost \u00fato\u010dn\u00edka, jeho n\u00e1zory a okoln\u00ed prost\u0159ed\u00ed,<\/em>\u201d uvedl v\u00fdbor v prohl\u00e1\u0161en\u00ed. \u201c<em>Prov\u011b\u0159uje se jeho p\u0159\u00edslu\u0161nost k neofa\u0161istick\u00fdm n\u00e1zor\u016fm a nacistick\u00e9 ideologii.<\/em>\u201d Ru\u0161t\u00ed vy\u0161et\u0159ovatel\u00e9 zat\u00edm odm\u00edtli potvrdit nebo vyvr\u00e1tit, jestli Kazancev dostal nebo nedostal povol\u00e1vac\u00ed rozkaz k mobilizaci, co\u017e by mohlo ur\u010dit vod\u00edtko jeho motivu.<\/p>\n<h6><span style=\"font-size: 18pt;\">VIDEO: D\u011bti se skr\u00fdvaly b\u011bhem st\u0159elby, kde se dalo<\/span><\/h6>\n<p>Ka\u017edop\u00e1dn\u011b navle\u010den\u00ed do mikiny s h\u00e1kov\u00fdm k\u0159\u00ed\u017eem a pomalov\u00e1n\u00ed z\u00e1sobn\u00edk\u016f s n\u00e1pisem \u201c<em>Nen\u00e1vist<\/em>\u201d ukazuje sp\u00ed\u0161e na mo\u017enost teroristick\u00e9ho \u010dinu \u0159\u00edzen\u00e9ho z neonacistick\u00e9 sc\u00e9ny, kter\u00e1 je v Rusku v podsv\u011bt\u00ed pom\u011brn\u011b siln\u00e1, ale je mo\u017en\u00e9 uva\u017eovat i o napojen\u00ed na mnohem aktivn\u011bj\u0161\u00ed ukrajinskou neonacistickou sc\u00e9nu.<\/p>\n<p><strong>Stejn\u011b nen\u00ed dosud jasn\u00e9, jestli \u00fato\u010dn\u00edk zanechal n\u011bjak\u00fd manifest, co\u017e je obvykl\u00e9 u takov\u00fdch st\u0159elc\u016f, \u017ee sv\u00e9 \u00fatoky dop\u0159edu pl\u00e1nuj\u00ed a sv\u00fdmi \u010diny cht\u011bj\u00ed zviditelnit n\u011bjak\u00fd obsah<\/strong>, obvykle v podob\u011b manifestu. Situace je opravdu velmi v\u00fdbu\u0161n\u00e1, proto\u017ee rusk\u00e9 org\u00e1ny ur\u010dit\u011b necht\u011bj\u00ed negativn\u00ed publicitu v tom smyslu, \u017ee by se uk\u00e1zalo, \u017ee st\u0159elec byl t\u0159eba mobilizov\u00e1n a necht\u011bl j\u00edt na frontu, a proto se rozhodl pomst\u00edt skrze \u00fatok na b\u00fdvalou \u0161kolu.<\/p>\n<p>&nbsp;<\/p>\n<div id=\"rumble_v1j0g27\">\n<div id=\"vid_v1j0g27\" class=\"rumble_v1j0g27-Rumble-cls\" tabindex=\"-1\">\n<div class=\"bigPlayUI ctp\">\n<div class=\"bigPlayUIInner ctp\"><div class='videoWrapper'>\r\n\t            <iframe src='https:\/\/rumble.com\/embed\/pj.v1j0g27\/' frameborder='0' allowfullscreen><\/iframe>\r\n\t        <\/div><\/div>\n<\/div>\n<\/div>\n<\/div>\n<p>&nbsp;<\/p>\n<p>Ka\u017edop\u00e1dn\u011b neonacistick\u00e9 symboly lze ch\u00e1pat dv\u011bma zp\u016fsoby. Jednak odporem v\u016f\u010di Rusku a v\u00fdvoji po II. sv. v\u00e1lce a rovn\u011b\u017e jako odpor v\u016f\u010di v\u00e1lce na Ukrajin\u011b. Mohl b\u00fdt rovn\u011b\u017e naverbov\u00e1n ukrajinskou tajnou slu\u017ebou k proveden\u00ed tohoto \u00fatoku. A existuje je\u0161t\u011b jedna mo\u017enost. A o t\u00e9 se nyn\u00ed mluv\u00ed na rusk\u00fdch soci\u00e1ln\u00edch s\u00edt\u00edch nejv\u00edce. Rusk\u00e9 a ukrajinsk\u00e9 rodiny jsou neuv\u011b\u0159iteln\u00fdm zp\u016fsobem propleteny a propojeny. A dokonce i rusk\u00e1 FSB n\u011bkolikr\u00e1t varovala, \u017ee rusk\u00e1 speci\u00e1ln\u00ed vojensk\u00e1 operace na Ukrajin\u011b by mohla v\u00e9st k dom\u00e1c\u00edmu terorismu ze strany t\u011bch Rus\u016f, kte\u0159\u00ed p\u0159ijdou na Ukrajin\u011b o bl\u00edzk\u00e9ho p\u0159\u00edbuzn\u00e9ho, kter\u00fd padl na ukrajinsk\u00e9 stran\u011b v \u0159ad\u00e1ch ukrajinsk\u00e9 arm\u00e1dy.<\/p>\n<h6><span style=\"font-size: 18pt;\">V Rusku se tajn\u00e9 slu\u017eby boj\u00ed \u010dasovan\u00e9 bomby v podob\u011b d\u016fsledk\u016f rusko-ukrajinsk\u00fdch p\u0159\u00edbuzensk\u00fdch svazk\u016f, kter\u00fdch jsou v Rusku miliony<\/span><\/h6>\n<p>Mezi Ruskem a Ukrajinou jsou miliony a miliony p\u0159\u00edbuzensk\u00fdch svazk\u016f a nen\u00ed vylou\u010deno, \u017ee kdy\u017e Rusk\u00e1 arm\u00e1da n\u011bkomu zast\u0159eli str\u00fdce, bratra, \u0161vagra nebo tch\u00e1na na Ukrajin\u011b v \u0159ad\u00e1ch ukrajinsk\u00e9 arm\u00e1dy, \u017ee to m\u016f\u017ee n\u011bkter\u00e9ho Rusa opravdu radikalizovat a po\u0159\u00e1dn\u011b na\u0161tvat.\u00a0<strong>Ch\u00e1pete u\u017e, pro\u010d Rusk\u00e1 arm\u00e1da 7 m\u011bs\u00edc\u016f postupuje na Ukrajin\u011b tak pomalu, tak opatrn\u011b a s takov\u00fdm respektem?<\/strong><\/p>\n<p>To nen\u00ed kv\u016fli tomu, \u017ee by Rusk\u00e1 arm\u00e1da neum\u011bla Ukrajince rozml\u00e1tit na cimpr-campr, ale jde o n\u011bco \u00fapln\u011b jin\u00e9ho, na co zapom\u00ednaj\u00ed mnoz\u00ed analytici na soci\u00e1ln\u00edch s\u00edt\u00edch.\u00a0<strong>Jde toti\u017e o hrozbu \u010dasovan\u00e9 bomby milion\u016f p\u0159\u00edbuzensk\u00fdch vazeb mezi Rusy a Ukrajinci!\u00a0<\/strong>N\u00ed\u017ee je video se z\u00e1b\u011bry t\u011bla st\u0159elce. Jen pro siln\u00e9 povahy a \u017ealudky.<\/p>\n<div class=\"wp-video\"><\/div>\n<div class=\"mejs-time mejs-duration-container\"><\/div>\n<div><\/div>\n<div>\n<div style=\"width: 640px;\" class=\"wp-video\"><!--[if lt IE 9]><script>document.createElement('video');<\/script><![endif]-->\n<video class=\"wp-video-shortcode\" id=\"video-15738-1\" width=\"640\" height=\"360\" preload=\"metadata\" controls=\"controls\"><source type=\"video\/mp4\" src=\"http:\/\/www.infokuryr.cz\/n\/wp-content\/uploads\/2022\/09\/IzevskShootingBody.mp4?_=1\" \/><a href=\"http:\/\/www.infokuryr.cz\/n\/wp-content\/uploads\/2022\/09\/IzevskShootingBody.mp4\">http:\/\/www.infokuryr.cz\/n\/wp-content\/uploads\/2022\/09\/IzevskShootingBody.mp4<\/a><\/video><\/div>\n<\/div>\n<div class=\"wp-video\">\n<div id=\"mep_0\" class=\"mejs-container mejs-container-keyboard-inactive wp-video-shortcode mejs-video\" tabindex=\"0\" role=\"application\" aria-label=\"Video p\u0159ehr\u00e1va\u010d\">\n<div class=\"mejs-inner\">\n<div class=\"mejs-controls\">\n<div class=\"mejs-button mejs-volume-button mejs-mute\"><\/div>\n<div class=\"mejs-button mejs-fullscreen-button\"><\/div>\n<\/div>\n<\/div>\n<\/div>\n<\/div>\n<p>Kdy\u017e Rusk\u00e1 arm\u00e1da to za\u010dne na Ukrajin\u011b mydlit hlava nehlava, bude v Rusku hrozit propuknut\u00ed n\u00e1sil\u00ed a terorismu, proto\u017ee Rusov\u00e9 se budou Kremlu mst\u00edt za zab\u00edjen\u00ed sv\u00fdch bl\u00edzk\u00fdch v rodin\u011b, jejich ukrajinsk\u00fdch p\u0159\u00edbuzn\u00fdch, ch\u00e1pete? Pr\u00e1v\u011b proto Rusk\u00e1 arm\u00e1da postupuje a i nad\u00e1le bude postupovat tak pomalu a chirurgicky, ne z n\u011bjak\u00e9ho milosrdenstv\u00ed k Ukrajinc\u016fm, ale z pudu sebez\u00e1chovy, aby v Rusku nepropukly odvety za zab\u00edjen\u00ed jejich ukrajinsk\u00fdch p\u0159\u00edbuzn\u00fdch na front\u011b v obrovsk\u00fdch po\u010dtech. A p\u0159itom vyhnout se tomu ned\u00e1, ale d\u00e1 se to mana\u017eovat, aby ty objemy zabit\u00fdch Ukrajinc\u016f s p\u0159\u00edbuzensk\u00fdmi svazky na Rusko nebyly p\u0159\u00edli\u0161 po\u010detn\u00e9.<\/p>\n<h6><span style=\"font-size: 18pt;\">\u010c\u00edm v\u00edce Ukrajinc\u016f bude um\u00edrat, t\u00edm v\u011bt\u0161\u00ed hrozba vypuknut\u00ed nepokoj\u016f ze strany jejich rusk\u00fdch p\u0159\u00edbuzn\u00fdch bude v Rusku hrozit<\/span><\/h6>\n<p>Jen\u017ee spolu s t\u00edm, jak se v\u00e1lka bude prodlu\u017eovat, Ukrajinc\u016f s rusk\u00fdmi p\u0159\u00edbuzn\u00fdmi bude na Ukrajin\u011b um\u00edrat v\u00edce a v\u00edce a\u00a0<strong>s t\u00edm bude vzr\u016fstat hrozba vypuknut\u00ed nepokoj\u016f v Rusku u t\u011bch Rus\u016f, kter\u00fdm de facto Rusk\u00e1 arm\u00e1da na Ukrajin\u011b zab\u00edj\u00ed jejich p\u0159\u00edbuzn\u00e9.<\/strong>\u00a0A v\u016fbec bych se nedivil, \u017ee v p\u0159\u00edpad\u011b tohoto masakru v I\u017eovsku se m\u016f\u017eeme do\u010dkat n\u011bjak\u00fdch p\u0159\u00edbuzensk\u00fdch vazeb na Ukrajinu.<\/p>\n<p>Minim\u00e1ln\u011b v t\u00e9 rovin\u011b, \u017ee na Ukrajin\u011b byl t\u0159eba p\u0159\u00edbuzn\u00fd n\u00e1cek z Azovu a st\u0159elec na \u0161kole byl pro zm\u011bnu rusk\u00fd n\u00e1cek z n\u011bjak\u00e9 m\u00edstn\u00ed neonacistick\u00e9 podzemn\u00ed bu\u0148ky. Ameri\u010dan\u00e9 usp\u011bli v tom smyslu, kdy\u017e po\u0161tvali do v\u00e1lky na Ukrajin\u011b proti sob\u011b dva n\u00e1rody, kter\u00e9 jsou natolik propleten\u00e9 a p\u0159\u00edbuzensky propojen\u00e9 v d\u016fsledku historick\u00e9 role Sov\u011btsk\u00e9ho svazu. Kyjev propadl v roce 2014 nacifikaci, nacist\u00e9 se ujali moci a sta\u010dilo 8 let a je z toho v\u00e1lka na Ukrajin\u011b.<\/p>\n<figure id=\"attachment_53320\" class=\"wp-caption aligncenter\" style=\"width: 684px;\"><a href=\"https:\/\/aeronet.news\/wp-content\/uploads\/IzevskGun.jpg\"><img decoding=\"async\" loading=\"lazy\" class=\"wp-image-53320 \" src=\"https:\/\/aeronet.news\/wp-content\/uploads\/IzevskGun-1024x768.jpg\" sizes=\"(max-width: 700px) 100vw, 700px\" srcset=\"https:\/\/aeronet.news\/wp-content\/uploads\/IzevskGun.jpg 1024w, https:\/\/aeronet.news\/wp-content\/uploads\/IzevskGun-300x225.jpg 300w, https:\/\/aeronet.news\/wp-content\/uploads\/IzevskGun-768x576.jpg 768w, https:\/\/aeronet.news\/wp-content\/uploads\/IzevskGun-700x525.jpg 700w, https:\/\/aeronet.news\/wp-content\/uploads\/IzevskGun-476x357.jpg 476w, https:\/\/aeronet.news\/wp-content\/uploads\/IzevskGun-644x483.jpg 644w\" alt=\"\" width=\"684\" height=\"513\" \/><\/a><figcaption class=\"wp-caption-text\">St\u0159elcova pistole<\/figcaption><\/figure>\n<p>Na toto mus\u00ed pamatovat v\u0161echny zem\u011b v Evrop\u011b, \u017ee\u00a0<strong>nechat se Ameri\u010dany vehnat do nep\u0159\u00e1telstv\u00ed s jakoukoliv t\u0159et\u00ed zem\u00ed, na kterou Ameri\u010dan\u00e9 uk\u00e1\u017e\u00ed, a\u0165 u\u017e je to Rusko, nebo \u010c\u00edna, nebo \u00cdr\u00e1n, nebo jak\u00e1koliv jin\u00e1 zem\u011b, tak je to pro takovou evropskou zemi cesta do pekel.<\/strong>\u00a0Lid\u00e9 m\u011bli levn\u00fd plyn, levnou elekt\u0159inu a levnou ropu d\u00edky Rusku. Sta\u010dilo 8 let a Ameri\u010dan\u00e9 nacifikovali v\u011bt\u0161inu zem\u00ed Evropy k takov\u00e9 rusofobii, ze kter\u00e9 se nejen taj\u00ed dech, ale dokonce si evropsk\u00e9 zem\u011b samy tou rusofobi\u00ed likviduj\u00ed nejen energetickou, ale i ekonomickou a n\u00e1sledn\u011b politickou stabilitu. Tou nen\u00e1vist\u00ed v\u0161ak Evropa zlikviduje nikoliv Rusko, ale sama sebe. Je to jen ot\u00e1zkou \u010dasu a prvn\u00edho drsn\u00e9ho st\u0159etu s realitou po n\u00e1razu obyvatelstva Evropy obli\u010dejem na dno pr\u00e1zdn\u00e9ho n\u00e1kupn\u00edho voz\u00edku.<\/p>\n<p>-VK- \u0160\u00e9fredaktor AE News<\/p>\n<p><a href=\"https:\/\/aeronet.news\/video-autenticke-zabery-z-mobilu-zaku-na-skole-v-izevsku-zachycuji-paniku-behem-radeni-neonacistickeho-utocnika-ktery-postrilel-nejmene-15-lidi-z-toho-7-deti-utocnikem-byl-podle-informaci\/\">ZDROJ<\/a><\/p>\n<p>&nbsp;<\/p>\n","protected":false},"excerpt":{"rendered":"<p>Autentick\u00e9 z\u00e1b\u011bry z mobil\u016f \u017e\u00e1k\u016f na \u0161kole v I\u017eevsku zachycuj\u00ed paniku b\u011bhem \u0159\u00e1d\u011bn\u00ed neonacistick\u00e9ho \u00fato\u010dn\u00edka,&#8230;<\/p>\n","protected":false},"author":2,"featured_media":15740,"comment_status":"closed","ping_status":"closed","sticky":false,"template":"","format":"standard","meta":[],"categories":[7],"tags":[245,29,22,94,723],"_links":{"self":[{"href":"https:\/\/www.infokuryr.cz\/n\/wp-json\/wp\/v2\/posts\/15738"}],"collection":[{"href":"https:\/\/www.infokuryr.cz\/n\/wp-json\/wp\/v2\/posts"}],"about":[{"href":"https:\/\/www.infokuryr.cz\/n\/wp-json\/wp\/v2\/types\/post"}],"author":[{"embeddable":true,"href":"https:\/\/www.infokuryr.cz\/n\/wp-json\/wp\/v2\/users\/2"}],"replies":[{"embeddable":true,"href":"https:\/\/www.infokuryr.cz\/n\/wp-json\/wp\/v2\/comments?post=15738"}],"version-history":[{"count":0,"href":"https:\/\/www.infokuryr.cz\/n\/wp-json\/wp\/v2\/posts\/15738\/revisions"}],"wp:featuredmedia":[{"embeddable":true,"href":"https:\/\/www.infokuryr.cz\/n\/wp-json\/wp\/v2\/media\/15740"}],"wp:attachment":[{"href":"https:\/\/www.infokuryr.cz\/n\/wp-json\/wp\/v2\/media?parent=15738"}],"wp:term":[{"taxonomy":"category","embeddable":true,"href":"https:\/\/www.infokuryr.cz\/n\/wp-json\/wp\/v2\/categories?post=15738"},{"taxonomy":"post_tag","embeddable":true,"href":"https:\/\/www.infokuryr.cz\/n\/wp-json\/wp\/v2\/tags?post=15738"}],"curies":[{"name":"wp","href":"https:\/\/api.w.org\/{rel}","templated":true}]}}