{"id":1572,"date":"2021-05-11T03:55:59","date_gmt":"2021-05-11T01:55:59","guid":{"rendered":"http:\/\/www.infokuryr.cz\/n\/?p=1572"},"modified":"2021-05-11T03:55:59","modified_gmt":"2021-05-11T01:55:59","slug":"nemecti-katolicti-knezi-zacali-zehnat-homosexualnim-parum-bible-jako-snuska-zidovskych-bachorek","status":"publish","type":"post","link":"https:\/\/www.infokuryr.cz\/n\/2021\/05\/11\/nemecti-katolicti-knezi-zacali-zehnat-homosexualnim-parum-bible-jako-snuska-zidovskych-bachorek\/","title":{"rendered":"N\u011bme\u010dt\u00ed katoli\u010dt\u00ed kn\u011b\u017e\u00ed za\u010dali \u017eehnat homosexu\u00e1ln\u00edm p\u00e1r\u016fm! Bible jako sn\u016f\u0161ka \u017eidovsk\u00fdch b\u00e1chorek?"},"content":{"rendered":"<div id=\"fb-root\"><\/div>\n<p><strong>Homosexu\u00e1ln\u00ed p\u00e1ry mohou od 10. kv\u011btna 2021 p\u0159ijmout\u00a0<a href=\"https:\/\/ceskavec.com\/wp-admin\/post.php?post=10923&amp;action=edit\">po\u017eehn\u00e1n\u00ed<\/a>\u00a0od katolick\u00fdch duchovn\u00edch ve 100 kostelech po cel\u00e9m N\u011bmecku v r\u00e1mci \u201c\u017eehnaj\u00edc\u00edch bohoslu\u017eeb pro miluj\u00edc\u00ed se\u201d\u00a0<\/strong>(Segensgottesdienste f\u00fcr Liebende).\u00a0<strong>Podle participuj\u00edc\u00edch duchovn\u00edch je odm\u00edt\u00e1n\u00ed po\u017eehn\u00e1n\u00ed homosexu\u00e1ln\u00edch p\u00e1r\u016f proti bo\u017e\u00ed l\u00e1sce.<\/strong>\u00a0Jedn\u00e1 se se o reakci aktivistick\u00fdch kn\u011b\u017e\u00ed a neziskovek na prozat\u00edmn\u00ed nesouhlas s podobnou kn\u011b\u017eskou prax\u00ed ze strany vatik\u00e1nsk\u00e9 kongregace pro ot\u00e1zky v\u00edry, kter\u00e1 podobn\u00e9 jedn\u00e1n\u00ed kn\u011b\u017e\u00edm zakazuje.<\/p>\n<p>Aktivitu vedle asi 100 kn\u011b\u017e\u00ed podporuj\u00ed rovn\u011b\u017e t\u0159eba organizace pro reformu c\u00edrkve \u201cMaria 2.0\u201d.<\/p>\n<p>Z<strong>\u00a0veden\u00ed n\u011bmeck\u00e9 katolick\u00e9 c\u00edrkve se zat\u00edm \u017e\u00e1dn\u00e1 kritika neozvala. Nen\u00ed divu, kdy\u017e se n\u011bmeck\u00fd kardin\u00e1l jmenuje R. Marx a \u00fadajn\u011b se jedn\u00e1 o p\u0159\u00edbuzn\u00e9ho K. Marxe.<\/strong><\/p>\n<p>Nesm\u011bl\u00fd v\u011b\u0159\u00edc\u00ed by asi nam\u00edtl, \u017ee homosexualita je p\u0159\u00edmo zapov\u011bzena v bibli a jedn\u00e1 se o smrteln\u00fd h\u0159\u00edch.\u00a0<strong>Jen\u017ee pro v\u011bt\u0161inu sou\u010dasn\u00e9 katolick\u00e9 hierarchie je bible jen sn\u016f\u0161ka star\u00fdch \u017eidovsk\u00fdch b\u00e1chorek a v boha v\u011b\u0159\u00ed p\u0159ece dneska jen bl\u00e1zen a zp\u00e1te\u010dn\u00edk!<\/strong><\/p>\n<p>Nen\u00ed mnoho perverz\u00ed, kter\u00e9 by dnes n\u011bmeck\u00e1 katolick\u00e1 c\u00edrkev nepodporovala. Nam\u00e1tkou homoagendai, muslimsk\u00e1 imigrace, islamizace zem\u011b, transgenderov\u00e1 agenda atd.<\/p>\n<p><a href=\"https:\/\/ceskavec.com\/2021\/05\/nemecti-katolicti-knezi-zacali-zehnat-homosexualnim-parum-bible-jako-snuska-zidovskych-bachorek\">Milan v N\u011bmecku<\/a><\/p>\n<p>&nbsp;<\/p>\n","protected":false},"excerpt":{"rendered":"<p>Homosexu\u00e1ln\u00ed p\u00e1ry mohou od 10. kv\u011btna 2021 p\u0159ijmout\u00a0po\u017eehn\u00e1n\u00ed\u00a0od katolick\u00fdch duchovn\u00edch ve 100 kostelech po cel\u00e9m&#8230;<\/p>\n","protected":false},"author":2,"featured_media":1573,"comment_status":"closed","ping_status":"closed","sticky":false,"template":"","format":"standard","meta":[],"categories":[7],"tags":[43,241,314],"_links":{"self":[{"href":"https:\/\/www.infokuryr.cz\/n\/wp-json\/wp\/v2\/posts\/1572"}],"collection":[{"href":"https:\/\/www.infokuryr.cz\/n\/wp-json\/wp\/v2\/posts"}],"about":[{"href":"https:\/\/www.infokuryr.cz\/n\/wp-json\/wp\/v2\/types\/post"}],"author":[{"embeddable":true,"href":"https:\/\/www.infokuryr.cz\/n\/wp-json\/wp\/v2\/users\/2"}],"replies":[{"embeddable":true,"href":"https:\/\/www.infokuryr.cz\/n\/wp-json\/wp\/v2\/comments?post=1572"}],"version-history":[{"count":0,"href":"https:\/\/www.infokuryr.cz\/n\/wp-json\/wp\/v2\/posts\/1572\/revisions"}],"wp:featuredmedia":[{"embeddable":true,"href":"https:\/\/www.infokuryr.cz\/n\/wp-json\/wp\/v2\/media\/1573"}],"wp:attachment":[{"href":"https:\/\/www.infokuryr.cz\/n\/wp-json\/wp\/v2\/media?parent=1572"}],"wp:term":[{"taxonomy":"category","embeddable":true,"href":"https:\/\/www.infokuryr.cz\/n\/wp-json\/wp\/v2\/categories?post=1572"},{"taxonomy":"post_tag","embeddable":true,"href":"https:\/\/www.infokuryr.cz\/n\/wp-json\/wp\/v2\/tags?post=1572"}],"curies":[{"name":"wp","href":"https:\/\/api.w.org\/{rel}","templated":true}]}}