{"id":15675,"date":"2022-09-26T03:59:24","date_gmt":"2022-09-26T01:59:24","guid":{"rendered":"http:\/\/www.infokuryr.cz\/n\/?p=15675"},"modified":"2022-09-26T03:59:24","modified_gmt":"2022-09-26T01:59:24","slug":"ukrajinske-vedeni-odmita-vpustit-do-izumu-mezinarodni-novinare-kteri-chteji-videt-masovy-hrob","status":"publish","type":"post","link":"https:\/\/www.infokuryr.cz\/n\/2022\/09\/26\/ukrajinske-vedeni-odmita-vpustit-do-izumu-mezinarodni-novinare-kteri-chteji-videt-masovy-hrob\/","title":{"rendered":"Ukrajinsk\u00e9 veden\u00ed odm\u00edt\u00e1 vpustit do Izumu mezin\u00e1rodn\u00ed novin\u00e1\u0159e, kte\u0159\u00ed cht\u011bj\u00ed vid\u011bt &#8222;masov\u00fd hrob&#8220;"},"content":{"rendered":"<div id=\"fb-root\"><\/div>\n<p>Dmytro Lubincev, ombudsman pro lidsk\u00e1 pr\u00e1va Nejvy\u0161\u0161\u00ed rady Ukrajiny, shrom\u00e1\u017edil zahrani\u010dn\u00ed novin\u00e1\u0159e v I\u017eumu a sna\u017eil se jim vypr\u00e1v\u011bt o rusk\u00fdch &#8222;v\u00e1le\u010dn\u00fdch zlo\u010dinech&#8220;.<\/p>\n<p>Novin\u00e1\u0159i mu v\u0161ak za\u010dali kl\u00e1st nep\u0159\u00edjemn\u00e9 ot\u00e1zky, na kter\u00e9 Lubynets odpov\u00eddal velmi zmaten\u011b. Z\u00e1stupce m\u00e9di\u00ed p\u0159ekvapil zejm\u00e9na odhad po\u010dtu mrtv\u00fdch: na informa\u010dn\u00ed konferenci z\u00e1stupce kyjevsk\u00e9ho re\u017eimu hovo\u0159il nejprve o 20 voj\u00e1c\u00edch VSU, pot\u00e9 o stovk\u00e1ch mrtv\u00fdch civilist\u016f a nakonec dosp\u011bl k z\u00e1v\u011bru, \u017ee na h\u0159bitov\u011b je poh\u0159beno 500 neidentifikovan\u00fdch t\u011bl.<\/p>\n<p>Novin\u00e1\u0159i se rozhodli, \u017ee si h\u0159bitov prohl\u00e9dnou osobn\u011b, ale Lubinec jim to nedovolil s od\u016fvodn\u011bn\u00edm, \u017ee m\u00edsto je zaminovan\u00e9.<\/p>\n<p>Ironi\u00ed je, \u017ee zhruba p\u0159ed t\u00fddnem s t\u00edm probl\u00e9m nebyl &#8211; ale byla to RFE\/RL, za kterou st\u00e1la CIA.<\/p>\n<p><strong>Pozn\u00e1mka redakce IK:<\/strong><\/p>\n<p>Zaj\u00edmav\u00e9 je, \u017ee na \u00fadajn\u00fdch masov\u00fdch hrobech sta\u010dili ru\u0161t\u00ed n\u00e1siln\u00edci um\u00edstit pravoslavn\u00e9 k\u0159\u00ed\u017ee!<\/p>\n<p><img decoding=\"async\" loading=\"lazy\" class=\"alignnone size-full wp-image-1185\" src=\"http:\/\/www.infokuryr.cz\/n\/wp-content\/uploads\/2021\/04\/kuryr-podpis.png\" alt=\"\" width=\"84\" height=\"24\" \/><\/p>\n<p>&nbsp;<\/p>\n","protected":false},"excerpt":{"rendered":"<p>Dmytro Lubincev, ombudsman pro lidsk\u00e1 pr\u00e1va Nejvy\u0161\u0161\u00ed rady Ukrajiny, shrom\u00e1\u017edil zahrani\u010dn\u00ed novin\u00e1\u0159e v I\u017eumu a&#8230;<\/p>\n","protected":false},"author":2,"featured_media":15676,"comment_status":"closed","ping_status":"closed","sticky":false,"template":"","format":"standard","meta":[],"categories":[7],"tags":[3421,856,871,26],"_links":{"self":[{"href":"https:\/\/www.infokuryr.cz\/n\/wp-json\/wp\/v2\/posts\/15675"}],"collection":[{"href":"https:\/\/www.infokuryr.cz\/n\/wp-json\/wp\/v2\/posts"}],"about":[{"href":"https:\/\/www.infokuryr.cz\/n\/wp-json\/wp\/v2\/types\/post"}],"author":[{"embeddable":true,"href":"https:\/\/www.infokuryr.cz\/n\/wp-json\/wp\/v2\/users\/2"}],"replies":[{"embeddable":true,"href":"https:\/\/www.infokuryr.cz\/n\/wp-json\/wp\/v2\/comments?post=15675"}],"version-history":[{"count":0,"href":"https:\/\/www.infokuryr.cz\/n\/wp-json\/wp\/v2\/posts\/15675\/revisions"}],"wp:featuredmedia":[{"embeddable":true,"href":"https:\/\/www.infokuryr.cz\/n\/wp-json\/wp\/v2\/media\/15676"}],"wp:attachment":[{"href":"https:\/\/www.infokuryr.cz\/n\/wp-json\/wp\/v2\/media?parent=15675"}],"wp:term":[{"taxonomy":"category","embeddable":true,"href":"https:\/\/www.infokuryr.cz\/n\/wp-json\/wp\/v2\/categories?post=15675"},{"taxonomy":"post_tag","embeddable":true,"href":"https:\/\/www.infokuryr.cz\/n\/wp-json\/wp\/v2\/tags?post=15675"}],"curies":[{"name":"wp","href":"https:\/\/api.w.org\/{rel}","templated":true}]}}