{"id":15671,"date":"2022-09-26T03:27:49","date_gmt":"2022-09-26T01:27:49","guid":{"rendered":"http:\/\/www.infokuryr.cz\/n\/?p=15671"},"modified":"2022-09-26T03:27:49","modified_gmt":"2022-09-26T01:27:49","slug":"nedelnik-adama-b-bartose-103-podekovani-nasim-volicum","status":"publish","type":"post","link":"https:\/\/www.infokuryr.cz\/n\/2022\/09\/26\/nedelnik-adama-b-bartose-103-podekovani-nasim-volicum\/","title":{"rendered":"NED\u011aLN\u00cdK ADAMA B. BARTO\u0160E (103) POD\u011aKOV\u00c1N\u00cd NA\u0160IM VOLI\u010c\u016eM"},"content":{"rendered":"<div id=\"fb-root\"><\/div>\n<p>Zdrav\u00edm v\u00e1s u sv\u00e9ho dal\u0161\u00edho ned\u011bln\u00edku. Asi mi dnes nezbude, ne\u017e se v\u011bnovat volb\u00e1m, proto\u017ee dopadly \u0161patn\u011b (kdyby dopadly dob\u0159e, mohli bychom se v\u011bnovat jin\u00fdm t\u00e9mat\u016fm). Ov\u0161em nedopadly \u0161patn\u011b pro n\u00e1s \u2013 N\u00e1rodn\u00ed demokracii, kter\u00e1 vytvo\u0159ila v Praze spole\u010dnou kandid\u00e1tku s ANS. N\u00e1\u0161 v\u00fdsledek byl historicky nejlep\u0161\u00ed a i celkov\u011b \u2013 v porovn\u00e1n\u00ed s ostatn\u00edmi \u2013 jsme si vedli dob\u0159e. Pat\u0159\u00ed proto d\u00edk v\u00e1s v\u0161em, kte\u0159\u00ed jste n\u00e1m s t\u00edm pomohli \u2013 kandid\u00e1t\u016fm, \u017ee souhlasili s t\u00edm, \u017ee se na kandid\u00e1tku nechaj\u00ed napsat, na\u0161emu l\u00eddrovi Pavlu Oplovi za sv\u00e9 pravideln\u00e9 p\u0159\u00edsp\u011bvky na facebooku, kter\u00fdmi voli\u010de motivoval a pak samoz\u0159ejm\u011b v\u0161em t\u011bm, kte\u0159\u00ed jste n\u00e1m v Praze sv\u00e9 hlasy dali. Velmi si toho v\u00e1\u017e\u00edm.<span id=\"more-13217\"><\/span><\/p>\n<p>Ne\u017e se do mne na\u0161i nep\u0159\u00e1tel\u00e9 pust\u00ed, \u017ee si vym\u00fd\u0161l\u00edm a \u017ee nen\u00ed co k slaven\u00ed, vysv\u011btl\u00edm, pro\u010d jsem s na\u0161\u00edm volebn\u00edm v\u00fdsledkem v Praze nadm\u00edru spokojen:<\/p>\n<p><span style=\"font-size: 14pt;\"><strong>1)<\/strong> <\/span>V Praze kandidovalo 22 stran, my skon\u010dili jako jeden\u00e1ct\u00ed. P\u0159ed n\u00e1mi byly samoz\u0159ejm\u011b velk\u00e9 a zaveden\u00e9 strany a pak u\u017e jen Svobodn\u00ed (ale ti maj\u00ed podobn\u00fd v\u00fdsledek stabiln\u011b) a \u201emotorist\u00e9\u201c. Za n\u00e1mi naopak skon\u010dily strany jako P\u0159\u00edsaha s Patrioty, Volfov\u00e9 Domov s Hannigov\u00fdmi Rozumn\u00fdmi (\u0161koda, \u017ee \u0161li vlastn\u00ed cestou), miliard\u00e1\u0159 Sehnal a dal\u0161\u00ed (Soukromn\u00edci apod.) Trikol\u00f3ra a PES se schovali za SPD, co\u017e jim samoz\u0159ejm\u011b pomohlo v tom, \u017ee mohou na v\u00fdsledku SPD parazitovat, ale nepomohlo to jim samotn\u00fdm, vlastn\u011b jim je to k ni\u010demu \u2013 zvolen\u00ed zastupitel\u00e9 jsou t\u0159i, prvn\u00ed dva jsou \u010dlenov\u00e9 SPD, ten t\u0159et\u00ed je bez politick\u00e9 p\u0159\u00edslu\u0161nosti, tak\u017ee nikdo z \u010dlen\u016f Psa \u010di Trikol\u00f3ry se do zastupitelstva v\u00fdtahem zvan\u00fdm SPD nedostal. Nev\u00edm, zda to pan\u00ed Majerov\u00e1 \u010di Jakub Olbert mohou br\u00e1t za \u00fasp\u011bch. Ale ano \u2013 jistou optikou pomohli SPD, aby se do zastupitelstva hl. m. Prahy tato strana dostala, proto\u017ee to bylo t\u011bsn\u011b a bez Trikol\u00f3ry a Psa by se to SPD nepoda\u0159ilo. No tak SPD poslou\u017eili a \u2013 mohou j\u00edt\u2026<\/p>\n<p><span style=\"font-size: 14pt;\"><strong>2)<\/strong><\/span> To my jsme bojovali sami za sebe. A vlastn\u011b jsme ani nebojovali. Schv\u00e1ln\u011b jsme ned\u011blali \u017e\u00e1dnou kampa\u0148 (vyjma toho, co Pavel Opl zve\u0159ej\u0148oval na facebooku). Nechali jsme v\u011bcem voln\u00fd pr\u016fb\u011bh a zkou\u0161eli, jak to dopadne. Nemuseli jsme d\u011blat krkolomn\u00e9 koalice, proto\u017ee ND a ANS jsou p\u0159irozen\u00fdmi partnery, na\u0161e strany jsou nacionalisticky (n\u00e1rodovecky) orientovan\u00e9 a jsou v tomto smyslu na politick\u00e9 sc\u00e9n\u011b jedin\u00e9. Mo\u017en\u00e1 by se k n\u00e1m je\u0161t\u011b hodila DSSS, ale Tom\u00e1\u0161 Vandas zase ud\u011blal chybu, jako p\u0159ed rokem \u2013 SPD mu sl\u00edbilo, \u017ee jejich kandid\u00e1ty vezmou na kandid\u00e1tku, on tomu zase naivn\u011b uv\u011b\u0159il, oni ho opili rohl\u00edkem a t\u011bsn\u011b p\u0159ed volbami mu \u0159ekli nazdar a jemu nezbylo, ne\u017e na posledn\u00ed chv\u00edli nasadit vlastn\u00ed kandid\u00e1tku, jenom\u017ee sehnal pouh\u00fdch 13 lid\u00ed (m\u00edsto pot\u0159ebn\u00fdch 65). Podle toho to dopadlo. P\u0159ed rokem ho takhle obalamutil Voln\u00fd, p\u0159esn\u011b stejn\u011b. Snad Tom\u00e1\u0161ovi m\u016f\u017ee b\u00fdt \u00fat\u011bchou, \u017ee se ale kone\u010dn\u011b probojoval do funkce \u2013 byl zvolen zastupitelem v B\u00edlin\u011b. Gratulujeme, jen mi nen\u00ed jasn\u00e9, jak bude svoji \u00falohu zastupitele zvl\u00e1dat, kdy\u017e v B\u00edlin\u011b ne\u017eije. To tam bude pravideln\u011b z Prahy doj\u00ed\u017ed\u011bt? To nen\u00ed \u00fapln\u011b ide\u00e1ln\u00ed \u0159e\u0161en\u00ed, ale budi\u017e.<\/p>\n<p><span style=\"font-size: 14pt;\"><strong>3)<\/strong><\/span> My jsme se letos soust\u0159edili na komun\u00e1ln\u00ed volby v Praze. Vybrali jsme si tak vlastn\u011b nejt\u011b\u017e\u0161\u00ed boji\u0161t\u011b. V Praze volby vyhr\u00e1vaj\u00ed jen \u0161\u00edlenci z p\u011btidemolice, pir\u00e1ti, levi\u010d\u00e1ci, liber\u00e1lov\u00e9, progresivist\u00e9, prost\u011b v\u0161echna ta odn\u00e1rodn\u011bn\u00e1 pak\u00e1\u017e. A my do t\u011bch voleb \u0161li, ne\u0161li jsme do n\u011bjak\u00e9 B\u00edliny nebo n\u011bkam, kde to je jednoduch\u00e9, my \u0161li do t\u00e9 j\u00e1my lvov\u00e9, rv\u00e1t se s t\u011bmi nejv\u011bt\u0161\u00edmi gaunery. V Praze to jsou vlastn\u011b krajsk\u00e9 volby, je to u\u017e vysok\u00e1 politika, je to n\u011bco jako velk\u00e9 volby. Ned\u011blali jsme \u017e\u00e1dnou kampa\u0148 a p\u0159esto skon\u010dili jeden\u00e1ct\u00ed, co\u017e nen\u00ed v\u016fbec \u0161patn\u00e9.<\/p>\n<p><span style=\"font-size: 14pt;\"><strong>4)<\/strong> <\/span>A te\u010f to hlavn\u00ed \u2013 a nap\u00ed\u0161u to schv\u00e1ln\u011b jako samostatn\u00fd argument. Do kampan\u011b jsme NEDALI ANI KORUNU. Nem\u011bli jsme jedin\u00fd plak\u00e1t, jedin\u00fd billboard, my jsme dokonce nem\u011bli jedin\u00fd let\u00e1k. Ne \u017ee bychom na to nem\u011bli, my to necht\u011bli d\u011blat. My to schv\u00e1ln\u011b zkusili bez toho. Nem\u011bli jsme st\u00e1nek, ned\u011blali kontaktn\u00ed kampa\u0148, my ned\u011blali v\u016fbec \u017e\u00e1dnou kampa\u0148. Nem\u011bli jsme ani placenou kampa\u0148 na soci\u00e1ln\u00edch s\u00edt\u00edch a dokonce n\u00e1\u0161 l\u00eddr ani nechodil do debat, kam byl zv\u00e1n, proto\u017ee jsme v\u011bd\u011bli, \u017ee m\u00e9dia v\u0161echno p\u0159ekrout\u00ed v n\u00e1\u0161 neprosp\u011bch (i v \u017eiv\u00e9m p\u0159enosu) a \u017ee je to vlastn\u011b kontraproduktivn\u00ed. Kolik prach\u016f do kampan\u011b musela nasypat v Praze p\u011btikolka a kolik ANO? Kolik Pir\u00e1ti a kolik st\u00e1nka\u0159i? Kolik \u010ci\u017einsk\u00fd? Kolik SPD, aby se tam kone\u010dn\u011b dostala? Jist\u011b des\u00edtky milion\u016f. Kolik do toho narval zase Sehnal (a p\u0159esto skon\u010dil za n\u00e1mi)? \u201eMotorist\u00e9 sob\u011b\u201c m\u011bli n\u011bco mo\u017en\u00e1 od Klause nebo Kellnerov\u00e9 (proto\u017ee jejich l\u00eddr pracuje v Klausov\u011b institutu). Svobodn\u00ed maj\u00ed pravideln\u00fd p\u0159\u00edsun pen\u011bz a jejich kampan\u011b tak\u00e9 n\u011bco stoj\u00ed. Ne\u017e se n\u011bkdo za\u010dne sm\u00e1t, \u017ee n\u00e1\u0161 v\u00fdsledek op\u011bt za\u010d\u00edn\u00e1 na nulu, a\u0165 si uv\u011bdom\u00ed, \u017ee my t\u011bch 0,88 procent (207 tis\u00edc hlas\u016f v Praze) ud\u011blali za nula korun, nula hal\u00e9\u0159\u016f. Kdybychom m\u011bli billboardy, jsme v zastupitelstvu. V tomto smyslu jsme v\u0161echny porazili na hlavu\u2026<\/p>\n<p><span style=\"font-size: 14pt;\"><strong>5)<\/strong><\/span> Podtr\u017eeno se\u010dteno \u2013 \u0161li jsme do nejt\u011b\u017e\u0161\u00edch voleb bez jak\u00e9koli kampan\u011b. V Praze, kde nacionalistick\u00e1 strana nem\u016f\u017ee nikdy vyhr\u00e1t. Prost\u011b jsme si n\u011bco cht\u011bli ov\u011b\u0159it, vyzkou\u0161et a tyhle volby k tomu byly ide\u00e1ln\u00ed. V tomto kontextu vid\u011bno je n\u00e1\u0161 v\u00fdsledek skv\u011bl\u00fd. Za mne spokojenost a je\u0161t\u011b jednou v\u00e1m v\u0161em d\u011bkuji.<\/p>\n<p>Tady ale spokojenost kon\u010d\u00ed. Celkov\u011b volby dopadly \u0161patn\u011b. Bereme-li ANO jako opozici k p\u011btidemolici, pak n\u011bkoho m\u016f\u017ee t\u011b\u0161it, \u017ee maj\u00ed dost \u017eel\u00edzek v ohni do druh\u00e9ho kola sen\u00e1tn\u00edch voleb \u010di \u017ee vyhr\u00e1li ve v\u0161ech v\u011bt\u0161\u00edch m\u011bstech (vyjma Prahy a Brna). Jen\u017ee druh\u00e9 kolo sen\u00e1tn\u00edch voleb s t\u00edm m\u016f\u017ee zam\u00edchat, stejn\u011b jako mohou vzniknout takov\u00e9 koalice na radnic\u00edch, kter\u00e9 v\u00edt\u011bze obejdou.<\/p>\n<p>SPD pos\u00edlila, ale na pron\u00e1rodn\u00ed procesy to nebude m\u00edt \u017e\u00e1dn\u00fd vliv. O tom, \u017ee SPD je jen p\u0159evle\u010denou \u010cSSD, se toho napsalo mnoho. A nejen \u010cSSD. Nap\u0159\u00edklad na Chomutovsku m\u00edstn\u00ed bu\u0148ku ovl\u00e1dli lid\u00e9 kolem odsouzen\u00e9ho modropt\u00e1ka Alexandra Nov\u00e1ka. Tak\u017ee SPD se skl\u00e1d\u00e1 z b\u00fdval\u00fdch k\u00e1dr\u016f \u010cSSD, ODS a TOP 09. Jej\u00ed \u00fasp\u011bchy tedy nejsou \u00fasp\u011bchy vlastenc\u016f, nato\u017e n\u00e1rodovc\u016f. Tak\u017ee nem\u00e1 smysl toto t\u00e9ma rozeb\u00edrat. A n\u00e1rodovci musej\u00ed pochopit, \u017ee nem\u00e1 smysl pom\u00e1hat SPD.<\/p>\n<p>\u201eObjev t\u00fddne\u201c \u2013 nov\u00e1 strana PRO pana \u201ebudouc\u00edho premi\u00e9ra\u201c Jindry Rajchla m\u011bla kandid\u00e1ty do Sen\u00e1tu, nikdo z nich do druh\u00e9ho kola nepostoupil a ani jsem si nev\u0161iml, \u017ee by to n\u011bkter\u00e9mu z nich uniklo t\u011bsn\u011b. Pokud v\u00edm, v komun\u00e1lu podporovali op\u011bt SPD a Triko\u0161ku. Vlastn\u011b v \u017e\u00e1dn\u00e9m sen\u00e1torsk\u00e9m obvodu nezv\u00edt\u011bzil vlasteneck\u00fd kandid\u00e1t, jejich\u017e seznamy kolovaly mezi vlastenci. Pouze v obvodu Krom\u011b\u0159\u00ed\u017e m\u00e1 \u0161anci na zvolen\u00ed pr\u00e1vni\u010dka Zwyrtek-Hamplov\u00e1. Tak\u017ee ani velk\u00e9 demonstrace nejsou a nemohou b\u00fdt v\u00fdtahem k vytou\u017een\u00fdm k\u0159esl\u016fm.<\/p>\n<p>A to je asi to nejv\u011bt\u0161\u00ed p\u0159ekvapen\u00ed \u2013 i kdy\u017e jak pro koho. O tom, \u017ee ani tentokr\u00e1t lid\u00e9 nebudou volit jinak, jsem psal u\u017e p\u0159ed t\u00fddnem. Lid\u00e9 toti\u017e skute\u010dn\u011b nevolili jinak, oni volili, jako by se nic ned\u011blo. Jakoby tu \u017e\u00e1dn\u00e1 krize nebyla, jako bychom nebyli (kv\u016fli Fialovi) ve v\u00e1lce, jako bychom tu nem\u011bli statis\u00edce \u00fak\u00e1\u010dek, jako kdyby nebyla \u017e\u00e1dn\u00e1 inflace a \u017e\u00e1dn\u00e1 drahota. P\u011btidemolice tyto volby v podstat\u011b ust\u00e1la a byla-li snaha u\u010dinit z voleb referendum o vl\u00e1d\u011b, vl\u00e1da m\u016f\u017ee b\u00fdt spokojen\u00e1. I ti nejv\u011bt\u0161\u00ed \u0161k\u016fdci a vlastizr\u00e1dci sv\u00e1 m\u00edsta obh\u00e1jili, \u010dasto dokonce s p\u0159ehledem. Lid \u017e\u00e1dnou vl\u00e1du nevytrestal. Ani jeden vl\u00e1dn\u00ed \u0161k\u016fdce nebyl pomysln\u011b za\u0159\u00edznut \u010di pomysln\u011b defenestrov\u00e1n. Byla-li mezi vlastenci bojovn\u00e1 n\u00e1lada, umocn\u011bn\u00e1 dobr\u00fdm dojmem z ned\u00e1vn\u00e9 velk\u00e9 demonstrace, uk\u00e1zalo se, \u017ee to byla jen chim\u00e9ra. Lid vlastn\u011b zm\u011bnu nechce, na drahotu sice nad\u00e1v\u00e1 a brbl\u00e1, ale k volb\u00e1m je l\u00edn\u00fd doj\u00edt. A pokud k nim jde, vol\u00ed tak, \u017ee vl\u00e1da se nakonec m\u016f\u017ee c\u00edtit tak, jak se u\u017e nechala sly\u0161et \u2013 \u017ee ten volebn\u00ed v\u00edkend bere jako mand\u00e1t k dal\u0161\u00edmu vl\u00e1dnut\u00ed. To je smutn\u00e9, proto\u017ee vl\u00e1da v p\u0159\u00edm\u00e9m p\u0159enosu likviduje n\u00e1rod a n\u00e1rodu je to \u2013 \u00fapln\u011b \u0161um\u00e1k\u2026<\/p>\n<p>T\u00edm se dost\u00e1v\u00e1me k on\u00e9 velk\u00e9 demonstraci \u010di k demonstrac\u00edm obecn\u011b. Byl jsem k nim (k n\u00ed) skeptick\u00fd, by\u0165 na efekt vypadala p\u016fsobiv\u011b. Jenom\u017ee to, co mno\u017estv\u00edm p\u0159ipom\u00ednalo \u201eListopad\u201c a v mnoha lidech na vlasteneck\u00e9 sc\u00e9n\u011b vzbuzovalo dojem, \u017ee se kone\u010dn\u011b n\u011bco za\u010d\u00edn\u00e1 d\u00edt, se uk\u00e1zalo b\u00fdt optick\u00fdm klamem. Volby uk\u00e1zaly, \u017ee ve skute\u010dnosti je nespokojen\u00fdch, kte\u0159\u00ed by byli sto n\u011bco u\u010dinit, st\u00e1le je\u0161t\u011b m\u00e1lo. A dost mo\u017en\u00e1, \u017ee cel\u00e1 demonstrace mohla b\u00fdt podvodem na n\u00e1s nespokojen\u00fdch. Mo\u017en\u00e1 to bylo v pl\u00e1nu. Trochu p\u0159ed volbami upustit p\u00e1ru. Fiala pak t\u011bsn\u011b p\u0159ed volbami zastropuje ceny (kter\u00e9 p\u0159itom p\u016fl roku zastropovat odm\u00edtal) \u2013 a je vymalov\u00e1no. Volby m\u00e1 vl\u00e1da v kapse a n\u011bjak\u00e9 drobn\u00e9 vedlej\u0161\u00ed ztr\u00e1ty se nepo\u010d\u00edtaj\u00ed. Podtr\u017eeno se\u010dteno \u2013 jedinci se mo\u017en\u00e1 probouzej\u00ed, ale n\u00e1rod tvrd\u011b sp\u00ed\u2026<\/p>\n<p>Pro n\u00e1s, n\u00e1rodovce, to je velk\u00e9 pou\u010den\u00ed. Je\u0161t\u011b po\u0159\u00e1d se lidem da\u0159\u00ed dob\u0159e, museli sice s\u00e1hnout na sv\u00e9 \u00faspory, inflace jim \u017eere pen\u00edze rychlost\u00ed blesku, ale dokud maj\u00ed pr\u00e1ci a v kr\u00e1mech je j\u00eddlo, jsou spokojeni. Jestli n\u011bkdy na alternativ\u011b propad\u00e1me jin\u00fdm dojm\u016fm, je to sp\u00ed\u0161e na\u0161e zbo\u017en\u00e9 p\u0159\u00e1n\u00ed, kter\u00e9 se ale \u2013 bohu\u017eel \u2013 rozch\u00e1z\u00ed s realitou. D\u011blat dal\u0161\u00ed demonstraci nespokojenc\u016f pot\u00e9, co lid spokojen\u011b odm\u011bnil u voleb sv\u00e9 tr\u00fdznitele, by bylo \u010dir\u00fdm \u0161\u00edlenstv\u00edm. Nehled\u011b na to, \u017ee tentokr\u00e1t u\u017e Raku\u0161an po\u0161le t\u011b\u017ekood\u011bnce a vodn\u00ed d\u011bla. Dostal k tomu p\u0159ece mand\u00e1t\u2026<\/p>\n<p>Pro n\u00e1s to tedy znamen\u00e1 to, co u\u017e tady p\u00ed\u0161u rok \u2013 od sn\u011bmovn\u00edch voleb. V\u0161e je prohr\u00e1no, ztraceno, zachra\u0148 se, kdo m\u016f\u017ee\u0161. Soust\u0159e\u010fme se na sv\u00e9 rodiny a jejich p\u0159e\u017eit\u00ed, na krizov\u00e9 pl\u00e1ny, na apokalypsu, kter\u00e1 p\u0159ijde. Proto\u017ee mastn\u00e9 slo\u017eenky od \u010cEZu nemus\u00ed b\u00fdt t\u00edm nejhor\u0161\u00edm. Na Ukrajin\u011b se schyluje k t\u0159et\u00ed sv\u011btov\u00e9 v\u00e1lce a m\u00edlov\u00fdmi kroky jdeme vst\u0159\u00edc jadern\u00e9mu konfliktu.<\/p>\n<p>Volby uk\u00e1zaly, \u017ee lidem nejen\u017ee nevad\u00ed zdra\u017eov\u00e1n\u00ed, jim vlastn\u011b nevad\u00ed ani to, \u017ee kv\u016fli t\u00e9to zasran\u00e9 vl\u00e1d\u011b jsou permanentn\u011b ohro\u017eeny na\u0161e \u017eivoty a existence tohoto st\u00e1tu a n\u00e1roda. V t\u011bchto volb\u00e1ch jsme si vlastn\u011b odhlasovali, \u017ee nechceme m\u00edr, \u017ee chceme v\u00e1lku a \u017ee v t\u00e9 v\u00e1lce chceme zdechnout. Pr\u00e1v\u011b proto te\u010f nem\u00e1 smysl nic jin\u00e9ho, ne\u017e aby se ka\u017ed\u00fd z n\u00e1s soust\u0159edil na sv\u00e9 vlastn\u00ed p\u0159e\u017eit\u00ed a p\u0159e\u017eit\u00ed sv\u00e9 rodiny. V\u0161e ostatn\u00ed (i demonstrace) je pl\u00fdtv\u00e1n\u00ed drahocennou energi\u00ed, mrh\u00e1n\u00ed \u010dasem a prost\u0159edky, ztr\u00e1tou \u010dasu. I proto jsme v Praze ned\u011blali \u017e\u00e1dnou volebn\u00ed kampa\u0148 \u2013 te\u010f na takov\u00e9 v\u011bci zkr\u00e1tka nen\u00ed \u010das. Te\u010f se mus\u00edme ka\u017ed\u00fd z n\u00e1s p\u0159ipravovat na ten n\u00e1raz, kter\u00fd p\u0159ijde. A \u010dasu k tomu m\u00e1me \u017ealostn\u011b m\u00e1lo\u2026<\/p>\n<p>Vlasti zdar!<br \/>\nAdam B. Barto\u0161<br \/>\np\u0159edseda N\u00e1rodn\u00ed demokracie<\/p>\n<p><img decoding=\"async\" loading=\"lazy\" class=\"alignnone size-full wp-image-678\" src=\"http:\/\/www.infokuryr.cz\/n\/wp-content\/uploads\/2021\/04\/narodni_demokracie_logo.jpg\" alt=\"\" width=\"300\" height=\"85\" \/><\/p>\n<p>&nbsp;<\/p>\n<p>&nbsp;<\/p>\n","protected":false},"excerpt":{"rendered":"<p>Zdrav\u00edm v\u00e1s u sv\u00e9ho dal\u0161\u00edho ned\u011bln\u00edku. Asi mi dnes nezbude, ne\u017e se v\u011bnovat volb\u00e1m, proto\u017ee&#8230;<\/p>\n","protected":false},"author":2,"featured_media":679,"comment_status":"closed","ping_status":"closed","sticky":false,"template":"","format":"standard","meta":[],"categories":[6],"tags":[367,1042,29,27],"_links":{"self":[{"href":"https:\/\/www.infokuryr.cz\/n\/wp-json\/wp\/v2\/posts\/15671"}],"collection":[{"href":"https:\/\/www.infokuryr.cz\/n\/wp-json\/wp\/v2\/posts"}],"about":[{"href":"https:\/\/www.infokuryr.cz\/n\/wp-json\/wp\/v2\/types\/post"}],"author":[{"embeddable":true,"href":"https:\/\/www.infokuryr.cz\/n\/wp-json\/wp\/v2\/users\/2"}],"replies":[{"embeddable":true,"href":"https:\/\/www.infokuryr.cz\/n\/wp-json\/wp\/v2\/comments?post=15671"}],"version-history":[{"count":0,"href":"https:\/\/www.infokuryr.cz\/n\/wp-json\/wp\/v2\/posts\/15671\/revisions"}],"wp:featuredmedia":[{"embeddable":true,"href":"https:\/\/www.infokuryr.cz\/n\/wp-json\/wp\/v2\/media\/679"}],"wp:attachment":[{"href":"https:\/\/www.infokuryr.cz\/n\/wp-json\/wp\/v2\/media?parent=15671"}],"wp:term":[{"taxonomy":"category","embeddable":true,"href":"https:\/\/www.infokuryr.cz\/n\/wp-json\/wp\/v2\/categories?post=15671"},{"taxonomy":"post_tag","embeddable":true,"href":"https:\/\/www.infokuryr.cz\/n\/wp-json\/wp\/v2\/tags?post=15671"}],"curies":[{"name":"wp","href":"https:\/\/api.w.org\/{rel}","templated":true}]}}