{"id":15667,"date":"2022-09-26T01:13:28","date_gmt":"2022-09-25T23:13:28","guid":{"rendered":"http:\/\/www.infokuryr.cz\/n\/?p=15667"},"modified":"2022-09-25T20:36:09","modified_gmt":"2022-09-25T18:36:09","slug":"3-svetova-valka-jiz-zacala-ale-pravdu-budou-pred-verejnosti-tajit-az-do-posledniho-momentu","status":"publish","type":"post","link":"https:\/\/www.infokuryr.cz\/n\/2022\/09\/26\/3-svetova-valka-jiz-zacala-ale-pravdu-budou-pred-verejnosti-tajit-az-do-posledniho-momentu\/","title":{"rendered":"3. Sv\u011btov\u00e1 v\u00e1lka ji\u017e za\u010dala, ale pravdu budou p\u0159ed ve\u0159ejnost\u00ed tajit a\u017e do posledn\u00edho momentu"},"content":{"rendered":"<div id=\"fb-root\"><\/div>\n<p><span>T\u0159et\u00ed sv\u011btov\u00e1 v\u00e1lka u\u017e za\u010dala.\u00a0Jednodu\u0161e v\u00e1m to nikdo ne\u0159\u00edk\u00e1, proto\u017ee va\u0161e vl\u00e1da a ne\u010destn\u00e1 m\u00e9dia se sna\u017e\u00ed udr\u017eet v\u00e1s v nev\u011bdomosti.<\/span><\/p>\n<p><span>Zb\u00fdvaj\u00edc\u00ed \u010das cht\u011bj\u00ed p\u0159ece vyu\u017e\u00edt k nahromad\u011bn\u00ed potravin, munice, zdravotnick\u00e9ho materi\u00e1lu a drah\u00fdch kov\u016f pro sebe, a toho lze dos\u00e1hnout jen tak, \u017ee budou co nejd\u00e9le zadr\u017eovat pravdu o situaci.<\/span><\/p>\n<p><span>V\u00fdjimkou m\u016f\u017ee b\u00fdt srbsk\u00fd prezident, kter\u00fd nyn\u00ed ve\u0159ejn\u011b varuje, \u017ee sv\u011bt za\u017eije \u201evelk\u00fd sv\u011btov\u00fd konflikt\u201c, kter\u00fd pravd\u011bpodobn\u011b za\u010dne v p\u0159\u00ed\u0161t\u00edch dvou m\u011bs\u00edc\u00edch.<\/span><\/p>\n<p><em><span>\u201eAleksandar Vu\u010di\u010d vyslovil alarmuj\u00edc\u00ed koment\u00e1\u0159e b\u011bhem prvn\u00edho dne zased\u00e1n\u00ed Valn\u00e9ho shrom\u00e1\u017ed\u011bn\u00ed OSN v New Yorku,\u201c\u00a0<\/span><\/em><a href=\"https:\/\/summit.news\/2022\/09\/21\/serbian-president-warns-of-great-world-conflict-within-two-months\/\" target=\"_blank\" rel=\"noopener\"><span>uv\u00e1d\u00ed<\/span><\/a><span>\u00a0Paul Joseph Watson na Summit.news.<\/span><\/p>\n<p><span>Cel\u00fd cit\u00e1t od Vu\u010di\u010de je:<\/span><\/p>\n<p><em><span>\u201eP\u0159edpokl\u00e1d\u00e1m, \u017ee opou\u0161t\u00edme f\u00e1zi speci\u00e1ln\u00ed vojensk\u00e9 operace a bl\u00ed\u017e\u00edme se k velk\u00e9mu ozbrojen\u00e9mu konfliktu a nyn\u00ed je ot\u00e1zka, kde je hranice a zda po ur\u010dit\u00e9 dob\u011b \u2013 mo\u017en\u00e1 po m\u011bs\u00edci nebo dvou \u2013 vstoup\u00edme do velk\u00e9ho sv\u011btov\u00e9ho konfliktu, jak\u00fd jsme neza\u017eili od Druh\u00e9 sv\u011btov\u00e9 v\u00e1lky. \u201c<\/span><\/em><\/p>\n<h2><span>NATO je ji\u017e ve v\u00e1lce s Ruskem a Putin se p\u0159ipravuje na kontinent\u00e1ln\u00ed boj<\/span><\/h2>\n<p><span>D\u011bje se to, \u017ee psychopatick\u00e9 z\u00e1padn\u00ed n\u00e1rody \u2013 skute\u010dn\u00ed agreso\u0159i v t\u00e9to v\u00e1lce \u2013 rozpoutaly nejen \u201esebevra\u017eedn\u00e9 sankce\u201c proti Rusku, ale vedou i vojensk\u00e9 operace Ukrajiny proti Rusku.<\/span><\/p>\n<p><span>To znamen\u00e1, \u017ee NATO je ji\u017e ve v\u00e1lce, i kdy\u017e to NATO je\u0161t\u011b ofici\u00e1ln\u011b nep\u0159izn\u00e1.\u00a0Je\u0161t\u011b hor\u0161\u00ed je, \u017ee l\u00edd\u0159i NATO otev\u0159en\u011b po\u017eaduj\u00ed \u00fapln\u00e9 zni\u010den\u00ed Ruska a okupaci, tedy vyu\u017eit\u00ed rusk\u00fdch p\u0159\u00edrodn\u00edch zdroj\u016f.\u00a0To je samoz\u0159ejm\u011b klasick\u00fd model glob\u00e1ln\u00edho vyko\u0159is\u0165ov\u00e1n\u00ed a drancov\u00e1n\u00ed, kter\u00fd Z\u00e1pad b\u011b\u017en\u011b prov\u00e1d\u00ed.<\/span><\/p>\n<p><span>(Rozvr\u00e1cen\u00ed, drancov\u00e1n\u00ed, nadvl\u00e1da. To je model CIA, kter\u00fd se proti jin\u00fdm n\u00e1rod\u016fm pou\u017e\u00edv\u00e1 u\u017e desetilet\u00ed\u2026)<\/span><\/p>\n<p><span>Aktu\u00e1ln\u00ed situace je u\u017e d\u00e1vno za bodem jedn\u00e1n\u00ed nebo deeskalace mezi Ruskem a Z\u00e1padem.\u00a0Psychopati\u010dt\u00ed v\u016fdci z\u00e1padu jsou rusofobn\u00ed odp\u016frci Ruska, kte\u0159\u00ed jsou odhodl\u00e1ni prov\u00e9st genocidu proti rusk\u00e9mu lidu, i kdyby to znamenalo zni\u010den\u00ed jejich vlastn\u00edch ekonomik a zem\u011bd\u011blsk\u00fdch dodavatelsk\u00fdch \u0159et\u011bzc\u016f.<\/span><\/p>\n<p><span>Putin si uv\u011bdomil, \u017ee s t\u011bmito psychopaty nelze racion\u00e1ln\u011b diskutovat ani jim v\u011b\u0159it, \u017ee budou dodr\u017eovat jak\u00e9koli dohody.\u00a0Rusko si uv\u011bdomuje, \u017ee mus\u00ed bojovat nebo zem\u0159\u00edt.\u00a0To je stav, v jak\u00e9m se pr\u00e1v\u011b nach\u00e1z\u00edme.<\/span><\/p>\n<p><span>Bohu\u017eel \u0161\u00edlenstv\u00ed z\u00e1padn\u00edch n\u00e1rod\u016f eskalovalo tento konflikt do stavu, kdy ten, kdo prvn\u00ed odp\u00e1l\u00ed jadern\u00e9 zbran\u011b, bude m\u00edt v\u00fdhodu.<\/span><\/p>\n<p><span>Toto je samoz\u0159ejm\u011b velmi nebezpe\u010dn\u00e1 dynamika a pramen\u00ed ze skute\u010dnosti, \u017ee Z\u00e1pad ve sv\u00e9 vizi planety Zem\u011b a \u201eNov\u00e9ho sv\u011btov\u00e9ho \u0159\u00e1du\u201c opakovan\u011b signalizoval, \u017ee nep\u0159ipust\u00ed existenci Ruska.<\/span><\/p>\n<h2><span>Rusko m\u00e1 v\u00edce ne\u017e 30 let\u00fd n\u00e1skok p\u0159ed Z\u00e1padem, pokud jde o jadern\u00e9 zbran\u011b a protivzdu\u0161nou obranu<\/span><\/h2>\n<p><span>D\u016fle\u017eit\u00fdm zji\u0161t\u011bn\u00edm v tomto v\u0161em je, \u017ee jadern\u00fd arzen\u00e1l NATO je zastaral\u00fd.\u00a0V\u011bt\u0161inou b\u011b\u017e\u00ed na designu p\u016fvodn\u011b zkonstruovan\u00e9m v 70. letech 20. stolet\u00ed, zat\u00edmco rusk\u00e9 jadern\u00e9 kapacity jsou minim\u00e1ln\u011b o dv\u011b generace p\u0159edem.<\/span><\/p>\n<p><span>Rusov\u00e9 sv\u016fj arzen\u00e1l modernizovali pomoc\u00ed hyperkluzn\u00fdch n\u00e1vratov\u00fdch vozidel, \u00fanikov\u00fdch man\u00e9vr\u016f pro interkontinent\u00e1ln\u00ed balistick\u00e9 rakety (ICBM) a hypersonick\u00fdch \u0159\u00edzen\u00fdch st\u0159el, kter\u00e9 jsou schopny no\u0161en\u00ed jadern\u00fdch hlavic.<\/span><\/p>\n<p><span>Disponuj\u00ed tak\u00e9 vysoce pokro\u010dil\u00fdmi syst\u00e9my protivzdu\u0161n\u00e9 obrany, kter\u00e9 mohou dokonce zachytit a zni\u010dit p\u0159\u00edchoz\u00ed ICBM.<\/span><\/p>\n<p><span>Krom\u011b toho Rusko vlastn\u00ed tajn\u00e9 zbran\u011b \u201esoudn\u00edho dne\u201c \u2013 daleko za jejich termobarick\u00fdmi bombami \u2013 kter\u00e9 sv\u011bt je\u0161t\u011b ani nevid\u011bl.\u00a0P\u0159i sou\u010dasn\u00e9 trajektorii eskalace budou tyto zbran\u011b pou\u017eity proti Z\u00e1padu bez jak\u00e9hokoli varov\u00e1n\u00ed, co\u017e povede k \u00fapln\u00e9mu zni\u010den\u00ed z\u00e1padoevropsk\u00fdch vl\u00e1d, jmen a pr\u016fmyslu.<\/span><\/p>\n<p><span>Nepochybuji o tom, \u017ee Rusko ji\u017e ur\u010dilo c\u00edle sv\u00e9ho prvn\u00edho \u00faderu a \u017ee mezi tyto c\u00edle pat\u0159\u00ed Lond\u00fdn, Pa\u0159\u00ed\u017e, Berl\u00edn, Var\u0161ava, americk\u00e9 n\u00e1mo\u0159n\u00ed flotily a prakticky v\u0161echny vojensk\u00e9 z\u00e1kladny v z\u00e1padn\u00ed Evrop\u011b.\u00a0Nyn\u00ed n\u00e1s od t\u00e9to ud\u00e1losti d\u011bl\u00ed jen jeden start rakety, kter\u00fd ukon\u010d\u00ed civilizaci.<\/span><\/p>\n<p><span>USA a NATO sami sebe oklamaly, kdy\u017e si myslely, \u017ee mohou vyhr\u00e1t jadernou v\u00fdm\u011bnu s Ruskem.\u00a0Je to stejn\u011b klamn\u00e9 jako myslet si, \u017ee \u201emu\u017ei mohou ot\u011bhotn\u011bt\u201c nebo \u017ee tla\u010den\u00ed nekryt\u00fdch pen\u011bz nezp\u016fsobuje inflaci.\u00a0P\u0159edev\u0161\u00edm mozkov\u011b mrtv\u00fd Biden\u016fv re\u017eim trv\u00e1 na tom, \u017ee ob\u011b tyto absurdity jsou naprosto pravdiv\u00e9.<\/span><\/p>\n<p><span>B\u011bhem posledn\u00edch dvou desetilet\u00ed \u2013 a hlavn\u011b b\u011bhem sou\u010dasn\u00e9ho progresivn\u00edho (woke) \u0161\u00edlenstv\u00ed \u2013 se Z\u00e1pad naplno v\u011bnoval bludn\u00e9mu my\u0161len\u00ed a poh\u00e1dkov\u00fdm p\u0159\u00edb\u011bh\u016fm, kter\u00e9 nemaj\u00ed nic spole\u010dn\u00e9ho s realitou.<\/span><\/p>\n<p><span>Zat\u00edmco Z\u00e1pad vede propagandistickou narativn\u00ed v\u00e1lku, Rusko vyr\u00e1b\u00ed nejpokro\u010dilej\u0161\u00ed jadern\u00e9 zbran\u011b na sv\u011bt\u011b.\u00a0Kdy\u017e za\u010dne jadern\u00e1 v\u00fdm\u011bna, o jej\u00edm v\u00fdsledku u\u017e nen\u00ed pochyb.\u00a0Rusko ztrat\u00ed n\u011bkolik milion\u016f lid\u00ed \u2013 mnohem m\u00e9n\u011b, ne\u017e ztratilo ve Druh\u00e9 sv\u011btov\u00e9 v\u00e1lce \u2013 ale zni\u010d\u00ed N\u011bmecko, Polsko, Francie a Velkou Brit\u00e1nii.<\/span><\/p>\n<p><span>Z\u00e1padn\u00ed Evropa bude uvr\u017eena do generace zoufalstv\u00ed a temnoty, zat\u00edmco USA utrp\u00ed kask\u00e1dov\u00fd finan\u010dn\u00ed kolaps kv\u016fli expozici v\u016f\u010di evropsk\u00fdm bank\u00e1m, m\u011bn\u00e1m a dluhov\u00fdm trh\u016fm.<\/span><\/p>\n<p><span>Z\u00e1padn\u00ed novin\u00e1\u0159i a kleptokrat\u00e9 nejsou schopni vid\u011bt tuto realitu a podobn\u011b nejsou schopni jednat, aby ji zastavili.\u00a0Jsou uv\u011bzn\u011bni ve sv\u00e9m vlastn\u00edm bludn\u00e9m sv\u011bt\u011b vym\u00fdv\u00e1n\u00ed mozk\u016f a propagandy, kter\u00fd si sami vytvo\u0159ili, a n\u011bjak v\u011b\u0159\u00ed, \u017ee mohou p\u0159im\u011bt Rusko, aby kapitulovalo p\u0159ed \u0161\u00edlen\u00fdmi po\u017eadavky Z\u00e1padu.<\/span><\/p>\n<p><span>Av\u0161ak Rusko nen\u00ed n\u00e1rod t\u0159et\u00edho sv\u011bta.\u00a0Rusko nelze ekonomicky rozlo\u017eit z\u00e1padn\u00edmi sankcemi a Rusko m\u00e1 sv\u016fj vlastn\u00ed dom\u00e1c\u00ed dodavatelsk\u00fd \u0159et\u011bzec doslova na v\u0161e, co pot\u0159ebuje, aby nakrmilo sv\u00e9 lidi, vyrobilo v\u00edce zbran\u00ed a vyd\u011blalo cel\u00e9 jm\u011bn\u00ed na v\u00fdvozu energi\u00ed a komodit ochotn\u00fdm obchodn\u00edm partner\u016fm, jako jsou Indie, \u010c\u00edna, Turecko nebo \u00cdr\u00e1n.<\/span><\/p>\n<p><span>Nakonec Putin neustoup\u00ed, proto\u017ee je mnohem inteligentn\u011bj\u0161\u00ed ne\u017e kter\u00fdkoli z kognitivn\u011b posti\u017een\u00fdch \u0161\u00edlenc\u016f, kte\u0159\u00ed \u0159\u00edd\u00ed USA, Evropskou unii, Velkou Brit\u00e1nii nebo zem\u011b NATO.<\/span><\/p>\n<p><span>V \u0161achov\u00e9m z\u00e1pase mezi Putinem a Bidenem byste pravd\u011bpodobn\u011b vid\u011bli Joea Bidena s vibra\u010dn\u00edmi plenkami na d\u00e1lkov\u00e9 ovl\u00e1d\u00e1n\u00ed, kter\u00e9 mu pos\u00edlaj\u00ed sign\u00e1ly \u0161achov\u00e9ho tahu p\u0159es jeho kone\u010dn\u00edk, a p\u0159esto by nerozum\u011bl jejich v\u00fdznamu.<\/span><\/p>\n<p><span>V\u016fdci z\u00e1padn\u00edch n\u00e1rod\u016f jsou tak \u00fapln\u011b neschopn\u00ed, \u017ee se nekvalifikuj\u00ed ani jako \u201eklauni\u201c, proto\u017ee dob\u0159\u00ed klauni jsou ve skute\u010dnosti inteligentn\u00ed, schopn\u00ed komunik\u00e1to\u0159i, kte\u0159\u00ed dok\u00e1\u017e\u00ed rozesm\u00e1t lidi.\u00a0Z Bidena, Blinkena \u010di Leyenov\u00e9 se n\u00e1m v\u0161em chce zvracet.<\/span><\/p>\n<h2><span>Z\u00e1pad se hrub\u011b p\u0159epo\u010d\u00edtal se \u201esebevra\u017eedn\u00fdmi sankcemi\u201c, ale st\u00e1le nep\u0159izn\u00e1 sv\u00e9 katastrofick\u00e9 chyby<\/span><\/h2>\n<p><span>Za d\u016fkaz neschopnosti z\u00e1padn\u00edch n\u00e1rod\u016f pova\u017eujte skute\u010dnost, \u017ee jejich \u201esebevra\u017eedn\u00e9 sankce\u201c proti Rusku \u2013 p\u016fvodn\u011b zaveden\u00e9 s c\u00edlem p\u0159im\u011bt Rusko ke kolapsu m\u011bny \u2013 m\u011bly p\u0159esn\u011b opa\u010dn\u00fd \u00fa\u010dinek.<\/span><\/p>\n<p><span>Sankce ni\u010d\u00ed euro, ne rubl, a nyn\u00ed cel\u00e1 z\u00e1padn\u00ed Evropa \u010del\u00ed zim\u011b, temnot\u011b, hladomoru a mrazu.\u00a0Krom\u011b toho je p\u0159edur\u010dena k &#8220;\u00a0<\/span><a href=\"https:\/\/www.naturalnews.com\/2022-09-16-the-economic-annihilation-of-europe-gonzalo-lira-and-mike-adams-epic-interview.html\" target=\"_blank\" rel=\"noopener\"><span>permanentn\u00ed deindustrializaci<\/span><\/a><span>\u00a0&#8220; evropsk\u00e9ho pr\u016fmyslu, kter\u00e1 ji\u017e prob\u00edh\u00e1, s p\u0159ibli\u017en\u011b 70% odstaven\u00fdch \u017eelez\u00e1ren a v\u00fdroby \u010dpavku.<\/span><\/p>\n<p><span>V\u00fdroba hnojiv se zastavila, plynovod Nord Stream 1 byl zastaven ak tomu v\u0161emu je\u0161t\u011b\u00a0<\/span><a href=\"https:\/\/www.euractiv.com\/section\/energy-environment\/news\/first-nuclear-reactor-to-be-shut-down-in-belgium\/\" target=\"_blank\" rel=\"noopener\"><span>Belgie hrd\u011b oznamuje<\/span><\/a><span>\u00a0odstaven\u00ed jadern\u00e9 elektr\u00e1rny pr\u00e1v\u011b v dob\u011b, kdy Belgie \u010del\u00ed katastrof\u00e1ln\u00edmu nedostatku energie.<\/span><\/p>\n<p><span>N\u011bmecko mezit\u00edm investovalo dal\u0161\u00edch\u00a0<\/span><a href=\"https:\/\/www.zerohedge.com\/commodities\/germany-nationalize-struggling-uniper-deepening-energy-crisis\" target=\"_blank\" rel=\"noopener\"><span>8 miliard eur<\/span><\/a><span>\u00a0na zn\u00e1rodn\u011bn\u00ed spole\u010dnosti Uniper, nejv\u011bt\u0161\u00edho n\u011bmeck\u00e9ho dodavatele zemn\u00edho plynu, a dal\u0161\u00edch 15 miliard eur, kter\u00e9 ji\u017e byly vynalo\u017eeny na zabr\u00e1n\u011bn\u00ed kolapsu Uniperu.<\/span><\/p>\n<p><span>N\u011bmeck\u00e1 pr\u016fmyslov\u00e1 z\u00e1kladna je vyhlazov\u00e1na \u00fa\u017easnou rychlost\u00ed a nikdo v n\u011bmeck\u00e9 vl\u00e1d\u011b ne\u0159\u00edk\u00e1 n\u011bmeck\u00e9mu lidu, \u017ee nebude m\u00edt pr\u00e1ci, proto\u017ee pr\u016fmysl zkolabuje.<\/span><\/p>\n<p><span>Putin mus\u00ed b\u00fdt p\u0159ekvapen rychlost\u00ed, jakou se z\u00e1padn\u00ed Evropa \u2013 a zejm\u00e9na N\u011bmecko \u2013 ni\u010d\u00ed.<\/span><\/p>\n<p><span>P\u0159ipome\u0148me, \u017ee N\u011bmecko zni\u010dilo z\u00e1padn\u00ed Evropu ji\u017e dvakr\u00e1t: v 1. sv\u011btov\u00e9 v\u00e1lce a ve 2. sv\u011btov\u00e9 v\u00e1lce.\u00a0Nyn\u00ed N\u011bmecko (st\u00e1le z velk\u00e9 \u010d\u00e1sti \u0159\u00edzen\u00e9 nacisty) op\u011bt vede cestu k \u00fapln\u00e9mu zni\u010den\u00ed Evropy.<\/span><\/p>\n<p><span>V podstat\u011b Putin ani v\u016fbec nemus\u00ed odp\u00e1lit jadern\u00e9 zbran\u011b\u2026 sta\u010d\u00ed mu po\u010dkat, a\u017e se zima rozjede ao zbytek se postaraj\u00ed z\u00e1kony termodynamiky a ekonomiky.<\/span><\/p>\n<h2><span>Zelen\u00ed mus\u00ed b\u00fdt hrd\u00ed: Cel\u00e9 lesy se k\u00e1c\u00ed na palivov\u00e9 d\u0159\u00edv\u00ed<\/span><\/h2>\n<p><span>Ned\u00e1vno Mike Adams mluvil s v\u00e1le\u010dn\u00fdm korespondentem Michaelem Yonem, kter\u00fd pr\u00e1v\u011b cestoval p\u0159es N\u011bmecko (rozhovor s n\u00edm bude zve\u0159ejn\u011bn brzy na Brighteon.com).<\/span><\/p>\n<p><span>\u0158ekl, \u017ee lesy se v cel\u00e9m N\u011bmecku k\u00e1c\u00ed (s\u00e1m to mohl vid\u011bt) v zoufal\u00e9 snaze lid\u00ed nahromadit palivov\u00e9 d\u0159\u00edv\u00ed na nadch\u00e1zej\u00edc\u00ed zimu.\u00a0Toto je nov\u00e1 par\u00e1dn\u00ed \u201ezelen\u00e1 agenda\u201c: k\u00e1cen\u00ed les\u016f, u kter\u00fdch potrv\u00e1 desetilet\u00ed, ne\u017e dorostou.<\/span><\/p>\n<p><span>Budou zelen\u00ed slavit v\u0161echny ty pok\u00e1cen\u00e9 lesy, proto\u017ee N\u011bmecko alespo\u0148 nespalovalo fosiln\u00ed paliva?\u00a0Uv\u011bdomuje si n\u011bkdo, \u017ee ekonomika 19. stolet\u00ed nem\u016f\u017ee u\u017eivit obyvatelstvo 21. stolet\u00ed?\u00a0Hladomor je dnes ji\u017e matematick\u00e1 jistota.<\/span><\/p>\n<p><span>K zastaven\u00ed t\u00e9to krize sta\u010d\u00ed, kdy\u017e se N\u011bmecko omluv\u00ed Rusku, zru\u0161\u00ed ekonomick\u00e9\u00a0<\/span><a href=\"https:\/\/www.badatel.net\/preco-ekonomicke-sankcie-proti-rusku-nefunguju-a-ani-nikdy-fungovat-nebudu\/\"><span>sankce<\/span><\/a><span>\u00a0a popros\u00ed Gazprom, aby op\u011bt zapnul plyn.\u00a0Ale ne, to se neodv\u00e1\u017e\u00ed ud\u011blat, i kdyby statis\u00edce n\u011bmeck\u00fdch ob\u010dan\u016f hladov\u011bly k smrti.<\/span><\/p>\n<p><span>P\u0159esn\u011b tak, jak Adolf Hitler v roce 1943 hodil hladov\u011bj\u00edc\u00ed a mrznouc\u00ed n\u011bmeck\u00e9 voj\u00e1ky do rusk\u00fdch obrann\u00fdch lini\u00ed u Stalingradu, dne\u0161n\u00ed n\u011bme\u010dt\u00ed v\u016fdci ob\u011btuj\u00ed \u017eivoty sv\u00fdch vlastn\u00edch ob\u010dan\u016f v zoufal\u00e9 snaze ekonomicky ubl\u00ed\u017eit Rusku\u2026 a ani jen toho nedos\u00e1hnou!<\/span><\/p>\n<p><span>V bitv\u011b u Stalingradu Sov\u011btsk\u00fd svaz obkl\u00ed\u010dil a porazil n\u011bmeckou \u0161estou arm\u00e1du, kter\u00e1 Rus\u016fm p\u0159edala v\u00edce ne\u017e 220 000 voj\u00e1k\u016f.<\/span><\/p>\n<p><span>Dnes je N\u011bmecko ochotno ob\u011btovat miliony sv\u00fdch vlastn\u00edch ob\u010dan\u016f, co\u017e dokazuje, \u017ee sebevra\u017eedn\u00e9 man\u00e9vry v nacistick\u00e9m stylu z\u016fst\u00e1vaj\u00ed pro Berl\u00edn \u017eiv\u00e9 a zdrav\u00e9, dokonce i n\u011bkolik generac\u00ed po katastrof\u00e1ln\u00edm v\u00fdsledku Druh\u00e9 sv\u011btov\u00e9 v\u00e1lky.<\/span><\/p>\n<p><span>M\u016f\u017eete vyhnat nacistick\u00e1 vojska z Ruska, ale nem\u016f\u017eete vyb\u00edt nacistick\u00e9 tendence z n\u011bmeck\u00fdch politick\u00fdch v\u016fdc\u016f.<\/span><\/p>\n<p><span>Rusko mezit\u00edm sed\u00ed na obrovsk\u00fdch mno\u017estv\u00edch levn\u00e9 energie, nerost\u016f, v\u00fdroby oceli, v\u00fdroby hnojiv, \u00fasp\u011b\u0161n\u00fdch potravin\u00e1\u0159sk\u00fdch plodin, v\u00fdroby elektroniky a v\u0161eho ostatn\u00edho, co je pot\u0159ebn\u00e9 k tomu, aby udr\u017eelo civilizaci na nohou.<\/span><\/p>\n<p><span>Dodnes v\u0161ak neexistuje z\u00e1padoevropsk\u00fd politik, kter\u00fd by p\u0159iznal pravdu o tom, jak se v\u011bci ve skute\u010dnosti maj\u00ed.\u00a0\u0160koda, \u017ee propaganda nedok\u00e1\u017ee vyt\u00e1p\u011bt domy, jinak by z\u00e1padn\u00ed m\u00e9dia byla kone\u010dn\u00fdm obnoviteln\u00fdm zdrojem energie pro celou planetu.<\/span><\/p>\n<h2><span>V\u00fdsledek tohoto v\u0161eho?<\/span><\/h2>\n<p><span>Ka\u017ed\u00fd, kdo \u017eije v z\u00e1padn\u00ed Evrop\u011b, by se m\u011bl p\u0159ipravit na ekonomick\u00fd\u00a0<\/span><a href=\"https:\/\/www.badatel.net\/europa-momentalne-celi-totalnemu-financnemu-kolapsu-odbornici-biju-na-poplach\/\"><span>kolaps<\/span><\/a><span>\u00a0, hladomor a jadernou v\u00e1lku.<\/span><\/p>\n<p><span>Lid\u00e9 \u017eij\u00edc\u00ed v Severn\u00ed Americe by se m\u011bli p\u0159ipravit na ekonomick\u00fd kolaps a celosv\u011btov\u00fd jadern\u00fd spad, kter\u00fd naru\u0161\u00ed \u00farodu na cel\u00e1 l\u00e9ta.<\/span><\/p>\n<p><span>Ti, kdo potraviny neskladuj\u00ed, budou nakonec j\u00edst radioaktivn\u00ed potraviny, pokud v\u016fbec n\u011bjak\u00e9 najdou.<\/span><\/p>\n<p><span>Podle toho se p\u0159ipravte.<\/span><\/p>\n<p><span>V\u00edce informac\u00ed naleznete v aktu\u00e1ln\u00edm podcastu Situation Update str\u00e1nky Natural News na\u00a0<\/span><a href=\"https:\/\/brighteon.com\/6fe87c7c-05e5-44b4-a867-e63a6ff088e4\" target=\"_blank\" rel=\"noopener\"><span>Brighteon.com<\/span><\/a><span>\u00a0.<\/span><\/p>\n<p><iframe loading=\"lazy\" src=\"https:\/\/www.brighteon.com\/embed\/6fe87c7c-05e5-44b4-a867-e63a6ff088e4\" width=\"580\" height=\"326\" frameborder=\"0\" allowfullscreen=\"allowfullscreen\" data-mce-fragment=\"1\"><\/iframe><\/p>\n<p><span>Autor: Mike Adams, Zdroj:\u00a0<\/span><a href=\"https:\/\/www.naturalnews.com\/2022-09-23-world-war-iii-has-already-begun.html\" target=\"_blank\" rel=\"noopener\"><span>naturalnews.com<\/span><\/a><span>\u00a0<\/span><\/p>\n<p>&nbsp;<\/p>\n<p>&nbsp;<\/p>\n","protected":false},"excerpt":{"rendered":"<p>T\u0159et\u00ed sv\u011btov\u00e1 v\u00e1lka u\u017e za\u010dala.\u00a0Jednodu\u0161e v\u00e1m to nikdo ne\u0159\u00edk\u00e1, proto\u017ee va\u0161e vl\u00e1da a ne\u010destn\u00e1 m\u00e9dia&#8230;<\/p>\n","protected":false},"author":2,"featured_media":15668,"comment_status":"closed","ping_status":"closed","sticky":false,"template":"","format":"standard","meta":[],"categories":[7],"tags":[29,220,371,40],"_links":{"self":[{"href":"https:\/\/www.infokuryr.cz\/n\/wp-json\/wp\/v2\/posts\/15667"}],"collection":[{"href":"https:\/\/www.infokuryr.cz\/n\/wp-json\/wp\/v2\/posts"}],"about":[{"href":"https:\/\/www.infokuryr.cz\/n\/wp-json\/wp\/v2\/types\/post"}],"author":[{"embeddable":true,"href":"https:\/\/www.infokuryr.cz\/n\/wp-json\/wp\/v2\/users\/2"}],"replies":[{"embeddable":true,"href":"https:\/\/www.infokuryr.cz\/n\/wp-json\/wp\/v2\/comments?post=15667"}],"version-history":[{"count":1,"href":"https:\/\/www.infokuryr.cz\/n\/wp-json\/wp\/v2\/posts\/15667\/revisions"}],"predecessor-version":[{"id":15669,"href":"https:\/\/www.infokuryr.cz\/n\/wp-json\/wp\/v2\/posts\/15667\/revisions\/15669"}],"wp:featuredmedia":[{"embeddable":true,"href":"https:\/\/www.infokuryr.cz\/n\/wp-json\/wp\/v2\/media\/15668"}],"wp:attachment":[{"href":"https:\/\/www.infokuryr.cz\/n\/wp-json\/wp\/v2\/media?parent=15667"}],"wp:term":[{"taxonomy":"category","embeddable":true,"href":"https:\/\/www.infokuryr.cz\/n\/wp-json\/wp\/v2\/categories?post=15667"},{"taxonomy":"post_tag","embeddable":true,"href":"https:\/\/www.infokuryr.cz\/n\/wp-json\/wp\/v2\/tags?post=15667"}],"curies":[{"name":"wp","href":"https:\/\/api.w.org\/{rel}","templated":true}]}}