{"id":15652,"date":"2022-09-26T01:07:14","date_gmt":"2022-09-25T23:07:14","guid":{"rendered":"http:\/\/www.infokuryr.cz\/n\/?p=15652"},"modified":"2022-09-25T14:40:43","modified_gmt":"2022-09-25T12:40:43","slug":"bezprecedentni-tempo-severni-korea-vypalila-dalsi-balistickou-strelu","status":"publish","type":"post","link":"https:\/\/www.infokuryr.cz\/n\/2022\/09\/26\/bezprecedentni-tempo-severni-korea-vypalila-dalsi-balistickou-strelu\/","title":{"rendered":"\u201eBezprecedentn\u00ed tempo\u201c: Severn\u00ed Korea vyp\u00e1lila dal\u0161\u00ed balistickou st\u0159elu"},"content":{"rendered":"<div id=\"fb-root\"><\/div>\n<p class=\"lead\">Severn\u00ed Korea dne 25. z\u00e1\u0159\u00ed, odp\u00e1lila dal\u0161\u00ed balistickou st\u0159elu kr\u00e1tk\u00e9ho doletu, uvedl sbor n\u00e1\u010deln\u00edk\u016f \u0161t\u00e1b\u016f jihokorejsk\u00e9 arm\u00e1dy.<\/p>\n<p>Raketa byla odp\u00e1lena z okol\u00ed Taechonu v provincii Severn\u00ed Pchjongjang a podle japonsk\u00e9ho ministerstva obrany dos\u00e1hla maxim\u00e1ln\u00ed v\u00fd\u0161ky 50 km a sledovala nespr\u00e1vnou trajektorii.<\/p>\n<p><em>\u201ePokud vezmeme v \u00favahu odp\u00e1len\u00ed \u0159\u00edzen\u00fdch st\u0159el, pak je to devaten\u00e1ct\u00fd pokus, co\u017e je bezprecedentn\u00ed tempo.\u00a0Akce Severn\u00ed Koreje p\u0159edstavuj\u00ed hrozbu pro m\u00edr a bezpe\u010dnost na\u0161\u00ed zem\u011b, regionu a mezin\u00e1rodn\u00edho spole\u010denstv\u00ed, a to je p\u0159i v\u00fdvoji invaze na Ukrajinu neodpustiteln\u00e9,\u201c<span class=\"after-quote\">\u00a0\u0158ekl to japonsk\u00fd ministr obrany\u00a0<strong>Yasukazu Hamada<\/strong> .<\/span><\/em><\/p>\n<p>Start se shodoval s p\u0159iplut\u00edm\u00a0americk\u00e9 jadern\u00e9 letadlov\u00e9 lodi Ronald Reagan do Ji\u017en\u00ed Koreje na spole\u010dn\u00e9 man\u00e9vry s n\u00e1mo\u0159n\u00edmi silami t\u00e9to zem\u011b a tak\u00e9 n\u011bkolik dn\u00ed p\u0159ed pl\u00e1novanou n\u00e1v\u0161t\u011bvou americk\u00e9ho viceprezidenta <strong>Kamali Harris<\/strong>\u00a0v Soulu .<\/p>\n<p>V\u00fdchodoasijsk\u00e1 m\u00e9dia up\u0159esnila, \u017ee test severokorejsk\u00e9 balistick\u00e9 st\u0159ely byl prvn\u00ed od doby, kdy Pchjongjang na za\u010d\u00e1tku \u010dervna provedl osm takov\u00fdch test\u016f v jeden den.\u00a0USA pot\u00e9 vyzvaly k dal\u0161\u00edm sankc\u00edm v\u016f\u010di Severn\u00ed Koreji za poru\u0161en\u00ed rezoluce Rady bezpe\u010dnosti OSN.<\/p>\n<p><img decoding=\"async\" loading=\"lazy\" class=\"alignnone size-full wp-image-1185\" src=\"http:\/\/www.infokuryr.cz\/n\/wp-content\/uploads\/2021\/04\/kuryr-podpis.png\" alt=\"\" width=\"84\" height=\"24\" \/><\/p>\n<p>&nbsp;<\/p>\n","protected":false},"excerpt":{"rendered":"<p>Severn\u00ed Korea dne 25. z\u00e1\u0159\u00ed, odp\u00e1lila dal\u0161\u00ed balistickou st\u0159elu kr\u00e1tk\u00e9ho doletu, uvedl sbor n\u00e1\u010deln\u00edk\u016f \u0161t\u00e1b\u016f&#8230;<\/p>\n","protected":false},"author":2,"featured_media":15654,"comment_status":"closed","ping_status":"closed","sticky":false,"template":"","format":"standard","meta":[],"categories":[7],"tags":[2487,3416,502],"_links":{"self":[{"href":"https:\/\/www.infokuryr.cz\/n\/wp-json\/wp\/v2\/posts\/15652"}],"collection":[{"href":"https:\/\/www.infokuryr.cz\/n\/wp-json\/wp\/v2\/posts"}],"about":[{"href":"https:\/\/www.infokuryr.cz\/n\/wp-json\/wp\/v2\/types\/post"}],"author":[{"embeddable":true,"href":"https:\/\/www.infokuryr.cz\/n\/wp-json\/wp\/v2\/users\/2"}],"replies":[{"embeddable":true,"href":"https:\/\/www.infokuryr.cz\/n\/wp-json\/wp\/v2\/comments?post=15652"}],"version-history":[{"count":1,"href":"https:\/\/www.infokuryr.cz\/n\/wp-json\/wp\/v2\/posts\/15652\/revisions"}],"predecessor-version":[{"id":15653,"href":"https:\/\/www.infokuryr.cz\/n\/wp-json\/wp\/v2\/posts\/15652\/revisions\/15653"}],"wp:featuredmedia":[{"embeddable":true,"href":"https:\/\/www.infokuryr.cz\/n\/wp-json\/wp\/v2\/media\/15654"}],"wp:attachment":[{"href":"https:\/\/www.infokuryr.cz\/n\/wp-json\/wp\/v2\/media?parent=15652"}],"wp:term":[{"taxonomy":"category","embeddable":true,"href":"https:\/\/www.infokuryr.cz\/n\/wp-json\/wp\/v2\/categories?post=15652"},{"taxonomy":"post_tag","embeddable":true,"href":"https:\/\/www.infokuryr.cz\/n\/wp-json\/wp\/v2\/tags?post=15652"}],"curies":[{"name":"wp","href":"https:\/\/api.w.org\/{rel}","templated":true}]}}