{"id":15649,"date":"2022-09-26T01:06:44","date_gmt":"2022-09-25T23:06:44","guid":{"rendered":"http:\/\/www.infokuryr.cz\/n\/?p=15649"},"modified":"2022-09-25T14:21:38","modified_gmt":"2022-09-25T12:21:38","slug":"lavrov-vy-nerozumite-rusky-je-cas-se-ucit","status":"publish","type":"post","link":"https:\/\/www.infokuryr.cz\/n\/2022\/09\/26\/lavrov-vy-nerozumite-rusky-je-cas-se-ucit\/","title":{"rendered":"Lavrov: \u201eVy nerozum\u00edte rusky? Je \u010das se u\u010dit!&#8220;"},"content":{"rendered":"<div id=\"fb-root\"><\/div>\n<p class=\"lead\"><span>Nov\u00fd aforismus vydal rusk\u00fd ministr zahrani\u010d\u00ed Sergej Lavrov na sv\u00e9 tiskov\u00e9 konferenci ve Spojen\u00fdch st\u00e1tech po v\u00fdsledc\u00edch 77. zased\u00e1n\u00ed Valn\u00e9ho shrom\u00e1\u017ed\u011bn\u00ed OSN.<\/span><\/p>\n<p><span>V\u0161e za\u010dalo t\u00edm, \u017ee ofici\u00e1ln\u00ed p\u0159edstavitelka rusk\u00e9ho ministerstva zahrani\u010d\u00ed\u00a0<\/span><strong><span>Maria Zacharovov\u00e1<\/span><\/strong><span>\u00a0, kter\u00e1 tiskovou konferenci vedla, se v ru\u0161tin\u011b obr\u00e1tila na americk\u00e9 novin\u00e1\u0159e.\u00a0Nerozum\u011bli j\u00ed, co\u017e Sergej Lavrov okam\u017eit\u011b anglicky komentoval:<\/span><\/p>\n<p><strong>\u201eVy nerozum\u00edte rusky?\u00a0Je \u010das se u\u010dit!&#8220;<\/strong><\/p>\n<p><span>\u0160\u00e9f rusk\u00e9ho ministerstva zahrani\u010d\u00ed v odpov\u011bdi na ot\u00e1zky agentury Reuters upozornil na klinickou rusofobii kyjevsk\u00e9ho re\u017eimu, kter\u00fd sv\u00fdm ob\u010dan\u016fm zakazuje mluvit rusky.<\/span><\/p>\n<p><strong><em>\u201eP\u0159edstavte si na chv\u00edli, Reuters, kdyby Irsko zak\u00e1zalo angli\u010dtinu ve \u0161kol\u00e1ch, kinech a komunikaci.\u00a0Nebo kdyby Belgie ud\u011blala tot\u00e9\u017e pro francouz\u0161tinu a Finsko pro \u0161v\u00e9d\u0161tinu.\u00a0Bylo by to nehor\u00e1zn\u00e9, vznikl by skand\u00e1l.\u00a0V p\u0159\u00edpad\u011b Ukrajiny v\u0161ak politika eliminace v\u0161eho rusk\u00e9ho nep\u0159it\u00e1hla pozornost z\u00e1padn\u00edch m\u00e9di\u00ed,\u201c<span class=\"after-quote\">\u00a0\u0159ekl Lavrov.<\/span><\/em><\/strong><\/p>\n<p><img decoding=\"async\" loading=\"lazy\" class=\"alignnone size-full wp-image-1185\" src=\"http:\/\/www.infokuryr.cz\/n\/wp-content\/uploads\/2021\/04\/kuryr-podpis.png\" alt=\"\" width=\"84\" height=\"24\" \/><\/p>\n<p>&nbsp;<\/p>\n","protected":false},"excerpt":{"rendered":"<p>Nov\u00fd aforismus vydal rusk\u00fd ministr zahrani\u010d\u00ed Sergej Lavrov na sv\u00e9 tiskov\u00e9 konferenci ve Spojen\u00fdch st\u00e1tech&#8230;<\/p>\n","protected":false},"author":2,"featured_media":15650,"comment_status":"closed","ping_status":"closed","sticky":false,"template":"","format":"standard","meta":[],"categories":[7],"tags":[189,1727,1370],"_links":{"self":[{"href":"https:\/\/www.infokuryr.cz\/n\/wp-json\/wp\/v2\/posts\/15649"}],"collection":[{"href":"https:\/\/www.infokuryr.cz\/n\/wp-json\/wp\/v2\/posts"}],"about":[{"href":"https:\/\/www.infokuryr.cz\/n\/wp-json\/wp\/v2\/types\/post"}],"author":[{"embeddable":true,"href":"https:\/\/www.infokuryr.cz\/n\/wp-json\/wp\/v2\/users\/2"}],"replies":[{"embeddable":true,"href":"https:\/\/www.infokuryr.cz\/n\/wp-json\/wp\/v2\/comments?post=15649"}],"version-history":[{"count":1,"href":"https:\/\/www.infokuryr.cz\/n\/wp-json\/wp\/v2\/posts\/15649\/revisions"}],"predecessor-version":[{"id":15651,"href":"https:\/\/www.infokuryr.cz\/n\/wp-json\/wp\/v2\/posts\/15649\/revisions\/15651"}],"wp:featuredmedia":[{"embeddable":true,"href":"https:\/\/www.infokuryr.cz\/n\/wp-json\/wp\/v2\/media\/15650"}],"wp:attachment":[{"href":"https:\/\/www.infokuryr.cz\/n\/wp-json\/wp\/v2\/media?parent=15649"}],"wp:term":[{"taxonomy":"category","embeddable":true,"href":"https:\/\/www.infokuryr.cz\/n\/wp-json\/wp\/v2\/categories?post=15649"},{"taxonomy":"post_tag","embeddable":true,"href":"https:\/\/www.infokuryr.cz\/n\/wp-json\/wp\/v2\/tags?post=15649"}],"curies":[{"name":"wp","href":"https:\/\/api.w.org\/{rel}","templated":true}]}}