{"id":15644,"date":"2022-09-26T01:05:03","date_gmt":"2022-09-25T23:05:03","guid":{"rendered":"http:\/\/www.infokuryr.cz\/n\/?p=15644"},"modified":"2022-09-25T14:00:18","modified_gmt":"2022-09-25T12:00:18","slug":"mezinarodni-pozorovatele-okomentovali-referenda-v-donbasu-chersonske-a-zaporozske-oblasti","status":"publish","type":"post","link":"https:\/\/www.infokuryr.cz\/n\/2022\/09\/26\/mezinarodni-pozorovatele-okomentovali-referenda-v-donbasu-chersonske-a-zaporozske-oblasti\/","title":{"rendered":"Mezin\u00e1rodn\u00ed pozorovatel\u00e9 okomentovali referenda v Donbasu, Chersonsk\u00e9 a Z\u00e1poro\u017esk\u00e9 oblasti"},"content":{"rendered":"<div id=\"fb-root\"><\/div>\n<p><strong>Mezin\u00e1rodn\u00ed pozorovatel\u00e9 z \u010cesk\u00e9 republiky, Slovenska, It\u00e1lie a dal\u0161\u00edch zem\u00ed dorazili na m\u00edsta kon\u00e1n\u00ed referend o p\u0159ipojen\u00ed k Rusk\u00e9 federaci, aby osobn\u011b sledovali proces.<\/strong><\/p>\n<p>Pozorovatelka ze Slovenska \u013dubica Bla\u0161kov\u00e1, kter\u00e1 dorazila do Luhanska, aby pracovala na referendu, ozna\u010dila volby za historickou ud\u00e1lost.<\/p>\n<p><img decoding=\"async\" loading=\"lazy\" class=\"wp-image-15645 aligncenter\" src=\"http:\/\/www.infokuryr.cz\/n\/wp-content\/uploads\/2022\/09\/ref2-300x166.jpg\" alt=\"\" width=\"571\" height=\"316\" srcset=\"https:\/\/www.infokuryr.cz\/n\/wp-content\/uploads\/2022\/09\/ref2-300x166.jpg 300w, https:\/\/www.infokuryr.cz\/n\/wp-content\/uploads\/2022\/09\/ref2.jpg 585w\" sizes=\"(max-width: 571px) 100vw, 571px\" \/><\/p>\n<p>Italsk\u00fd mezin\u00e1rodn\u00ed pozorovatel Eliseo Bertolasi uvedl, \u017ee v prvn\u00ed den hlasov\u00e1n\u00ed v DLR nezaznamenal \u017e\u00e1dn\u00e9 poru\u0161en\u00ed.<\/p>\n<p>Mezin\u00e1rodn\u00ed pozorovatel na referendu v Z\u00e1poro\u017esk\u00e9 oblasti Roman Bla\u0161ko \u0159ekl, \u017ee v \u010cesk\u00e9 republice nen\u00ed dost informac\u00ed o tom, co se v skute\u010dnosti d\u011bje na Ukrajin\u011b. D\u016fvodem toho \u010desk\u00fd politik nazval blokov\u00e1n\u00ed alternativn\u00edch m\u00e9di\u00ed.<\/p>\n<p><img decoding=\"async\" loading=\"lazy\" class=\"alignnone wp-image-15646 aligncenter\" src=\"http:\/\/www.infokuryr.cz\/n\/wp-content\/uploads\/2022\/09\/ref3-300x181.jpg\" alt=\"\" width=\"581\" height=\"350\" srcset=\"https:\/\/www.infokuryr.cz\/n\/wp-content\/uploads\/2022\/09\/ref3-300x181.jpg 300w, https:\/\/www.infokuryr.cz\/n\/wp-content\/uploads\/2022\/09\/ref3.jpg 529w\" sizes=\"(max-width: 581px) 100vw, 581px\" \/><\/p>\n<p>&nbsp;<\/p>\n<p><img decoding=\"async\" loading=\"lazy\" class=\"alignnone size-full wp-image-1185\" src=\"http:\/\/www.infokuryr.cz\/n\/wp-content\/uploads\/2021\/04\/kuryr-podpis.png\" alt=\"\" width=\"84\" height=\"24\" \/><\/p>\n<p>&nbsp;<\/p>\n","protected":false},"excerpt":{"rendered":"<p>Mezin\u00e1rodn\u00ed pozorovatel\u00e9 z \u010cesk\u00e9 republiky, Slovenska, It\u00e1lie a dal\u0161\u00edch zem\u00ed dorazili na m\u00edsta kon\u00e1n\u00ed referend&#8230;<\/p>\n","protected":false},"author":2,"featured_media":15647,"comment_status":"closed","ping_status":"closed","sticky":false,"template":"","format":"standard","meta":[],"categories":[7],"tags":[64,3415,885,26],"_links":{"self":[{"href":"https:\/\/www.infokuryr.cz\/n\/wp-json\/wp\/v2\/posts\/15644"}],"collection":[{"href":"https:\/\/www.infokuryr.cz\/n\/wp-json\/wp\/v2\/posts"}],"about":[{"href":"https:\/\/www.infokuryr.cz\/n\/wp-json\/wp\/v2\/types\/post"}],"author":[{"embeddable":true,"href":"https:\/\/www.infokuryr.cz\/n\/wp-json\/wp\/v2\/users\/2"}],"replies":[{"embeddable":true,"href":"https:\/\/www.infokuryr.cz\/n\/wp-json\/wp\/v2\/comments?post=15644"}],"version-history":[{"count":1,"href":"https:\/\/www.infokuryr.cz\/n\/wp-json\/wp\/v2\/posts\/15644\/revisions"}],"predecessor-version":[{"id":15648,"href":"https:\/\/www.infokuryr.cz\/n\/wp-json\/wp\/v2\/posts\/15644\/revisions\/15648"}],"wp:featuredmedia":[{"embeddable":true,"href":"https:\/\/www.infokuryr.cz\/n\/wp-json\/wp\/v2\/media\/15647"}],"wp:attachment":[{"href":"https:\/\/www.infokuryr.cz\/n\/wp-json\/wp\/v2\/media?parent=15644"}],"wp:term":[{"taxonomy":"category","embeddable":true,"href":"https:\/\/www.infokuryr.cz\/n\/wp-json\/wp\/v2\/categories?post=15644"},{"taxonomy":"post_tag","embeddable":true,"href":"https:\/\/www.infokuryr.cz\/n\/wp-json\/wp\/v2\/tags?post=15644"}],"curies":[{"name":"wp","href":"https:\/\/api.w.org\/{rel}","templated":true}]}}