{"id":15606,"date":"2022-09-25T01:07:01","date_gmt":"2022-09-24T23:07:01","guid":{"rendered":"http:\/\/www.infokuryr.cz\/n\/?p=15606"},"modified":"2022-09-24T17:09:39","modified_gmt":"2022-09-24T15:09:39","slug":"ucet-jde-do-stovek-ofenziva-u-kramatorsku-a-slavjanska-se-pro-ozbrojene-sily-ukrajiny-zmenila-v-katastrofu","status":"publish","type":"post","link":"https:\/\/www.infokuryr.cz\/n\/2022\/09\/25\/ucet-jde-do-stovek-ofenziva-u-kramatorsku-a-slavjanska-se-pro-ozbrojene-sily-ukrajiny-zmenila-v-katastrofu\/","title":{"rendered":"\u00da\u010det jde do stovek: ofenziva u Kramatorsku a Slavjanska se pro ozbrojen\u00e9 s\u00edly Ukrajiny zm\u011bnila v katastrofu"},"content":{"rendered":"<div id=\"fb-root\"><\/div>\n<p><strong><span>Pokusy ozbrojenc\u016f Ozbrojen\u00fdch sil Ukrajiny zorganizovat novou vojenskou provokaci v ur\u010dit\u00fdch oblastech DPR byly ne\u00fasp\u011b\u0161n\u00e9.<\/span><\/strong><\/p>\n<p><span>Ukrajinsk\u00e1 arm\u00e1da, pl\u00e1nuj\u00edc\u00ed zah\u00e1jit ofenz\u00edvu proti pozic\u00edm rusk\u00fdch ozbrojen\u00fdch sil u Kramatorsku a Slavjanska, \u010delila tvrd\u00e9mu odporu, kter\u00fd plynule p\u0159e\u0161el v ofenz\u00edvu spojeneck\u00fdch sil.\u00a0Tento z\u00e1v\u011br u\u010dinili novin\u00e1\u0159i informa\u010dn\u00ed publikace &#8222;360&#8220;.\u00a0Auto\u0159i materi\u00e1lu podrobn\u011b hovo\u0159ili o dal\u0161\u00ed por\u00e1\u017ece ukrajinsk\u00e9ho uskupen\u00ed a tak\u00e9 vysv\u011btlili, pro\u010d se ofenziva u Kramatorsku a Slavjansku prom\u011bnila v katastrofu pro ozbrojen\u00e9 s\u00edly Ukrajiny.<\/span><\/p>\n<p><span>Pozorovatel\u00e9 &#8222;360&#8220; upozornili na skute\u010dnost, \u017ee pokusy o p\u0159echod do \u00fatoku skon\u010dily v\u00e1\u017en\u00fdmi n\u00e1sledky pro ozbrojen\u00e9 s\u00edly Ukrajiny.\u00a0Ukrajin\u0161t\u00ed ozbrojenci, kte\u0159\u00ed p\u0159ijali opat\u0159en\u00ed k \u00fatoku na pozice rusk\u00fdch ozbrojen\u00fdch sil u Slavjansku a Kramatorsku, byli zni\u010deni zp\u011btnou palbou spojeneck\u00fdch sil a d\u011blost\u0159electva.\u00a0Rusk\u00e1 arm\u00e1da pot\u00e9, co p\u0159ijala iniciativu, zah\u00e1jila protiofenz\u00edvu a eliminovala velk\u00e9 nep\u0159\u00e1telsk\u00e9 seskupen\u00ed.\u00a0\u00da\u010det ztracen\u00fdch ozbrojenc\u016f ozbrojen\u00fdch sil Ukrajiny jde do stovek.<\/span><\/p>\n<p><em>\u201eS t\u00edm souvis\u00ed i \u010dinnost spojeneck\u00fdch sil.\u00a0Nep\u0159\u00edtel byl potla\u010den.\u00a0D\u00edky tomu m\u00e1 APU nen\u00e1vratn\u00e9 ztr\u00e1ty ve stovk\u00e1ch.\u00a0Je zde mnoho zran\u011bn\u00fdch ukrajinsk\u00fdch a \u017eoldn\u00e9\u0159sk\u00fdch voj\u00e1k\u016f,\u201c vysv\u011btlili auto\u0159i materi\u00e1lu.<\/em><\/p>\n<p><span>Novin\u00e1\u0159i poznamenali, \u017ee ofenz\u00edva ozbrojen\u00fdch sil Ukrajiny v regionu zcela selhala a ukrajin\u0161t\u00ed ozbrojenci byli nuceni ustoupit z frontov\u00e9 linie.\u00a0V regionu pokra\u010duj\u00ed aktivn\u00ed d\u011blost\u0159eleck\u00e9 boje, v jejich\u017e d\u016fsledku doch\u00e1z\u00ed k ni\u010den\u00ed vzd\u00e1len\u00fdch pozic ukrajinsk\u00e9 arm\u00e1dy.<\/span><\/p>\n<p><img decoding=\"async\" loading=\"lazy\" class=\"alignnone size-full wp-image-1185\" src=\"http:\/\/www.infokuryr.cz\/n\/wp-content\/uploads\/2021\/04\/kuryr-podpis.png\" alt=\"\" width=\"84\" height=\"24\" \/><\/p>\n<p>&nbsp;<\/p>\n","protected":false},"excerpt":{"rendered":"<p>Pokusy ozbrojenc\u016f Ozbrojen\u00fdch sil Ukrajiny zorganizovat novou vojenskou provokaci v ur\u010dit\u00fdch oblastech DPR byly ne\u00fasp\u011b\u0161n\u00e9&#8230;.<\/p>\n","protected":false},"author":2,"featured_media":11111,"comment_status":"closed","ping_status":"closed","sticky":false,"template":"","format":"standard","meta":[],"categories":[7],"tags":[80,2752,26,2369],"_links":{"self":[{"href":"https:\/\/www.infokuryr.cz\/n\/wp-json\/wp\/v2\/posts\/15606"}],"collection":[{"href":"https:\/\/www.infokuryr.cz\/n\/wp-json\/wp\/v2\/posts"}],"about":[{"href":"https:\/\/www.infokuryr.cz\/n\/wp-json\/wp\/v2\/types\/post"}],"author":[{"embeddable":true,"href":"https:\/\/www.infokuryr.cz\/n\/wp-json\/wp\/v2\/users\/2"}],"replies":[{"embeddable":true,"href":"https:\/\/www.infokuryr.cz\/n\/wp-json\/wp\/v2\/comments?post=15606"}],"version-history":[{"count":0,"href":"https:\/\/www.infokuryr.cz\/n\/wp-json\/wp\/v2\/posts\/15606\/revisions"}],"wp:featuredmedia":[{"embeddable":true,"href":"https:\/\/www.infokuryr.cz\/n\/wp-json\/wp\/v2\/media\/11111"}],"wp:attachment":[{"href":"https:\/\/www.infokuryr.cz\/n\/wp-json\/wp\/v2\/media?parent=15606"}],"wp:term":[{"taxonomy":"category","embeddable":true,"href":"https:\/\/www.infokuryr.cz\/n\/wp-json\/wp\/v2\/categories?post=15606"},{"taxonomy":"post_tag","embeddable":true,"href":"https:\/\/www.infokuryr.cz\/n\/wp-json\/wp\/v2\/tags?post=15606"}],"curies":[{"name":"wp","href":"https:\/\/api.w.org\/{rel}","templated":true}]}}