{"id":15604,"date":"2022-09-25T01:05:54","date_gmt":"2022-09-24T23:05:54","guid":{"rendered":"http:\/\/www.infokuryr.cz\/n\/?p=15604"},"modified":"2022-09-24T17:01:25","modified_gmt":"2022-09-24T15:01:25","slug":"biden-rozzlobil-americany-kdyz-se-priznal-ke-znamosti-s-dvanactiletou-divkou","status":"publish","type":"post","link":"https:\/\/www.infokuryr.cz\/n\/2022\/09\/25\/biden-rozzlobil-americany-kdyz-se-priznal-ke-znamosti-s-dvanactiletou-divkou\/","title":{"rendered":"Biden rozzlobil Ameri\u010dany, kdy\u017e se p\u0159iznal ke zn\u00e1mosti s dvan\u00e1ctiletou d\u00edvkou"},"content":{"rendered":"<div id=\"fb-root\"><\/div>\n<p><strong>Prezident USA Joe Biden na sch\u016fzce s u\u010diteli promluvil o tom, \u017ee se sezn\u00e1mil s dvan\u00e1ctiletou d\u00edvkou, kdy\u017e mu bylo 30 let, a vyvolal t\u00edm kritiku ze strany zn\u00e1m\u00fdch americk\u00fdch konzervativc\u016f.<\/strong><\/p>\n<p>Biden p\u0159eru\u0161il sv\u016fj projev o zm\u011bn\u011b klimatu, kdy\u017e zahl\u00e9dl v davu zn\u00e1mou \u017eenu, a \u0159ekl, \u017ee by ho m\u011bla pozdravit.<\/p>\n<p>\u201eJsme u\u017e velmi d\u00e1vno spolu. Bylo j\u00ed tehdy 12 a mn\u011b 30 let,\u201c vysv\u011btlil p\u0159\u00edtomn\u00fdm.<\/p>\n<p>Neuvedl charakter vztahu mezi dosp\u011bl\u00fdm mu\u017eem a nezletilou d\u00edvkou, podotkl v\u0161ak, \u017ee mu \u201epomohla ud\u011blat velmi mnoho\u201c. Div\u00e1ci v s\u00e1le uv\u00edtali tato slova p\u00e1na B\u00edl\u00e9ho domu sm\u00edchem.<\/p>\n<p>Mnoz\u00ed zn\u00e1m\u00ed Ameri\u010dan\u00e9 s konzervativn\u00edmi n\u00e1zory v\u0161ak Bidena zkritizovali.<\/p>\n<p>Mezi t\u011bmi, kdo pouk\u00e1zali na nejednozna\u010dnost podobn\u00e9ho chov\u00e1n\u00ed, byli moder\u00e1torka Monica Crowleyov\u00e1, producent Tim Graham, poradce sen\u00e1tora Teda Cruze Steve Guest, korespondentka The New York Post Miranda Devineov\u00e1, herec Nick Searcy a novin\u00e1\u0159 Kyle Becker. Vyj\u00e1d\u0159ili rozpaky nad Bidenov\u00fdm p\u0159izn\u00e1n\u00edm a ozna\u010dili jeho chov\u00e1n\u00ed za nenorm\u00e1ln\u00ed.<\/p>\n<p><img decoding=\"async\" loading=\"lazy\" class=\"alignnone size-full wp-image-1185\" src=\"http:\/\/www.infokuryr.cz\/n\/wp-content\/uploads\/2021\/04\/kuryr-podpis.png\" alt=\"\" width=\"84\" height=\"24\" \/><\/p>\n<p>&nbsp;<\/p>\n","protected":false},"excerpt":{"rendered":"<p>Prezident USA Joe Biden na sch\u016fzce s u\u010diteli promluvil o tom, \u017ee se sezn\u00e1mil s&#8230;<\/p>\n","protected":false},"author":2,"featured_media":9692,"comment_status":"closed","ping_status":"closed","sticky":false,"template":"","format":"standard","meta":[],"categories":[7],"tags":[72,245,777,3406],"_links":{"self":[{"href":"https:\/\/www.infokuryr.cz\/n\/wp-json\/wp\/v2\/posts\/15604"}],"collection":[{"href":"https:\/\/www.infokuryr.cz\/n\/wp-json\/wp\/v2\/posts"}],"about":[{"href":"https:\/\/www.infokuryr.cz\/n\/wp-json\/wp\/v2\/types\/post"}],"author":[{"embeddable":true,"href":"https:\/\/www.infokuryr.cz\/n\/wp-json\/wp\/v2\/users\/2"}],"replies":[{"embeddable":true,"href":"https:\/\/www.infokuryr.cz\/n\/wp-json\/wp\/v2\/comments?post=15604"}],"version-history":[{"count":0,"href":"https:\/\/www.infokuryr.cz\/n\/wp-json\/wp\/v2\/posts\/15604\/revisions"}],"wp:featuredmedia":[{"embeddable":true,"href":"https:\/\/www.infokuryr.cz\/n\/wp-json\/wp\/v2\/media\/9692"}],"wp:attachment":[{"href":"https:\/\/www.infokuryr.cz\/n\/wp-json\/wp\/v2\/media?parent=15604"}],"wp:term":[{"taxonomy":"category","embeddable":true,"href":"https:\/\/www.infokuryr.cz\/n\/wp-json\/wp\/v2\/categories?post=15604"},{"taxonomy":"post_tag","embeddable":true,"href":"https:\/\/www.infokuryr.cz\/n\/wp-json\/wp\/v2\/tags?post=15604"}],"curies":[{"name":"wp","href":"https:\/\/api.w.org\/{rel}","templated":true}]}}